{"id":33822,"date":"2021-03-29T11:39:52","date_gmt":"2021-03-29T17:39:52","guid":{"rendered":"https:\/\/redsemlac.com\/semmexico\/?p=33822"},"modified":"2023-07-21T16:57:15","modified_gmt":"2023-07-21T21:57:15","slug":"emmanuel-macron-llamo-a-escuchar-a-las-jovenes-a-dar-libertad-a-sus-cuerpos-a-continuar-trabajando-fundamentalmente-con-la-sociedad-civil-fuente-del-feminismo","status":"publish","type":"post","link":"https:\/\/redsemlac.com\/semmexico\/emmanuel-macron-llamo-a-escuchar-a-las-jovenes-a-dar-libertad-a-sus-cuerpos-a-continuar-trabajando-fundamentalmente-con-la-sociedad-civil-fuente-del-feminismo\/","title":{"rendered":"Emmanuel Macron, llam\u00f3 a escuchar a las j\u00f3venes, a dar libertad a sus cuerpos, a continuar trabajando, fundamentalmente con la sociedad civil fuente del feminismo"},"content":{"rendered":"\n<ul class=\"wp-block-list\"><li><strong>Advirti\u00f3 que &nbsp;no hay&nbsp; justificaci\u00f3n, religiosa o cultural, que ponga en duda las demandas de las feministas y ante la crisis sin una acci\u00f3n decidida, habr\u00e1 &nbsp;en un aumento de las desigualdades<\/strong><\/li><li><strong>Reconoci\u00f3 que por la diplomacia feminista se lleg\u00f3 a esta reuni\u00f3n, la del Foro Generaci\u00f3n Igualdad, y anunci\u00f3 que en Francia se lanzar\u00e1 \u201cPlan global de aceleraci\u00f3n por la igualdad entre hombres y mujeres\u201d<\/strong><\/li><\/ul>\n\n\n\n<p class=\"wp-block-paragraph\"><strong>Libertad L\u00f3pez<\/strong><\/p>\n\n\n\n<p class=\"wp-block-paragraph\">SemM\u00e9xico. Cd. de M\u00e9xico. 29 de marzo 2021.- El presidente de Francia, Emmanuel Macron advirti\u00f3 esta ma\u00f1ana que es momento de reafirmar,\u00a0 alto y claro,\u00a0 que los derechos de la mujer son derechos humanos, derechos universales. Que ning\u00fan relativismo, ninguna justificaci\u00f3n, religiosa o cultural, cualquiera que sea, puede limitarnos ponerlos en duda, revertirlos o llevar a aceptar el cese de una lucha por logra m\u00e1s derechos<\/p>\n\n\n\n<p class=\"wp-block-paragraph\">Por ello dijo \u00bfPor qu\u00e9 un Foro Generaci\u00f3n Igualdad? , en su intervenci\u00f3n, vista y o\u00edda esta ma\u00f1ana en Palacio Nacional y reiter\u00f3, los de las mujeres son&nbsp; derechos&nbsp; inalienables, intangibles, y que la igualdad entre hombres y mujeres no es negociable ni en funci\u00f3n del contexto ni de la \u00e9poca.<\/p>\n\n\n\n<p class=\"wp-block-paragraph\">Agreg\u00f3 que veinticinco a\u00f1os despu\u00e9s de la Conferencia de Pek\u00edn, no nos queda m\u00e1s que constatar no solo que ning\u00fan pa\u00eds del mundo ha logrado todav\u00eda la plena igualdad entre hombres y mujeres, a pesar de los esfuerzos y los avances colectivos, sino que, adem\u00e1s en 2021, debemos seguir defendiendo, lamentablemente, el car\u00e1cter universal de los derechos de la mujer.<\/p>\n\n\n\n<p class=\"wp-block-paragraph\">Y es que, dijo fuerte, &nbsp;en algunas regiones, &#8211; o Estados- se est\u00e1 retrocediendo, se cuestiona de nuevo o se sufren reveses en este sentido, como si hablara a M\u00e9xico.<\/p>\n\n\n\n<p class=\"wp-block-paragraph\">Explic\u00f3 que congregados primero en M\u00e9xico y luego en Par\u00eds, nuestro mensaje es el siguiente: \u201cnada, ninguna ideolog\u00eda, ning\u00fan particularismo puede poner en tela de juicio el principio de igualdad. Ninguna crisis, ning\u00fan obst\u00e1culo debe entorpecer nuestra lucha para que todas las mujeres del mundo puedan disfrutar plenamente de sus derechos\u201d.<\/p>\n\n\n\n<p class=\"wp-block-paragraph\">La crisis de la COVID19 nos ha afectado a todos y nos ha recordado la persistencia de la violencia que sufren las mujeres: esa \u201cpandemia en la sombra\u201d, alimentada por la situaci\u00f3n de confinamiento.<\/p>\n\n\n\n<p class=\"wp-block-paragraph\">Sigui\u00f3: La crisis nos ha recordado tambi\u00e9n las desigualdades econ\u00f3micas y sociales que sufren, sobre todo, las mujeres en el mundo. Adem\u00e1s, nos ha ense\u00f1ado como en otras crisis anteriores, que los logros conseguidos con tanto esfuerzo en materia de derechos de la mujer siguen siendo fr\u00e1giles y pueden ser brutalmente cuestionados. Cuando la adversidad nos ha golpeado, hemos comprobado que las mujeres han estado en primera l\u00ednea, pero no han recibido el reconocimiento, simb\u00f3lico y material, que merecen.<\/p>\n\n\n\n<figure class=\"wp-block-video\"><video height=\"352\" style=\"aspect-ratio: 640 \/ 352;\" width=\"640\" controls src=\"https:\/\/redsemlac.com\/semmexico\/wp-content\/uploads\/2021\/03\/WhatsApp-Video-2021-03-29-at-11.21.34-AM.mp4\"><\/video><\/figure>\n\n\n\n<p class=\"wp-block-paragraph\">Sabemos que, sin una acci\u00f3n decidida, la crisis actual podr\u00eda traducirse en un aumento de las desigualdades, con millones de ni\u00f1as m\u00e1s sin escolarizar y millones de mujeres sin acceso a la planificaci\u00f3n familiar.&nbsp; Tambi\u00e9n con millones de mujeres cayendo en la pobreza en ocasiones en la hambruna, porque est\u00e1n sobrerrepresentadas en la econom\u00eda informal, que es la que se ha visto m\u00e1s afectada por la pandemia y sus consecuencias.<\/p>\n\n\n\n<p class=\"wp-block-paragraph\">Son &nbsp;estos desaf\u00edos a los que se debe &nbsp;dar respuesta. El FGI debe ser sobre todo, una oportunidad para reforzar nuestra acci\u00f3n destinada a promover el acceso de las ni\u00f1as a la educaci\u00f3n, a permitir que las mujeres decidan libremente sobre sus cuerpos y a expresar nuestra determinaci\u00f3n de apoyar a las mujeres defensoras de los derechos que, en ocasiones arriesgando su libertad y su vida, luchan sin rendirse por esos derechos y por su dignidad.<\/p>\n\n\n\n<p class=\"wp-block-paragraph\">Tanto en M\u00e9xico como en Par\u00eds podremos contar con la movilizaci\u00f3n colectiva de los gobiernos, pero tambi\u00e9n de la sociedad civil, las empresas, el sector privado, las fundaciones filantr\u00f3picas y las organizaciones internacionales. Y quiero aqu\u00ed rendir homenaje al compromiso de todos estos interlocutores que, reunidos en coaliciones para la acci\u00f3n construyen un multilateralismo renovado a trav\u00e9s de sus actos.<\/p>\n\n\n\n<p class=\"wp-block-paragraph\">Luego, al final, reafirm\u00f3 que&nbsp; habla para trasmitir&nbsp; que &nbsp;hoy habl\u00f3 para unirse a los&nbsp; esfuerzos, los debates y las &nbsp;acciones. Invit\u00f3 a la &nbsp;cita en Par\u00eds para proseguir la acci\u00f3n conjunta. Y remat\u00f3: \u201cDaremos voz a aquellas que a diario abanderan estas luchas con valent\u00eda. Escucharemos a nuestra juventud y estaremos atentos a sus aspiraciones por la igualdad. Lanzaremos el \u201cPlan global de aceleraci\u00f3n por la igualdad entre hombre y mujeres\u201d, con el fin de generar el impulso que permita a la \u201cGeneraci\u00f3n Igualdad \u201credoblar nuestros esfuerzos colectivos en los siguiente 25 a\u00f1os y m\u00e1s all\u00e1.<\/p>\n","protected":false},"excerpt":{"rendered":"<p>Advirti\u00f3 que  no hay  justificaci\u00f3n, religiosa o cultural, que ponga en duda las demandas de las feministas y ante la crisis sin una acci\u00f3n decidida, habr\u00e1  en un aumento de las desigualdades<\/p>\n","protected":false},"author":3,"featured_media":33824,"comment_status":"open","ping_status":"open","sticky":false,"template":"","format":"standard","meta":{"_monsterinsights_skip_tracking":false,"footnotes":""},"categories":[692,51],"tags":[],"class_list":["post-33822","post","type-post","status-publish","format-standard","has-post-thumbnail","category-692","category-ejecutivo"],"_links":{"self":[{"href":"https:\/\/redsemlac.com\/semmexico\/wp-json\/wp\/v2\/posts\/33822","targetHints":{"allow":["GET"]}}],"collection":[{"href":"https:\/\/redsemlac.com\/semmexico\/wp-json\/wp\/v2\/posts"}],"about":[{"href":"https:\/\/redsemlac.com\/semmexico\/wp-json\/wp\/v2\/types\/post"}],"author":[{"embeddable":true,"href":"https:\/\/redsemlac.com\/semmexico\/wp-json\/wp\/v2\/users\/3"}],"replies":[{"embeddable":true,"href":"https:\/\/redsemlac.com\/semmexico\/wp-json\/wp\/v2\/comments?post=33822"}],"version-history":[{"count":0,"href":"https:\/\/redsemlac.com\/semmexico\/wp-json\/wp\/v2\/posts\/33822\/revisions"}],"wp:featuredmedia":[{"embeddable":true,"href":"https:\/\/redsemlac.com\/semmexico\/wp-json\/wp\/v2\/media\/33824"}],"wp:attachment":[{"href":"https:\/\/redsemlac.com\/semmexico\/wp-json\/wp\/v2\/media?parent=33822"}],"wp:term":[{"taxonomy":"category","embeddable":true,"href":"https:\/\/redsemlac.com\/semmexico\/wp-json\/wp\/v2\/categories?post=33822"},{"taxonomy":"post_tag","embeddable":true,"href":"https:\/\/redsemlac.com\/semmexico\/wp-json\/wp\/v2\/tags?post=33822"}],"curies":[{"name":"wp","href":"https:\/\/api.w.org\/{rel}","templated":true}]}}