{"id":33809,"date":"2021-03-29T10:47:43","date_gmt":"2021-03-29T16:47:43","guid":{"rendered":"https:\/\/redsemlac.com\/semmexico\/?p=33809"},"modified":"2023-07-21T16:57:16","modified_gmt":"2023-07-21T21:57:16","slug":"a-10-anos-del-surgimiento-del-movimiento-por-la-paz-con-justicia-y-dignidad-javier-sicilia-llamo-al-movimiento-feminista-a-convocar-a-una-nueva-rebelion-de-victimas","status":"publish","type":"post","link":"https:\/\/redsemlac.com\/semmexico\/a-10-anos-del-surgimiento-del-movimiento-por-la-paz-con-justicia-y-dignidad-javier-sicilia-llamo-al-movimiento-feminista-a-convocar-a-una-nueva-rebelion-de-victimas\/","title":{"rendered":"A 10 a\u00f1os del surgimiento del Movimiento por la Paz con Justicia y Dignidad Javier Sicilia llam\u00f3 al movimiento feminista a convocar a una nueva rebeli\u00f3n de victimas"},"content":{"rendered":"\n<ul class=\"wp-block-list\"><li><strong>\u00abTodo sigue igual, sea con Felipe Calder\u00f3n, Pe\u00f1a Nieto o AMLO\u00bb dijo<\/strong><\/li><\/ul>\n\n\n\n<ul class=\"wp-block-list\"><li><strong>El dolor por Morelos y por el pa\u00eds, en tiempos de revisi\u00f3n de la condici\u00f3n femenina<\/strong><strong><\/strong><\/li><\/ul>\n\n\n\n<p class=\"wp-block-paragraph\"><strong>Estrella Pedroza&nbsp;<\/strong><\/p>\n\n\n\n<p class=\"wp-block-paragraph\">SemM\u00e9xico, Cuernavaca, Morelos, 29 de marzo, 2021.- A 10 a\u00f1os del surgimiento del Movimiento por la Paz con Justicia y Dignidad (MPJYD) &nbsp;con el que se reclama &nbsp;justicia para las v\u00edctimas de la violencia y la inseguridad que se vive en M\u00e9xico; \u00abtodo sigue igual&#8230; sin importar &nbsp;si es PAN, PRI o Morena\u00bb, sostuvo Javier Sicilia, escritor y poeta; tras llamar &nbsp;al movimiento feminista a convocar a &nbsp;nueva rebeli\u00f3n de victimas que exija una justicia transicional.&nbsp;<\/p>\n\n\n\n<p class=\"wp-block-paragraph\">\u00abNing\u00fan partido ha hecho esa limpieza y la pregunta, en v\u00edspera de las elecciones de junio, sigue siendo tan vigente como hace 10 a\u00f1os: \u201c\u00bfPor qu\u00e9 cartel y por qu\u00e9 poder f\u00e1ctico tendremos que votar?\u201d. Ll\u00e1mese PRI, PAN, PRD, PT, Verde, &nbsp;PES, MC, Morena\u2026 Ll\u00e1mese Felipe Calder\u00f3n, Enrique Pe\u00f1a Nieto o Andr\u00e9s Manuel L\u00f3pez Obrador, todos, gobiernos y partidos, han estado del lado de los victimarios y nunca de las v\u00edctimas\u00bb, reproch\u00f3.&nbsp;<\/p>\n\n\n\n<p class=\"wp-block-paragraph\">Lo anterior, durante un acto conmemorativo &nbsp;frente al Memorial de V\u00edctimas, colocado desde el marzo del 2012 en la entrada principal del Palacio de Gobierno (sede oficial del Poder Ejecutivo), &nbsp;tras el multi homicidio en el que una de las v\u00edctimas fue su hijo Juan Francisco Sicilia. &nbsp;&nbsp;<\/p>\n\n\n\n<p class=\"wp-block-paragraph\">Agreg\u00f3: \u00abUnos y otros, en complicidad con grupos criminales y poderes f\u00e1cticos en turno, han convertido al pa\u00eds en una inmensa fosa clandestina, llena de destazados, mujeres violadas, &nbsp;redes de trata, ni\u00f1as, ni\u00f1os y adolescentes masacrados; unos y otros han privilegiado &nbsp;las redes de macrocriminalidad que tienen vejada y secuestrada a la naci\u00f3n\u00bb.<\/p>\n\n\n\n<p class=\"wp-block-paragraph\">El l\u00edder del MPJyD&nbsp;destac\u00f3 que&nbsp;&nbsp;\u00aben estas condiciones la democracia es s\u00f3lo un simulacro y las urnas, que nos aguardan el 6 de junio, un s\u00edmbolo del horror y de la sangre que legitima a delincuentes como Salgado Macedonio en Guerrero o Ricardo Gallardo en San Luis Potos\u00ed, por nombrar s\u00f3lo a los m\u00e1s representativos de esta realidad\u00bb.<\/p>\n\n\n\n<p class=\"wp-block-paragraph\">Y record\u00f3 que hace 10 a\u00f1os, cuando &nbsp; el MPJD apareci\u00f3, hab\u00eda 40 mil asesinados (mujeres y hombres), 10 mil desaparecidos (mujeres y hombres) y un mont\u00f3n de fosas clandestinas todav\u00eda sin descubrir. Hoy hay m\u00e1s de 300 mil asesinados, m\u00e1s de 84 mil desaparecidos, m\u00e1s de 4 mil fosas clandestinas y m\u00e1s de 39 mil cuerpos en los Semefos sin identificar.<\/p>\n\n\n\n<p class=\"wp-block-paragraph\">&nbsp;\u00abS\u00f3lo en los dos a\u00f1os y tres meses del gobierno de Andr\u00e9s Manuel L\u00f3pez Obrador ha habido m\u00e1s de 70 mil asesinados. Seg\u00fan datos de Causa en Com\u00fan, en los tres primeros meses de 2021 ha habido 865 actos atroces, que involucran a 963 v\u00edctimas. De ellos, 158 son actos de tortura, 114 de descuartizamiento y destrucci\u00f3n de cuerpos, 86 masacres, 72 asesinatos de ni\u00f1as, ni\u00f1os y adolescentes y 115 fosas clandestinas\u00bb.<\/p>\n\n\n\n<p class=\"wp-block-paragraph\">Reproch\u00f3 que \u00abal igual que para Calder\u00f3n y Pe\u00f1a Nieto, para L\u00f3pez Obrador \u2013un hombre que cabe perfectamente en el mismo saco al cual dice no pertenecer\u2013, las v\u00edctimas no existen. Son seres siniestros que representan el pasado y hay que ignorar, despreciar, criminalizar, desaparecer en las fosas del olvido, en nombre de una transformaci\u00f3n intoxicada de muerte y odio\u00bb.<\/p>\n\n\n\n<p class=\"wp-block-paragraph\">&nbsp;Para Javier Sicilia, \u00abla \u00fanica diferencia de este gobierno, autodenominado &nbsp;la Cuarta Transformaci\u00f3n, con los gobiernos anteriores \u00abes que con Andr\u00e9s Manuel ya no hay pretexto para no verlo. Su ascenso al poder naci\u00f3 de la \u00faltima esperanza de un pueblo sometido al crimen y al saqueo de las partidocracias, las organizaciones criminales y los poderes f\u00e1cticos, una esperanza que \u00e9l mismo se ha encargado de traicionar\u00bb.<\/p>\n\n\n\n<p class=\"wp-block-paragraph\">Acompa\u00f1ado de colectivos de v\u00edctimas de Morelos y de la familia LeBar\u00f3n (entre ellos, Juli\u00e1n y Adri\u00e1n), el poeta urgi\u00f3 a \u00bb descapturar al Estado de las redes de macrocriminalidad; urge aplicar una pol\u00edtica de Estado basada en la Justicia Transicional (&#8230;) &nbsp;Ella no vendr\u00e1 del Estado ni de los paridos ni de los gobiernos. Quien la prometi\u00f3, la sepult\u00f3 en las fosas y las urnas de la ignominia\u00bb.&nbsp;<\/p>\n\n\n\n<p class=\"wp-block-paragraph\">La transformaci\u00f3n genuina y leg\u00edtima \u00abvendr\u00e1, como no han dejado de repetir los zapatistas, de abajo, de las m\u00e1rgenes, de las resistencias, de la unidad de una naci\u00f3n rota. A 10 a\u00f1os del MPJD, a 27 &nbsp;del levantamiento zapatista, a unos d\u00edas del 8M, urge una nueva rebeli\u00f3n de todas las v\u00edctimas\u00bb.<\/p>\n\n\n\n<p class=\"wp-block-paragraph\">El activista destac\u00f3 que ahora la batuta est\u00e1 en el movimiento feminista:<\/p>\n\n\n\n<p class=\"wp-block-paragraph\">&nbsp;\u00abQuiz\u00e1s el movimiento feminista, que ha tomado la &nbsp;punta de lanza en la resistencia, pueda convocarla. Quiz\u00e1 pueda congregar a varios pilares de la dignidad que resistimos ante el poder pol\u00edtico-criminal: los familiares de v\u00edctimas de la guerra que exigimos justicia, los pueblos originarios que defienden la vida y el territorio, las universidades, las organizaciones de derechos humanos, los intelectuales, los artistas, los cient\u00edficos. Quiz\u00e1. En todo caso, surge frente a la inhumanidad de un Estado que perdi\u00f3 el rumbo y se ha desmoronado\u00bb.&nbsp;<\/p>\n\n\n\n<p class=\"wp-block-paragraph\">Y cerr\u00f3 con la expresi\u00f3n \u00abseguimos estando hasta la madre\u00bb.<\/p>\n\n\n\n<p class=\"wp-block-paragraph\">Los colectivos de v\u00edctimas, en voz de Adri\u00e1n LeBar\u00f3n llamaron a las y los mexicanos a reflexionar la manera de elegir a sus gobernantes.&nbsp;<\/p>\n","protected":false},"excerpt":{"rendered":"<p>\u00abTodo sigue igual, sea con Felipe Calder\u00f3n, Pe\u00f1a Nieto o AMLO\u00bb dijo<\/p>\n","protected":false},"author":3,"featured_media":33810,"comment_status":"open","ping_status":"open","sticky":false,"template":"","format":"standard","meta":{"_monsterinsights_skip_tracking":false,"footnotes":""},"categories":[692,47,48],"tags":[],"class_list":["post-33809","post","type-post","status-publish","format-standard","has-post-thumbnail","category-692","category-no-mas-impunidad","category-no-mas-impunidad-no-mas-impunidad"],"_links":{"self":[{"href":"https:\/\/redsemlac.com\/semmexico\/wp-json\/wp\/v2\/posts\/33809","targetHints":{"allow":["GET"]}}],"collection":[{"href":"https:\/\/redsemlac.com\/semmexico\/wp-json\/wp\/v2\/posts"}],"about":[{"href":"https:\/\/redsemlac.com\/semmexico\/wp-json\/wp\/v2\/types\/post"}],"author":[{"embeddable":true,"href":"https:\/\/redsemlac.com\/semmexico\/wp-json\/wp\/v2\/users\/3"}],"replies":[{"embeddable":true,"href":"https:\/\/redsemlac.com\/semmexico\/wp-json\/wp\/v2\/comments?post=33809"}],"version-history":[{"count":0,"href":"https:\/\/redsemlac.com\/semmexico\/wp-json\/wp\/v2\/posts\/33809\/revisions"}],"wp:featuredmedia":[{"embeddable":true,"href":"https:\/\/redsemlac.com\/semmexico\/wp-json\/wp\/v2\/media\/33810"}],"wp:attachment":[{"href":"https:\/\/redsemlac.com\/semmexico\/wp-json\/wp\/v2\/media?parent=33809"}],"wp:term":[{"taxonomy":"category","embeddable":true,"href":"https:\/\/redsemlac.com\/semmexico\/wp-json\/wp\/v2\/categories?post=33809"},{"taxonomy":"post_tag","embeddable":true,"href":"https:\/\/redsemlac.com\/semmexico\/wp-json\/wp\/v2\/tags?post=33809"}],"curies":[{"name":"wp","href":"https:\/\/api.w.org\/{rel}","templated":true}]}}