{"id":33771,"date":"2021-03-28T18:56:48","date_gmt":"2021-03-29T00:56:48","guid":{"rendered":"https:\/\/redsemlac.com\/semmexico\/?p=33771"},"modified":"2023-07-21T16:54:40","modified_gmt":"2023-07-21T21:54:40","slug":"hoy-inicia-el-foro-generacion-igualdad-para-crear-nueva-agenda-feminista","status":"publish","type":"post","link":"https:\/\/redsemlac.com\/semmexico\/hoy-inicia-el-foro-generacion-igualdad-para-crear-nueva-agenda-feminista\/","title":{"rendered":"Hoy inicia el Foro Generaci\u00f3n Igualdad para crear nueva agenda feminista"},"content":{"rendered":"\n<figure class=\"wp-block-image size-large\"><a href=\"https:\/\/redsemlac.com\/semmexico\/2021-lo-mas-destacado\/\" target=\"_blank\" rel=\"https:\/\/redsemlac.com\/semmexico\/2021-lo-mas-destacado\/ noopener\"><img decoding=\"async\" src=\"https:\/\/redsemlac.com\/semmexico\/wp-content\/uploads\/2021\/12\/DESTACADO-BANNER-1024x164.png\" alt=\"\" class=\"wp-image-43481\"\/><\/a><\/figure>\n\n\n\n<ul class=\"wp-block-list\"><li><strong>Organizaciones civiles llamadas por el gobierno hicieron propuestas<\/strong><\/li><\/ul>\n\n\n\n<ul class=\"wp-block-list\"><li><strong>La Secretar\u00eda de Gobernaci\u00f3n lidera su transmisi\u00f3n, grupos llamados por el gobierno asisten y proponen<\/strong><\/li><\/ul>\n\n\n\n<p class=\"wp-block-paragraph\"><strong>Libertad L\u00f3pez<\/strong><\/p>\n\n\n\n<p class=\"wp-block-paragraph\">SemM\u00e9xico, Cd. de M\u00e9xico, 28 de marzo, 2021.- Este lunes inicia el <a href=\"https:\/\/forum.generationequality.org\/es\">Foro Generaci\u00f3n Igualdad<\/a>&nbsp;que es una reuni\u00f3n mundial en favor de la igualdad de g\u00e9nero y centrada en la sociedad civil, a la que convoca ONU Mujeres y que organizan conjuntamente los Gobiernos de M\u00e9xico y Francia.&nbsp; El anuncio en M\u00e9xico lo confirm\u00f3 hace d\u00edas la Secretar\u00eda de Relaciones Exteriores.<\/p>\n\n\n\n<p class=\"wp-block-paragraph\">Este foro se realizar\u00e1 a distancia, inaugurado en&nbsp; la Ciudad de M\u00e9xico&nbsp; y culminar\u00e1 en Paris. Este forjo&nbsp; presentar\u00e1 un conjunto de acciones concretas, ambiciosas y transformadoras para lograr un efecto inmediato e irreversible en favor de la igualdad de g\u00e9nero, dicen.<\/p>\n\n\n\n<p class=\"wp-block-paragraph\">El a\u00f1o 2020 marc\u00f3 un hito porque se celebr\u00f3 la puesta en marcha de &nbsp;los compromisos mundiales con la igualdad de g\u00e9nero acordados hace &nbsp;25 a\u00f1os durante &nbsp;la&nbsp;<a href=\"https:\/\/www.un.org\/womenwatch\/daw\/beijing\/fwcwn.html\">Cuarta Conferencia Mundial sobre la Mujer<\/a>&nbsp;y la adopci\u00f3n de su resoluci\u00f3n conocida como &nbsp;la&nbsp;<a href=\"https:\/\/www.unwomen.org\/es\/digital-library\/publications\/2015\/01\/beijing-declaration\">Declaraci\u00f3n y Plataforma de Acci\u00f3n de Beijing<\/a>&nbsp; un programa visionario, pero no vinculante, que sin embargo, se consider\u00f3 como el camino para derribar las barreras sist\u00e9micas que impiden la participaci\u00f3n de las mujeres en pie de igualdad en todos los \u00e1mbitos de la vida, ya sean p\u00fablicos o privados.<\/p>\n\n\n\n<p class=\"wp-block-paragraph\">La Secretar\u00eda de Relaciones Exteriores y el Instituto Nacional de las Mujeres informaron que el &nbsp;Foro Generaci\u00f3n Igualdad, que debi\u00f3 realizarse el a\u00f1o pasado, fue &nbsp;pospuesto por la crisis de la pandemia de COVID-19. Inicia este &nbsp;29 de marzo y termina el d\u00eda&nbsp; 31 de marzo.<\/p>\n\n\n\n<p class=\"wp-block-paragraph\">Sucede en el marco de la 74\u00aa Asamblea de Naciones Unidas, donde los Gobiernos de M\u00e9xico y Francia anunciaron su intenci\u00f3n de realizar el Foro Generaci\u00f3n Igualdad en 2020; un proceso mundial convocado por ONU Mujeres, bajo el liderazgo de la sociedad civil, en favor de la igualdad de g\u00e9nero. Sin embargo, derivado de la emergencia sanitaria mundial, se tom\u00f3 la decisi\u00f3n de posponer las reuniones que se ten\u00edan contempladas en ambos pa\u00edses.<\/p>\n\n\n\n<p class=\"wp-block-paragraph\">El Foro representa la oportunidad de acelerar, 25 a\u00f1os despu\u00e9s,&nbsp; lo que acordaron los gobiernos en &nbsp;Beijing. Las autoridades mexicanas asumen que esta declaraci\u00f3n &nbsp;constituye la hoja de ruta m\u00e1s completa para lograr la igualdad de g\u00e9nero y el empoderamiento de las mujeres y ni\u00f1as en los pr\u00f3ximos a\u00f1os, en cumplimiento de la Agenda 2030 para el desarrollo sustentable.<\/p>\n\n\n\n<p class=\"wp-block-paragraph\">A trav\u00e9s del proceso del Foro se persiguen tres objetivos. El primero implica la creaci\u00f3n de una hoja de ruta compartida para el progreso hacia la igualdad de g\u00e9nero, revitalizando los esfuerzos de los grupos feministas desde la adopci\u00f3n de la Declaraci\u00f3n de Beijing. Se espera que, por medio del di\u00e1logo y la colaboraci\u00f3n incluyente, se fomente un movimiento convincente y fortalecido por la igualdad de g\u00e9nero. El segundo se refiere al lanzamiento de las Coaliciones de Acci\u00f3n que se basan en el principio de solidaridad entre Estados, sociedad civil, organismos internacionales y el sector privado. El tercer objetivo es establecer, desde M\u00e9xico, un Grupo de Amigos por la Igualdad de G\u00e9nero con la finalidad de crear una red informal que apoye las iniciativas internacionales relacionadas con el avance de la igualdad de g\u00e9nero.<\/p>\n\n\n\n<p class=\"wp-block-paragraph\">Relaciones Exteriores, reitera que el &nbsp;Foro se enmarca en la \u201cpol\u00edtica exterior feminista del Gobierno de M\u00e9xico\u201d, afirmaci\u00f3n cuestionada, pero se\u00f1ala que es un compromiso gubernamental cumplir &nbsp;la igualdad de g\u00e9nero, ya establecida en la Constituci\u00f3n, o sea se trata ahora de un derecho y no s\u00f3lo sumarse a la &nbsp;adopci\u00f3n de la Plataforma de Acci\u00f3n de Beijing. No ha informado el gobierno c\u00f3mo lo har\u00e1.<\/p>\n\n\n\n<p class=\"wp-block-paragraph\">Con objeto de salvaguardar la salud de las y los asistentes, as\u00ed como de alentar la participaci\u00f3n amplia y diversa, el formato del Foro tendr\u00e1 en consideraci\u00f3n la situaci\u00f3n sanitaria que impere en dichas fechas. Ser\u00e1 virtual, por tanto.<\/p>\n\n\n\n<p class=\"wp-block-paragraph\">El Gobierno de M\u00e9xico en bolet\u00edn, reiter\u00f3 su compromiso con los derechos de las mujeres y ni\u00f1as, especialmente, ante el impacto que ha tenido en sus vidas la pandemia mundial de COVID-19, lo que hace que los objetivos del Foro sean m\u00e1s relevantes que nunca y con los que se planea dar un impulso renovado a la agenda por la igualdad de g\u00e9nero.<\/p>\n\n\n\n<p class=\"wp-block-paragraph\">M\u00e1s informaci\u00f3n en:&nbsp;<a href=\"http:\/\/forogeneracionigualdad.mx\/\" target=\"_blank\" rel=\"noreferrer noopener\">http:\/\/forogeneracionigualdad.mx\/<\/a>.<\/p>\n\n\n\n<h2 class=\"wp-block-heading\"><strong>Ning\u00fan pa\u00eds ha cumplido<\/strong><\/h2>\n\n\n\n<p class=\"wp-block-paragraph\">Naciones Unidas reconoce que pese a los compromisos asumidos en Beijing de adoptar medidas estrat\u00e9gicas y decisivas en 12 esferas de especial preocupaci\u00f3n, y si bien cierto progreso ha sido alcanzado en estas esferas, hasta ahora ning\u00fan pa\u00eds ha logrado la igualdad de g\u00e9nero.<\/p>\n\n\n\n<p class=\"wp-block-paragraph\">Se\u00f1ala que la conmemoraci\u00f3n del 25\u00ba aniversario de la Plataforma de Acci\u00f3n de Beijing \u201ces un punto de partida para lograr, finalmente, los derechos humanos de todas las mujeres y las ni\u00f1as. En este sentido, ser\u00e1 un momento para la movilizaci\u00f3n mundial\u201d.<\/p>\n\n\n\n<p class=\"wp-block-paragraph\">El Foro Generaci\u00f3n Igualdad es un momento clave en esta movilizaci\u00f3n. En M\u00e9xico, no obstante, se constituy\u00f3 un grupo \u201casesor\u201d que no abarca a todos los grupos civiles, que han estado marginados en los \u00faltimos 2 a\u00f1os.<\/p>\n\n\n\n<p class=\"wp-block-paragraph\">Ello a pesar de que el Foro&nbsp; fue pensado como &nbsp;es una reuni\u00f3n mundial centrada en la sociedad civil donde se congregar\u00e1n una multiplicidad de participantes en favor de la igualdad de g\u00e9nero.<\/p>\n\n\n\n<p class=\"wp-block-paragraph\">Para obtener m\u00e1s informaci\u00f3n sobre el Foro, las Coaliciones de Acci\u00f3n y mantenerse actualizado sobre las \u00faltimas noticias, visite&nbsp;<a href=\"https:\/\/forum.generationequality.org\/es\">el sitio web del Foro Generaci\u00f3n Igualdad<\/a>.<\/p>\n\n\n\n<h2 class=\"wp-block-heading\">Acerca del Foro<\/h2>\n\n\n\n<p class=\"wp-block-paragraph\">El Foro Generaci\u00f3n Igualdad es una reuni\u00f3n mundial en pos de la igualdad de g\u00e9nero, convocada por ONU Mujeres y copresidida por los Gobiernos de M\u00e9xico y Francia, con el liderazgo y la participaci\u00f3n de la sociedad civil.<\/p>\n\n\n\n<p class=\"wp-block-paragraph\">El Foro ser\u00e1 un di\u00e1logo p\u00fablico internacional para la acci\u00f3n urgente y la rendici\u00f3n de cuentas sobre la igualdad de g\u00e9nero; se celebrar\u00e1 el poder del activismo por los derechos de las mujeres, la solidaridad feminista y el liderazgo de la juventud para lograr un cambio transformador. Permitir\u00e1 una conexi\u00f3n en tiempo real en todo el mundo a trav\u00e9s de sesiones interactivas por sat\u00e9lite gracias al uso de la tecnolog\u00eda para aumentar al m\u00e1ximo la participaci\u00f3n.<\/p>\n\n\n\n<p class=\"wp-block-paragraph\">El Foro reafirmar\u00e1 tambi\u00e9n el valor del multilateralismo y convocar\u00e1 al liderazgo y el compromiso de varias partes interesadas \u2014la sociedad civil, los gobiernos, las empresas, las ciudades, los parlamentos, los sindicatos, y los medios, entre otras \u2014 con \u00e9nfasis en las alianzas intergeneracionales y de participaci\u00f3n m\u00faltiple. Los efectos directos del Foro ser\u00e1n la creaci\u00f3n de una agenda feminista y la presentaci\u00f3n de las Coaliciones de Acci\u00f3n: alianzas concretas para la acci\u00f3n urgente y ampliada, centradas en asuntos clave para el logro de la igualdad de g\u00e9nero. El resultado del Foro ser\u00e1 la creaci\u00f3n de una agenda colectiva y un hito de movilizaci\u00f3n para la rendici\u00f3n de cuentas sobre la igualdad de g\u00e9nero.<\/p>\n\n\n\n<h2 class=\"wp-block-heading\">Contexto<\/h2>\n\n\n\n<p class=\"wp-block-paragraph\">El Foro Generaci\u00f3n Igualdad se enmarca en el proceso de revisi\u00f3n de Beijing +25, el cual tiene una duraci\u00f3n de m\u00e1s de un a\u00f1o, de marzo 2019 a septiembre 2020 y en donde se llevan a cabo los siguientes eventos:<\/p>\n\n\n\n<p class=\"wp-block-paragraph\">Presentaci\u00f3n de los informes nacionales sobre la implementaci\u00f3n de la Plataforma de Acci\u00f3n de Beijing;<\/p>\n\n\n\n<p class=\"wp-block-paragraph\">Presentaci\u00f3n del proceso Beijing+25 y el Foro Generaci\u00f3n Igualdad (Nueva York, 23 de septiembre de 2019, en el marco de la 74\u00b0 Asamblea General de la Organizaci\u00f3n de las Naciones Unidas);<\/p>\n\n\n\n<p class=\"wp-block-paragraph\">Reuniones regionales en las Comisiones Econ\u00f3micas de la ONU para la revisi\u00f3n de los informes nacionales de los pa\u00edses sobre el cumplimiento de la Declaraci\u00f3n y Plataforma de Acci\u00f3n de Beijing;<\/p>\n\n\n\n<p class=\"wp-block-paragraph\">64\u00b0 periodo de sesiones de la Comisi\u00f3n de la Condici\u00f3n Jur\u00eddica y Social de la Mujer (CSW) (Nueva York, 9 al 20 de marzo de 2020);<\/p>\n\n\n\n<p class=\"wp-block-paragraph\">Evento en el marco de la 75\u00b0 Asamblea General de la Organizaci\u00f3n de las Naciones Unidas para presentar los compromisos y resultados del proceso Beijing+25 y el Foro Generaci\u00f3n igualdad (Nueva York, 23 de septiembre de 2020).<\/p>\n\n\n\n<h2 class=\"wp-block-heading\"><strong>Resultados del Foro<\/strong><\/h2>\n\n\n\n<p class=\"wp-block-paragraph\">Los objetivos del Foro ser\u00e1n el dise\u00f1o de una agenda feminista innovadora y ambiciosa, y el lanzamiento de una serie de \u201cCoaliciones de Acci\u00f3n\u201d orientadas a impulsar la inversi\u00f3n y generar resultados tangibles e irreversibles para la igualdad de g\u00e9nero durante el Decenio de Acci\u00f3n de las Naciones Unidas (2020-2030), a fin de lograr los Objetivos de Desarrollo Sostenible.<\/p>\n\n\n\n<p class=\"wp-block-paragraph\">Las Coaliciones de Acci\u00f3n son alianzas globales, innovadoras y multipart\u00edcipes que involucran a gobiernos, sociedad civil, organizaciones internacionales y al sector privado con los siguientes objetivos: impulsar acciones colectivas, propiciar la conversaci\u00f3n mundial intergeneracional; promover una mayor inversi\u00f3n p\u00fablica y privada; lograr resultados intergeneracionales concretos y transformadores, en beneficio de las ni\u00f1as y las mujeres.<\/p>\n\n\n\n<p class=\"wp-block-paragraph\">Los temas elegidos para las Coaliciones de Acci\u00f3n est\u00e1n fundamentados en los principios de derechos humanos y son el resultado de un proceso consultivo con la participaci\u00f3n de grupos feministas internacionales, organizaciones activistas de base, gobiernos y otras partes interesadas, y de un an\u00e1lisis basado en informaci\u00f3n estad\u00edstica. Dichos temas son los siguientes:<\/p>\n\n\n\n<p class=\"wp-block-paragraph\">Violencia de g\u00e9nero;&nbsp; Justicia y derechos econ\u00f3micos; Autonom\u00eda sobre el cuerpo, derechos y salud sexual y reproductiva; Acci\u00f3n feminista para la justicia clim\u00e1tica; Tecnolog\u00eda e innovaci\u00f3n para la igualdad de g\u00e9nero; Movimientos y liderazgos feministas<\/p>\n\n\n\n<p class=\"wp-block-paragraph\">Cada una de las Coaliciones de Acci\u00f3n presentar\u00e1 un conjunto de acciones concretas, ambiciosas, y de ejecuci\u00f3n inmediata para el per\u00edodo 2020-2025, a fin de lograr un efecto tangible sobre la igualdad de g\u00e9nero y los derechos humanos de las ni\u00f1as y las mujeres. El financiamiento para lograr los resultados ser\u00e1 parte esencial de esta agenda, con el prop\u00f3sito de hacer frente a la falta sistem\u00e1tica de recursos que siguen obstaculizando el alcance de los resultados esperados.<\/p>\n\n\n\n<p class=\"wp-block-paragraph\">Para el logro de estos objetivos, las Coaliciones de Acci\u00f3n de Generaci\u00f3n Igualdad crear\u00e1n nuevas alianzas, implementar\u00e1n soluciones espec\u00edficas y rendir\u00e1n cuentas anualmente sobre los avances hacia la transformaci\u00f3n, en especial para las ni\u00f1as y mujeres que han quedado atr\u00e1s debido a la pobreza o la marginalizaci\u00f3n.<\/p>\n\n\n\n<p class=\"wp-block-paragraph\">M\u00e1s all\u00e1 de las Coaliciones de Acci\u00f3n, el Foro contribuir\u00e1 a la creaci\u00f3n de una agenda mundial feminista al reunir a promotoras y promotores de la igualdad de g\u00e9nero de distintos \u00e1mbitos en un di\u00e1logo p\u00fablico, internacional y simult\u00e1neo acerca de las medidas urgentes que deben tomarse para materializar la igualdad de g\u00e9nero, forjar solidaridad y reafirmar un movimiento feminista multilateral, interseccional e intergeneracional. Este di\u00e1logo p\u00fablico generar\u00e1 un espacio para que las voces de la sociedad civil y del movimiento de mujeres den forma a la agenda para la igualdad de g\u00e9nero para los pr\u00f3ximos a\u00f1os.<\/p>\n\n\n\n<p class=\"wp-block-paragraph\">El impulso logrado gracias al Foro Generaci\u00f3n Igualdad se trasladar\u00e1 a la Reuni\u00f3n de Alto Nivel de la Asamblea General de las Naciones Unidas en septiembre de 2020, cuando la Organizaci\u00f3n conmemorar\u00e1 oficialmente el 25\u00ba aniversario de la Declaraci\u00f3n y Plataforma de Acci\u00f3n de Beijing (Beijing+25), y m\u00e1s all\u00e1 de dicho evento.<\/p>\n\n\n\n<h2 class=\"wp-block-heading\">Direcci\u00f3n y gesti\u00f3n<\/h2>\n\n\n\n<p class=\"wp-block-paragraph\">El Foro Generaci\u00f3n Igualdad es una reuni\u00f3n convocada por ONU Mujeres y organizada conjuntamente por los Gobiernos de M\u00e9xico y Francia en estrecha colaboraci\u00f3n con la sociedad civil. El Grupo Principal, a cargo de la adopci\u00f3n de decisiones sobre la planificaci\u00f3n, agenda y ejecuci\u00f3n del Foro y sus resultados, cuenta con la representaci\u00f3n de cada uno de estos cuatro aliados clave. Dos miembros del Grupo Asesor de la Sociedad Civil integran el Grupo Principal, y el Comit\u00e9 Directivo de Participaci\u00f3n M\u00faltiple brinda apoyo al Grupo Principal para llevar a cabo el Foro. Visite las p\u00e1ginas de estos grupos para obtener m\u00e1s informaci\u00f3n.<\/p>\n\n\n\n<h2 class=\"wp-block-heading\"><strong>Momentos que incitan a la acci\u00f3n<\/strong><\/h2>\n\n\n\n<p class=\"wp-block-paragraph\">La apertura del 74\u00ba per\u00edodo de sesiones de la Asamblea General de las Naciones Unidas fue una oportunidad para poner el foco de atenci\u00f3n en la igualdad de g\u00e9nero y en el Foro Generaci\u00f3n Igualdad a nivel mundial. Se organizaron varios eventos para garantizar la notoriedad y dar a conocer el Foro y sus objetivos en espacios de alto nivel, dos tareas vitales para el \u00e9xito del Foro.<\/p>\n\n\n\n<p class=\"wp-block-paragraph\">Por ejemplo, en el evento paralelo, Igualdad de G\u00e9nero: de la Alianza de Biarritz al Foro Generaci\u00f3n Igualdad Beijing+25, organizado por los Gobiernos de Francia y M\u00e9xico, y patrocinado conjuntamente por ONU Mujeres, se hizo un balance de los resultados de la Cumbre de Biarritz sobre igualdad de g\u00e9nero y el trabajo del Consejo Consultivo sobre la Igualdad de G\u00e9nero, del que la Directora Ejecutiva de ONU Mujeres es miembro. En este evento se present\u00f3 oficialmente el Foro Generaci\u00f3n Igualdad ante la comunidad internacional.<\/p>\n\n\n\n<p class=\"wp-block-paragraph\">En el evento paralelo del 74\u00ba per\u00edodo de sesiones de la Asamblea General de las Naciones Unidas, las integrantes del Consejo de Mujeres L\u00edderes Mundiales se reunieron para poner su voz y su poder a disposici\u00f3n de la Generaci\u00f3n Igualdad. En dicha ocasi\u00f3n, se anunci\u00f3 que en el transcurso de los siguientes meses y hasta la culminaci\u00f3n del Foro Generaci\u00f3n Igualdad en julio de 2020, ONU Mujeres presentar\u00eda a 282 defensoras a la iniciativa Generaci\u00f3n Igualdad. Las defensoras son mujeres l\u00edderes de distintos sectores que representan el cambio necesario en el liderazgo. Entre ellas se encuentran la Presidenta de Croacia, Kolinda Grabar-Kitarovi\u0107; la Presidenta de Estonia, Kersti Kaljulaid; y la Primera Ministra de Islandia, Katr\u00edn Jakobsd\u00f3ttir.<\/p>\n","protected":false},"excerpt":{"rendered":"<p>Organizaciones civiles llamadas por el gobierno hicieron propuestas<\/p>\n","protected":false},"author":3,"featured_media":33772,"comment_status":"open","ping_status":"open","sticky":false,"template":"","format":"standard","meta":{"_monsterinsights_skip_tracking":false,"footnotes":""},"categories":[692,628,632,54],"tags":[],"class_list":["post-33771","post","type-post","status-publish","format-standard","has-post-thumbnail","category-692","category-lo-destacado-2021","category-marzo-destacado","category-mujeres"],"_links":{"self":[{"href":"https:\/\/redsemlac.com\/semmexico\/wp-json\/wp\/v2\/posts\/33771","targetHints":{"allow":["GET"]}}],"collection":[{"href":"https:\/\/redsemlac.com\/semmexico\/wp-json\/wp\/v2\/posts"}],"about":[{"href":"https:\/\/redsemlac.com\/semmexico\/wp-json\/wp\/v2\/types\/post"}],"author":[{"embeddable":true,"href":"https:\/\/redsemlac.com\/semmexico\/wp-json\/wp\/v2\/users\/3"}],"replies":[{"embeddable":true,"href":"https:\/\/redsemlac.com\/semmexico\/wp-json\/wp\/v2\/comments?post=33771"}],"version-history":[{"count":0,"href":"https:\/\/redsemlac.com\/semmexico\/wp-json\/wp\/v2\/posts\/33771\/revisions"}],"wp:featuredmedia":[{"embeddable":true,"href":"https:\/\/redsemlac.com\/semmexico\/wp-json\/wp\/v2\/media\/33772"}],"wp:attachment":[{"href":"https:\/\/redsemlac.com\/semmexico\/wp-json\/wp\/v2\/media?parent=33771"}],"wp:term":[{"taxonomy":"category","embeddable":true,"href":"https:\/\/redsemlac.com\/semmexico\/wp-json\/wp\/v2\/categories?post=33771"},{"taxonomy":"post_tag","embeddable":true,"href":"https:\/\/redsemlac.com\/semmexico\/wp-json\/wp\/v2\/tags?post=33771"}],"curies":[{"name":"wp","href":"https:\/\/api.w.org\/{rel}","templated":true}]}}