{"id":33767,"date":"2021-03-28T15:55:11","date_gmt":"2021-03-28T21:55:11","guid":{"rendered":"https:\/\/redsemlac.com\/semmexico\/?p=33767"},"modified":"2023-07-21T16:54:40","modified_gmt":"2023-07-21T21:54:40","slug":"indigna-a-la-sociedad-el-asesinato-de-5-mujeres-este-fin-de-semana-en-quintana-roo","status":"publish","type":"post","link":"https:\/\/redsemlac.com\/semmexico\/indigna-a-la-sociedad-el-asesinato-de-5-mujeres-este-fin-de-semana-en-quintana-roo\/","title":{"rendered":"Indigna a la sociedad el asesinato de 5 mujeres este fin de semana en Quintana Roo"},"content":{"rendered":"\n<ul class=\"wp-block-list\"><li><strong>La Red Feminista Quintanarroense exige al gobernador aclare lo antes posible estos feminicidios y exige cumpla con acuerdos firmados, como capacitar a polic\u00edas<\/strong><\/li><\/ul>\n\n\n\n<ul class=\"wp-block-list\"><li><strong>Llaman a todas las mujeres a unirse en esta demanda de justicia y por cero tolerancia<\/strong><\/li><\/ul>\n\n\n\n<p class=\"wp-block-paragraph\"><strong>Libertad L\u00f3pez<\/strong><\/p>\n\n\n\n<p class=\"wp-block-paragraph\">SemM\u00e9xico, Cd.&nbsp; de M\u00e9xico, 28 de marzo, 2021.- Una ola de indignaci\u00f3n en redes sociales y colectivas de mujeres se levant\u00f3 hoy, tras el asesinato este fin de semana, de al menos 5 mujeres, una de ellas a manos de la polic\u00eda.<\/p>\n\n\n\n<p class=\"wp-block-paragraph\">Sucedi\u00f3 en &nbsp;Quintana Roo, donde se reportaron 5 muertes violentas de mujeres, por la que la Red Feminista Quintanarroense manifest\u00f3 su rabia e indignaci\u00f3n, exigi\u00f3 que la polic\u00eda municipal deje de hacer estas acciones, ya que se ha probar&nbsp; &nbsp;que una de ellas fue asesinada por &nbsp;la polic\u00eda con extrema violencia.<\/p>\n\n\n\n<p class=\"wp-block-paragraph\">Se\u00f1alan un feminicidio en Holbox, un asesinato policial en Tulum y 3 asesinatos que permanecen en la opacidad, sin informaci\u00f3n, ni claridad. Exigen que se investigue y se esclarezcan estos asesinatos. Anuncian movilizaciones, \u201cno tendr\u00e1n la comodidad de nuestro silencio\u201d, dicen.<\/p>\n\n\n\n<p class=\"wp-block-paragraph\">Afirman que condenan en\u00e9rgicamente el asesinato en Tulum, a manos de la represi\u00f3n policial y exigen el cese de la brutalidad policial, puesto no ha sido capacitada y el estado no cumple con sus compromisos de defensa de los derechos humanos.<\/p>\n\n\n\n<p class=\"wp-block-paragraph\">Anuncian acciones de cero tolerancia. Las colectivas, 27 en Quintana Roo reafirman que las mujeres \u201cestamos hartas y no permitiremos que las mujeres sigan siendo asesinadas con el mayor cinismo.&nbsp; No tendr\u00e1n, esas autoridades, la comodidad de nuestro silencio\u201d, advirtieron en un comunicado difundido por redes sociales.<\/p>\n\n\n\n<p class=\"wp-block-paragraph\">Las feministas quintanaorenses, durante m\u00e1s de 3 a\u00f1os han estado actuando, discutiendo y tratando de hacer acuerdo con los distintos actores pol\u00edticos y gubernamentales. Sin embargo los hechos del fin de semana muestran indiferencia y falta de responsabilidad.<\/p>\n\n\n\n<p class=\"wp-block-paragraph\">Recuerdan que no se han esclarecido otra docena de feminicidios y de la intervenci\u00f3n policiaca contra las manifestaciones de mujeres, que siguen adelante a pesar de denuncias, acuerdos legislativos y declaraciones de pol\u00edticas y pol\u00edticos, que no resuelven los agravios contra las mujeres. Exigen justicia.<\/p>\n\n\n\n<h2 class=\"wp-block-heading\"><strong>Hechos<\/strong><\/h2>\n\n\n\n<p class=\"wp-block-paragraph\">Los medios de comunicaci\u00f3n informaron que una mujer muri\u00f3 en Tulum, Quintana Roo, la tarde de este s\u00e1bado luego de que fuera detenida y sometida por elementos de la polic\u00eda, hechos por los que la Fiscal\u00eda General del Estado abri\u00f3 una investigaci\u00f3n.<\/p>\n\n\n\n<p class=\"wp-block-paragraph\">\u201cLa @FGEQuintanaRoo informa que inici\u00f3 carpeta de investigaci\u00f3n relacionada al homicidio en agravio de una v\u00edctima de identidad reservada ocurrida la tarde de este s\u00e1bado en el municipio de Tulum. Peritos forenses investigan la causa del fallecimiento\u201d, inform\u00f3 la Fiscal\u00eda en sus redes sociales.<\/p>\n\n\n\n<p class=\"wp-block-paragraph\">Peatones captaron im\u00e1genes en los que se observa a elementos de la polic\u00eda de tr\u00e1nsito municipal someter a la mujer que se encuentra en el piso. Uno de los uniformados le coloc\u00f3 la rodilla sobre la espalda.<\/p>\n\n\n\n<p class=\"wp-block-paragraph\">En uno de los videos se escucha a la mujer detenida quejarse y gritar, sin embargo, en otro ya se le ve inm\u00f3vil. Una de las uniformadas dice \u201cs\u00ed est\u00e1 respirando\u201d, mientras la mujer permanece en el piso.<\/p>\n\n\n\n<p class=\"wp-block-paragraph\">Usuarios de redes sociales compararon el caso con la detenci\u00f3n del afroamericano George Floyd a manos de polic\u00edas de Minesota, en Estados Unidos, e n mayo de 2020. Su asesinato deriv\u00f3 protestas y el movimiento Black Lives Matter.<\/p>\n\n\n\n<p class=\"wp-block-paragraph\">Se pudo precisar que la v\u00edctima era originaria de Progreso, Yucat\u00e1n y se desempe\u00f1aba como conductora de un carrito de golf.<\/p>\n\n\n\n<p class=\"wp-block-paragraph\">El cuerpo lo hallaron unos turistas que se encontraban en la zona.<\/p>\n\n\n\n<p class=\"wp-block-paragraph\">De acuerdo con medios locales, Karla era madre de un menor de edad y tambi\u00e9n se dedicaba a conducir un taxi.<\/p>\n\n\n\n<p class=\"wp-block-paragraph\">Este domingo, la Fiscal\u00eda General del Estado de Quintana Roo inform\u00f3 que ya hab\u00edan detenido al presunto responsable del feminicidio, identificado como Roger.<\/p>\n\n\n\n<p class=\"wp-block-paragraph\">Agentes de la Fiscal\u00eda Especializada de Homicidios y peritos de la Fiscal\u00eda General del Estado de Quintana Roo (FGE) acudieron a la escena del crimen para las diligencias correspondientes y trasladar el cuerpo al Servicio M\u00e9dico Forense para la necropsia de ley.<\/p>\n\n\n\n<figure class=\"wp-block-embed is-type-rich is-provider-twitter wp-block-embed-twitter\"><div class=\"wp-block-embed__wrapper\">\n<blockquote class=\"twitter-tweet\" data-width=\"550\" data-dnt=\"true\"><p lang=\"es\" dir=\"ltr\">Se acuerdan de George Floyd pues en Tulum Quintana Roo polic\u00edas matan a una mujer al arrestarla, que explicaci\u00f3n nos puede brindar <a href=\"https:\/\/twitter.com\/CarlosJoaquin?ref_src=twsrc%5Etfw\">@CarlosJoaquin<\/a> <a href=\"https:\/\/twitter.com\/lopezobrador_?ref_src=twsrc%5Etfw\">@lopezobrador_<\/a> <a href=\"https:\/\/twitter.com\/VictorMasT?ref_src=twsrc%5Etfw\">@VictorMasT<\/a> <a href=\"https:\/\/twitter.com\/M_OlgaSCordero?ref_src=twsrc%5Etfw\">@M_OlgaSCordero<\/a> <a href=\"https:\/\/twitter.com\/nadgasman?ref_src=twsrc%5Etfw\">@nadgasman<\/a> <a href=\"https:\/\/twitter.com\/PamCerdeira?ref_src=twsrc%5Etfw\">@PamCerdeira<\/a> <a href=\"https:\/\/twitter.com\/CarolBArriaga?ref_src=twsrc%5Etfw\">@CarolBArriaga<\/a> <a href=\"https:\/\/twitter.com\/MildredAvilaVer?ref_src=twsrc%5Etfw\">@MildredAvilaVer<\/a> <a href=\"https:\/\/twitter.com\/PATYPALMAQROO?ref_src=twsrc%5Etfw\">@PATYPALMAQROO<\/a> <a href=\"https:\/\/twitter.com\/MarybelVillegas?ref_src=twsrc%5Etfw\">@MarybelVillegas<\/a> <a href=\"https:\/\/t.co\/C80iobULtn\">pic.twitter.com\/C80iobULtn<\/a><\/p>&mdash; ariadne song (@endaira05) <a href=\"https:\/\/twitter.com\/endaira05\/status\/1376081098044796930?ref_src=twsrc%5Etfw\">March 28, 2021<\/a><\/blockquote><script async src=\"https:\/\/platform.twitter.com\/widgets.js\" charset=\"utf-8\"><\/script>\n<\/div><\/figure>\n\n\n\n<p class=\"wp-block-paragraph\">De acuerdo con el reporte de Incidencia Delictiva del Secretariado Nacional de Seguridad P\u00fablica, hasta febrero se han contabilizado dos feminicidios en Quintana Roo y se han registrado seis asesinatos en agravio de mujeres, clasificados como homicidios. M\u00e1s los cinco de este fin de semana.<\/p>\n\n\n\n<p class=\"wp-block-paragraph\">De los otros hechos, las redes feministas han conseguido informaci\u00f3n y exigen que los aclare la autoridad.<\/p>\n\n\n\n<p class=\"wp-block-paragraph\">Empiezan a sumarse decenas de mujeres. <a href=\"https:\/\/www.facebook.com\/330311867719976\/posts\/945283429556147\/\">https:\/\/www.facebook.com\/330311867719976\/posts\/945283429556147\/<\/a><\/p>\n","protected":false},"excerpt":{"rendered":"<p>La Red Feminista Quintanarroense exige al gobernador aclare lo antes posible estos feminicidios y exige cumpla con acuerdos firmados, como capacitar a polic\u00edas<\/p>\n","protected":false},"author":3,"featured_media":33768,"comment_status":"open","ping_status":"open","sticky":false,"template":"","format":"standard","meta":{"_monsterinsights_skip_tracking":false,"footnotes":""},"categories":[692,47,48],"tags":[],"class_list":["post-33767","post","type-post","status-publish","format-standard","has-post-thumbnail","category-692","category-no-mas-impunidad","category-no-mas-impunidad-no-mas-impunidad"],"_links":{"self":[{"href":"https:\/\/redsemlac.com\/semmexico\/wp-json\/wp\/v2\/posts\/33767","targetHints":{"allow":["GET"]}}],"collection":[{"href":"https:\/\/redsemlac.com\/semmexico\/wp-json\/wp\/v2\/posts"}],"about":[{"href":"https:\/\/redsemlac.com\/semmexico\/wp-json\/wp\/v2\/types\/post"}],"author":[{"embeddable":true,"href":"https:\/\/redsemlac.com\/semmexico\/wp-json\/wp\/v2\/users\/3"}],"replies":[{"embeddable":true,"href":"https:\/\/redsemlac.com\/semmexico\/wp-json\/wp\/v2\/comments?post=33767"}],"version-history":[{"count":0,"href":"https:\/\/redsemlac.com\/semmexico\/wp-json\/wp\/v2\/posts\/33767\/revisions"}],"wp:featuredmedia":[{"embeddable":true,"href":"https:\/\/redsemlac.com\/semmexico\/wp-json\/wp\/v2\/media\/33768"}],"wp:attachment":[{"href":"https:\/\/redsemlac.com\/semmexico\/wp-json\/wp\/v2\/media?parent=33767"}],"wp:term":[{"taxonomy":"category","embeddable":true,"href":"https:\/\/redsemlac.com\/semmexico\/wp-json\/wp\/v2\/categories?post=33767"},{"taxonomy":"post_tag","embeddable":true,"href":"https:\/\/redsemlac.com\/semmexico\/wp-json\/wp\/v2\/tags?post=33767"}],"curies":[{"name":"wp","href":"https:\/\/api.w.org\/{rel}","templated":true}]}}