{"id":33764,"date":"2021-03-28T15:50:58","date_gmt":"2021-03-28T21:50:58","guid":{"rendered":"https:\/\/redsemlac.com\/semmexico\/?p=33764"},"modified":"2023-07-21T16:54:40","modified_gmt":"2023-07-21T21:54:40","slug":"pbi-urge-firmeza-del-gobierno-mexicano-para-investigar-los-ataques-a-personas-defensoras","status":"publish","type":"post","link":"https:\/\/redsemlac.com\/semmexico\/pbi-urge-firmeza-del-gobierno-mexicano-para-investigar-los-ataques-a-personas-defensoras\/","title":{"rendered":"PBI: urge firmeza del gobierno mexicano para investigar los ataques a personas defensoras"},"content":{"rendered":"\n<ul class=\"wp-block-list\"><li><strong>Pese a esfuerzos, alarma nivel de impunidad; s\u00f3lo se resuelve 2 % de los casos<\/strong><\/li><li><strong>Cuestiona eliminaci\u00f3n del fideicomiso que financiaba al mecanismo de protecci\u00f3n<\/strong><\/li><\/ul>\n\n\n\n<p class=\"wp-block-paragraph\"><strong>Redacci\u00f3n<\/strong><\/p>\n\n\n\n<p class=\"wp-block-paragraph\">SemM\u00e9xico, Oaxaca, 28 de marzo de 2021.- La organizaci\u00f3n Brigadas Internacionales de Paz (PBI, por sus siglas en ingl\u00e9s) consider\u00f3 urgente \u201cun compromiso firme\u201d del gobierno mexicano para avanzar en las investigaciones e identificar a los responsables materiales e intelectuales de las amenazas y asesinatos de personas defensoras de derechos humanos en M\u00e9xico.<\/p>\n\n\n\n<p class=\"wp-block-paragraph\">En el 46\u00ba periodo de sesiones del Consejo de Derechos Humanos de la Organizaci\u00f3n de las Naciones Unidas (ONU), en evento paralelo, Mar Saiz Avenda\u00f1o, representante europea del Proyecto M\u00e9xico de PBI, si bien reconoci\u00f3 la existencia de los esfuerzos de M\u00e9xico por avanzar en ese sentido, \u201cla impunidad persiste alcanzando niveles alarmantes del 98 por ciento\u201d.<\/p>\n\n\n\n<p class=\"wp-block-paragraph\">En un bolet\u00edn de prensa se\u00f1ala que en el acto \u201cHacia la erradicaci\u00f3n de asesinatos y amenazas contra personas defensoras de derechos humanos en M\u00e9xico\u201d, paralelo a las sesiones de Naciones Unidas, que reuni\u00f3 en l\u00ednea a la Relatora Especial de las Naciones Unidas sobre la situaci\u00f3n de las personas defensoras de derechos humanos, Mary Lawlor, con diversas organizaciones de la sociedad civil, este 11 de marzo.<\/p>\n\n\n\n<p class=\"wp-block-paragraph\">El gobierno mexicano, expuso Saiz Avenda\u00f1o, deber\u00eda considerar la creaci\u00f3n de una comisi\u00f3n de investigaci\u00f3n espec\u00edfica para los ataques a personas defensoras de derechos ambientales y de tierra y territorio, teniendo en cuenta que son 70 por ciento de las 19 personas defensoras asesinadas en M\u00e9xico durante 2020.<\/p>\n\n\n\n<p class=\"wp-block-paragraph\">En el caso de los agravios a personas defensoras en M\u00e9xico, explic\u00f3 Saiz, la instalaci\u00f3n de fiscal\u00edas especializadas y la creaci\u00f3n de grupos independientes de investigaci\u00f3n (como el Grupo Interdisciplinario de Expertos Independientes para el caso Ayotzinapa) han sido mecanismos capaces de avanzar en el derecho a la verdad y la justicia.<\/p>\n\n\n\n<p class=\"wp-block-paragraph\">Para el logro de sus objetivos \u201ces crucial\u201d que esos \u00f3rganos sean integrados por expertos independientes y que sus integrantes cuenten con el respaldo de las organizaciones de derechos humanos mexicanas, explic\u00f3.<\/p>\n\n\n\n<p class=\"wp-block-paragraph\">La propuesta de PBI se bas\u00f3 en el informe de Lawlor \u201c\u00daltima advertencia: los defensores de los derechos humanos, v\u00edctimas de amenazas de muerte y asesinatos\u201d, en el que figura una recomendaci\u00f3n en el sentido de \u201ccrear comisiones de investigaci\u00f3n cuando se produzca un n\u00famero sostenido o un aumento significativo de asesinatos de defensores\u201d.<\/p>\n\n\n\n<p class=\"wp-block-paragraph\">En otro tema, la representante de PBI extern\u00f3 su preocupaci\u00f3n por la eliminaci\u00f3n del fideicomiso que financia al Mecanismo de Protecci\u00f3n a Periodistas y Personas Defensoras de Derechos Humanos, de la Secretar\u00eda de Gobernaci\u00f3n, \u201caun con una multitud de voces, de actores mexicanos e internacionales en contra de esta decisi\u00f3n\u201d.<\/p>\n\n\n\n<p class=\"wp-block-paragraph\">\u201cInevitablemente esto debilitar\u00e1 las capacidades del Mecanismo\u201d, dijo; \u201cnos preocupa que la protecci\u00f3n de personas defensoras quede relegada y se dejen de atender necesidades urgentes\u201d.<\/p>\n\n\n\n<p class=\"wp-block-paragraph\">Explic\u00f3 que los rezagos existentes pueden agravarse y el Mecanismo todav\u00eda tiene pendiente desarrollar medidas acordes a las necesidades de protecci\u00f3n espec\u00edficas de las mujeres y sus familias, y las necesidades de protecci\u00f3n colectiva que afectan a comunidades y colectivos.<\/p>\n\n\n\n<p class=\"wp-block-paragraph\">El evento fue convocado por las propias organizaciones de la sociedad civil: Brigadas Internacionales de Paz (PBI), Consorcio para el Di\u00e1logo Parlamentario y la Equidad Oaxaca, Coordinaci\u00f3n Alemana por los Derechos Humanos en M\u00e9xico, Centro de Derechos Humanos de la Monta\u00f1a Tlachinollan, Front Line Defenders, Organizaci\u00f3n Mundial Contra la Tortura, Pan Para el Mundo, Proyecto de Derechos Econ\u00f3micos, Sociales y Culturales (ProDESC), Red Nacional de Mujeres Defensoras de Derechos Humanos en M\u00e9xico y Servicio Internacional por los Derechos Humanos.<\/p>\n\n\n\n<p class=\"wp-block-paragraph\">SEM\/SJ<\/p>\n","protected":false},"excerpt":{"rendered":"<p>Pese a esfuerzos, alarma nivel de impunidad; s\u00f3lo se resuelve 2 % de los casos<\/p>\n","protected":false},"author":3,"featured_media":33765,"comment_status":"open","ping_status":"open","sticky":false,"template":"","format":"standard","meta":{"_monsterinsights_skip_tracking":false,"footnotes":""},"categories":[692,54],"tags":[],"class_list":["post-33764","post","type-post","status-publish","format-standard","has-post-thumbnail","category-692","category-mujeres"],"_links":{"self":[{"href":"https:\/\/redsemlac.com\/semmexico\/wp-json\/wp\/v2\/posts\/33764","targetHints":{"allow":["GET"]}}],"collection":[{"href":"https:\/\/redsemlac.com\/semmexico\/wp-json\/wp\/v2\/posts"}],"about":[{"href":"https:\/\/redsemlac.com\/semmexico\/wp-json\/wp\/v2\/types\/post"}],"author":[{"embeddable":true,"href":"https:\/\/redsemlac.com\/semmexico\/wp-json\/wp\/v2\/users\/3"}],"replies":[{"embeddable":true,"href":"https:\/\/redsemlac.com\/semmexico\/wp-json\/wp\/v2\/comments?post=33764"}],"version-history":[{"count":0,"href":"https:\/\/redsemlac.com\/semmexico\/wp-json\/wp\/v2\/posts\/33764\/revisions"}],"wp:featuredmedia":[{"embeddable":true,"href":"https:\/\/redsemlac.com\/semmexico\/wp-json\/wp\/v2\/media\/33765"}],"wp:attachment":[{"href":"https:\/\/redsemlac.com\/semmexico\/wp-json\/wp\/v2\/media?parent=33764"}],"wp:term":[{"taxonomy":"category","embeddable":true,"href":"https:\/\/redsemlac.com\/semmexico\/wp-json\/wp\/v2\/categories?post=33764"},{"taxonomy":"post_tag","embeddable":true,"href":"https:\/\/redsemlac.com\/semmexico\/wp-json\/wp\/v2\/tags?post=33764"}],"curies":[{"name":"wp","href":"https:\/\/api.w.org\/{rel}","templated":true}]}}