{"id":33759,"date":"2021-03-28T15:46:24","date_gmt":"2021-03-28T21:46:24","guid":{"rendered":"https:\/\/redsemlac.com\/semmexico\/?p=33759"},"modified":"2023-07-21T16:54:40","modified_gmt":"2023-07-21T21:54:40","slug":"tres-mujeres-son-asesinadas-en-quintana-roo-en-24-horas","status":"publish","type":"post","link":"https:\/\/redsemlac.com\/semmexico\/tres-mujeres-son-asesinadas-en-quintana-roo-en-24-horas\/","title":{"rendered":"Tres mujeres son asesinadas en Quintana Roo en 24 horas"},"content":{"rendered":"\n<ul class=\"wp-block-list\"><li><strong>Una de ellas fue sometida violentamente por polic\u00edas de Tulum<\/strong><\/li><\/ul>\n\n\n\n<ul class=\"wp-block-list\"><li><strong>Fiscal\u00eda del Estado asegura que se iniciaron las investigaciones<\/strong><\/li><\/ul>\n\n\n\n<p class=\"wp-block-paragraph\"><strong>\u00c1ngeles G\u00f3mez\/Soledad Jarqu\u00edn<\/strong><\/p>\n\n\n\n<p class=\"wp-block-paragraph\">SemM\u00e9xico, Benito Ju\u00e1rez, Quintana Roo, 28 de marzo, 2021.- En las \u00faltimas 24 horas la violencia feminicida cobr\u00f3 la vida de tres mujeres en Tulum, Holvox y Canc\u00fan, en el primer caso se trata de una mujer asesinada por polic\u00edas municipales; en el segundo una joven madre y la tercera fue asesinada con arma de fuego.<\/p>\n\n\n\n<p class=\"wp-block-paragraph\">Estos feminicidios han provocado indignaci\u00f3n entre la poblaci\u00f3n caribe\u00f1a y colectivas feministas, quienes convocan a una marcha ma\u00f1ana a las 5.30 de la tarde en todos los municipios de la entidad y hoy mismo la sociedad civil realizar\u00e1 una concentraci\u00f3n y marcha silenciosa en Tulum.<\/p>\n\n\n\n<p class=\"wp-block-paragraph\">Karla M de 29 a\u00f1os, de oficio taxista, fue asesinada en Holbox, municipio de L\u00e1zaro C\u00e1rdenas, hecho en el que se registr\u00f3 extrema violencia y es de acuerdo con las autoridades la primera vez que ocurre en la zona un feminicidio.<\/p>\n\n\n\n<p class=\"wp-block-paragraph\">La Fiscal\u00eda General del Estado inform\u00f3 que este mismo domingo fue detenido Roger C probable participante en el feminicidio de Karla y que el hecho habr\u00eda sido originado por un problema personal.<\/p>\n\n\n\n<p class=\"wp-block-paragraph\"><strong>Asesinan polic\u00edas municipales de Tulum a una mujer<\/strong><\/p>\n\n\n\n<p class=\"wp-block-paragraph\">En Tulum, polic\u00edas municipales de la patrulla 9276 asesin\u00f3 a una mujer cuando con uso excesivo de fuerza fue sometida. De acuerdo versiones oficiales la mujer fue detenida por \u201calterar el orden p\u00fablico\u201d en la avenida La Selva de esa localidad.<\/p>\n\n\n\n<p class=\"wp-block-paragraph\">El uso excesivo de fuerza terminaron con los gritos de ayuda que emit\u00eda la detenida y que habr\u00eda provocado asfixia, pero a\u00fan se desconocen los resultados de la autopsia de los hechos ocurridos este s\u00e1bado.<\/p>\n\n\n\n<figure class=\"wp-block-image size-large\"><a href=\"https:\/\/redsemlac.com\/semmexico\/wp-content\/uploads\/2021\/03\/y-a-nosotras-quiein-nos-cuida.jpeg\"><img decoding=\"async\" src=\"https:\/\/redsemlac.com\/semmexico\/wp-content\/uploads\/2021\/03\/y-a-nosotras-quiein-nos-cuida-1024x1024.jpeg\" alt=\"\" class=\"wp-image-33762\"\/><\/a><\/figure>\n\n\n\n<p class=\"wp-block-paragraph\">De acuerdo con las colectivas feministas Furia Violetas y Conversatorio Feminista de Canc\u00fan por segunda ocasi\u00f3n las corporaciones de polic\u00eda act\u00faan de forma violenta y recordaron los hechos ocurridos el 9 de noviembre en Canc\u00fan cuando una manifestaci\u00f3n fue recibida a tiros en el palacio municipal.<\/p>\n\n\n\n<p class=\"wp-block-paragraph\">Otro episodio m\u00e1s de brutalidad policial. Esta vez, en Tulum. \u00bfA nosotras qui\u00e9n nos cuida de la polic\u00eda? Esta situaci\u00f3n es grav\u00edsima e intolerable.<\/p>\n\n\n\n<p class=\"wp-block-paragraph\"><a href=\"https:\/\/www.facebook.com\/hashtag\/accionesnosimulaciones?__eep__=6&amp;__cft__%5B0%5D=AZXfChLLpFHyp6IP3RFAb7zhOkzXXDSmFFXr7PAJSKC3YAjafwxu-lXKvV4WZ6G9GTPk3XFGTIiYJukpbGMagXyOc00RiiAQv5qfAaUIO-Wk-Ko9mV1Z81YpCmgoW37G210dhZWLQgOFh2ZFZZGh0jwH&amp;__tn__=*NK-R\">#AccionesNoSimulaciones<\/a><\/p>\n\n\n\n<p class=\"wp-block-paragraph\"><a href=\"https:\/\/www.facebook.com\/hashtag\/justicianorepresi%C3%B3n?__eep__=6&amp;__cft__%5B0%5D=AZXfChLLpFHyp6IP3RFAb7zhOkzXXDSmFFXr7PAJSKC3YAjafwxu-lXKvV4WZ6G9GTPk3XFGTIiYJukpbGMagXyOc00RiiAQv5qfAaUIO-Wk-Ko9mV1Z81YpCmgoW37G210dhZWLQgOFh2ZFZZGh0jwH&amp;__tn__=*NK-R\">#JusticiaNoRepresi\u00f3n<\/a><\/p>\n\n\n\n<p class=\"wp-block-paragraph\"><a href=\"https:\/\/www.facebook.com\/hashtag\/quintanaroofeminicida?__eep__=6&amp;__cft__%5B0%5D=AZXfChLLpFHyp6IP3RFAb7zhOkzXXDSmFFXr7PAJSKC3YAjafwxu-lXKvV4WZ6G9GTPk3XFGTIiYJukpbGMagXyOc00RiiAQv5qfAaUIO-Wk-Ko9mV1Z81YpCmgoW37G210dhZWLQgOFh2ZFZZGh0jwH&amp;__tn__=*NK-R\">#QuintanaRooFeminicida<\/a><\/p>\n\n\n\n<p class=\"wp-block-paragraph\"><a href=\"https:\/\/www.facebook.com\/hashtag\/acab?__eep__=6&amp;__cft__%5B0%5D=AZXfChLLpFHyp6IP3RFAb7zhOkzXXDSmFFXr7PAJSKC3YAjafwxu-lXKvV4WZ6G9GTPk3XFGTIiYJukpbGMagXyOc00RiiAQv5qfAaUIO-Wk-Ko9mV1Z81YpCmgoW37G210dhZWLQgOFh2ZFZZGh0jwH&amp;__tn__=*NK-R\">#ACAB<\/a><\/p>\n\n\n\n<p class=\"wp-block-paragraph\">As\u00ed lo se\u00f1ala en sus redes sociales el Conversatorio Feminista Canc\u00fan.<\/p>\n\n\n\n<p class=\"wp-block-paragraph\">Sobre este hecho la Fiscal\u00eda de Quintana Roo inform\u00f3 que inici\u00f3 una carpeta de investigaci\u00f3n relacionada al \u201chomicidio en agravio de una v\u00edctima de identidad reservada\u201d ocurrida la tarde de este s\u00e1bado en el municipio de Tulum. Peritos forenses investigan la causa del fallecimiento.<\/p>\n\n\n\n<p class=\"wp-block-paragraph\">Fiscales de Homicidios y agentes realizan actos de investigaci\u00f3n. Polic\u00edas Municipales ya son entrevistados sobre lo sucedido.<\/p>\n\n\n\n<p class=\"wp-block-paragraph\">Ha sido un \u201cfin de semana negro\u201d calific\u00f3 Furias Violetas, quienes adem\u00e1s de exigir el esclarecimiento de los tres hechos, condenaron la brutalidad policiaca ejercida por polic\u00eda municipales de Tulum.<\/p>\n\n\n\n<p class=\"wp-block-paragraph\">En Canc\u00fan, el centro tur\u00edstico m\u00e1s importante del pa\u00eds, se cometi\u00f3 el feminicidio de otra mujer de identidad reservada, los hechos hab\u00edan ocurrido en Paseos Kusamil.<\/p>\n\n\n\n<p class=\"wp-block-paragraph\">El asesinato con arma de fuego habr\u00eda ocurrido la madrugada de este domingo 2.30 horas. La Fiscal\u00eda General de Quintana Roo hizo el levantamiento del cuerpo e inici\u00f3 las investigaciones.<\/p>\n\n\n\n<p class=\"wp-block-paragraph\">En Quintana Roo, se\u00f1ala el recuento hemerogr\u00e1fico realizado por Maya sin Fronteras han ocurrido en este a\u00f1o 2021 un total de 14 asesinatos violentos en contra de mujeres.<\/p>\n","protected":false},"excerpt":{"rendered":"<p>Una de ellas fue sometida violentamente por polic\u00edas de Tulum<\/p>\n","protected":false},"author":3,"featured_media":33761,"comment_status":"open","ping_status":"open","sticky":false,"template":"","format":"standard","meta":{"_monsterinsights_skip_tracking":false,"footnotes":""},"categories":[692,47,48],"tags":[],"class_list":["post-33759","post","type-post","status-publish","format-standard","has-post-thumbnail","category-692","category-no-mas-impunidad","category-no-mas-impunidad-no-mas-impunidad"],"_links":{"self":[{"href":"https:\/\/redsemlac.com\/semmexico\/wp-json\/wp\/v2\/posts\/33759","targetHints":{"allow":["GET"]}}],"collection":[{"href":"https:\/\/redsemlac.com\/semmexico\/wp-json\/wp\/v2\/posts"}],"about":[{"href":"https:\/\/redsemlac.com\/semmexico\/wp-json\/wp\/v2\/types\/post"}],"author":[{"embeddable":true,"href":"https:\/\/redsemlac.com\/semmexico\/wp-json\/wp\/v2\/users\/3"}],"replies":[{"embeddable":true,"href":"https:\/\/redsemlac.com\/semmexico\/wp-json\/wp\/v2\/comments?post=33759"}],"version-history":[{"count":0,"href":"https:\/\/redsemlac.com\/semmexico\/wp-json\/wp\/v2\/posts\/33759\/revisions"}],"wp:featuredmedia":[{"embeddable":true,"href":"https:\/\/redsemlac.com\/semmexico\/wp-json\/wp\/v2\/media\/33761"}],"wp:attachment":[{"href":"https:\/\/redsemlac.com\/semmexico\/wp-json\/wp\/v2\/media?parent=33759"}],"wp:term":[{"taxonomy":"category","embeddable":true,"href":"https:\/\/redsemlac.com\/semmexico\/wp-json\/wp\/v2\/categories?post=33759"},{"taxonomy":"post_tag","embeddable":true,"href":"https:\/\/redsemlac.com\/semmexico\/wp-json\/wp\/v2\/tags?post=33759"}],"curies":[{"name":"wp","href":"https:\/\/api.w.org\/{rel}","templated":true}]}}