{"id":33752,"date":"2021-03-28T10:53:10","date_gmt":"2021-03-28T16:53:10","guid":{"rendered":"https:\/\/redsemlac.com\/semmexico\/?p=33752"},"modified":"2023-07-21T16:54:40","modified_gmt":"2023-07-21T21:54:40","slug":"el-ine-actuo-conforme-a-derecho-al-cancelar-el-registro-como-candidato-a-felix-salgado-macedonio-juan-antonio-martin-del-campo","status":"publish","type":"post","link":"https:\/\/redsemlac.com\/semmexico\/el-ine-actuo-conforme-a-derecho-al-cancelar-el-registro-como-candidato-a-felix-salgado-macedonio-juan-antonio-martin-del-campo\/","title":{"rendered":"El INE act\u00fao conforme a derecho al cancelar el registro como candidato a F\u00e9lix Salgado Macedonio: Juan Antonio Mart\u00edn del Campo"},"content":{"rendered":"\n<p class=\"wp-block-paragraph\">Elda Montiel<\/p>\n\n\n\n<p class=\"wp-block-paragraph\">SemM\u00e9xico. Cd. de M\u00e9xico. 28 &nbsp;de marzo 2021.- El Partido Acci\u00f3n Nacional (PAN) respalda al Instituto Nacional Electoral (INE), ya que como m\u00e1ximo \u00f3rgano electoral act\u00fao con apego a la ley al cancelar el registro de F\u00e9lix Salgado Macedonio como aspirante a gobernador del Estado de Guerrero por Morena, al no presentar informes de ingresos y gastos de precampa\u00f1a.<\/p>\n\n\n\n<p class=\"wp-block-paragraph\">El senador Juan Antonio Mart\u00edn Del Campo, representante del PAN ante el INE, precis\u00f3 que lo mismo se hizo con alrededor de otros 25 aspirantes a diputados federales de Morena y dos aspirantes a diputados por Redes Sociales Progresistas.<\/p>\n\n\n\n<p class=\"wp-block-paragraph\">Expres\u00f3 estar de acuerdo tambi\u00e9n con la multa por m\u00e1s de 6 millones y medio de pesos que se le impuso a Morena, el partido del Presidente Andr\u00e9s Manuel L\u00f3pez Obrador, por todas las irregularidades que han cometido.<\/p>\n\n\n\n<p class=\"wp-block-paragraph\">Se\u00f1al\u00f3 el legislador panista que los aspirantes a un cargo de elecci\u00f3n popular tienen la obligaci\u00f3n de transparentar los recursos de precampa\u00f1a, por lo que Salgado Macedonio al no informar en tiempo y forma sobre dichos gastos violo, con alevos\u00eda y ventaja, el Art\u00edculo 229, p\u00e1rrafo 3, de la Ley General de Instituciones y Procedimientos Electorales.<\/p>\n\n\n\n<p class=\"wp-block-paragraph\">Que especifica: \u201cSi un precandidato incumple la obligaci\u00f3n de entregar su informe de ingresos y gastos de precampa\u00f1a dentro del plazo antes establecido y hubiese obtenido la mayor\u00eda de votos en la consulta interna o en la asamblea respectiva, no podr\u00e1 ser registrado legalmente como candidato\u201d.<\/p>\n\n\n\n<p class=\"wp-block-paragraph\">\u201cSi se hace precampa\u00f1a y no se rinde informe de ingresos y gastos, la sanci\u00f3n es que no se podr\u00e1 ser candidata o candidato\u201d, enfatiz\u00f3 Mart\u00edn del Campo y considero inadmisible que F\u00e9lix Salgado Macedonio niegue que hizo proselitismo cuando existen videos de eventos masivos en su cuenta de Facebook.<\/p>\n\n\n\n<p class=\"wp-block-paragraph\">Calific\u00f3 de absurdo que Morena haya alegado que, como nombr\u00f3 precandidatos, no pidi\u00f3 al INE que se le diera acceso al Sistema Nacional de Registro de Precandidatos y Candidatos, y al no hacerlo, no se gener\u00f3 una obligaci\u00f3n para rendir informes.<\/p>\n\n\n\n<p class=\"wp-block-paragraph\">Record\u00f3 que el INE ha dejado claro que, s\u00ed hubo un proceso interno en el que se registraron aspirantes y se dio dentro del plazo que marca la ley para precampa\u00f1as en Guerrero.&nbsp;<\/p>\n\n\n\n<p class=\"wp-block-paragraph\">\u201cAdem\u00e1s a todas luces los morenistas anduvieron muy activos haciendo proselitismo, tras registrarse en su encuesta interna, las redes no mienten\u201d, sentenci\u00f3.<\/p>\n","protected":false},"excerpt":{"rendered":"<p>El Partido Acci\u00f3n Nacional (PAN) respalda al Instituto Nacional Electoral (INE), ya que como m\u00e1ximo \u00f3rgano electoral act\u00fao con apego a la ley al cancelar el registro de F\u00e9lix Salgado Macedonio<\/p>\n","protected":false},"author":3,"featured_media":33754,"comment_status":"open","ping_status":"open","sticky":false,"template":"","format":"standard","meta":{"_monsterinsights_skip_tracking":false,"footnotes":""},"categories":[692,141],"tags":[],"class_list":["post-33752","post","type-post","status-publish","format-standard","has-post-thumbnail","category-692","category-elecciones-2020-2021"],"_links":{"self":[{"href":"https:\/\/redsemlac.com\/semmexico\/wp-json\/wp\/v2\/posts\/33752","targetHints":{"allow":["GET"]}}],"collection":[{"href":"https:\/\/redsemlac.com\/semmexico\/wp-json\/wp\/v2\/posts"}],"about":[{"href":"https:\/\/redsemlac.com\/semmexico\/wp-json\/wp\/v2\/types\/post"}],"author":[{"embeddable":true,"href":"https:\/\/redsemlac.com\/semmexico\/wp-json\/wp\/v2\/users\/3"}],"replies":[{"embeddable":true,"href":"https:\/\/redsemlac.com\/semmexico\/wp-json\/wp\/v2\/comments?post=33752"}],"version-history":[{"count":0,"href":"https:\/\/redsemlac.com\/semmexico\/wp-json\/wp\/v2\/posts\/33752\/revisions"}],"wp:featuredmedia":[{"embeddable":true,"href":"https:\/\/redsemlac.com\/semmexico\/wp-json\/wp\/v2\/media\/33754"}],"wp:attachment":[{"href":"https:\/\/redsemlac.com\/semmexico\/wp-json\/wp\/v2\/media?parent=33752"}],"wp:term":[{"taxonomy":"category","embeddable":true,"href":"https:\/\/redsemlac.com\/semmexico\/wp-json\/wp\/v2\/categories?post=33752"},{"taxonomy":"post_tag","embeddable":true,"href":"https:\/\/redsemlac.com\/semmexico\/wp-json\/wp\/v2\/tags?post=33752"}],"curies":[{"name":"wp","href":"https:\/\/api.w.org\/{rel}","templated":true}]}}