{"id":33741,"date":"2021-03-27T16:02:55","date_gmt":"2021-03-27T22:02:55","guid":{"rendered":"https:\/\/redsemlac.com\/semmexico\/?p=33741"},"modified":"2023-07-21T16:54:41","modified_gmt":"2023-07-21T21:54:41","slug":"cooperacion-internacional-ayuda-a-disminuir-brechas-de-genero-en-cuba","status":"publish","type":"post","link":"https:\/\/redsemlac.com\/semmexico\/cooperacion-internacional-ayuda-a-disminuir-brechas-de-genero-en-cuba\/","title":{"rendered":"Cooperaci\u00f3n internacional ayuda a disminuir brechas de g\u00e9nero en Cuba"},"content":{"rendered":"\n<ul class=\"wp-block-list\"><li><strong>Prosam es una iniciativa coordinada por el Instituto de Suelos del Ministerio de Agricultura, con apoyo del gobierno de Canad\u00e1 y las organizaciones humanitarias internacionales &nbsp;Care&nbsp;y&nbsp;Oxfam.<\/strong><\/li><\/ul>\n\n\n\n<p class=\"wp-block-paragraph\"><strong>Patricia Grogg\u00a0<\/strong><\/p>\n\n\n\n<p class=\"wp-block-paragraph\">SemM\u00e9xico\/ IPS,&nbsp;La Habana, 27 de marzo, &nbsp;2021\u2013 Sonriente y de hablar r\u00e1pido, Kety D\u00edaz revisa los surcos de frijoles intercalados con siembra de ma\u00edz, lechuga y pl\u00e1tano, mientras narra su historia de productora en la finca La Cotorra, de Guanabacoa, un municipio pr\u00f3ximo a la Habana cuyas extensas llanuras favorecen la agricultura.<\/p>\n\n\n\n<p class=\"wp-block-paragraph\">\u201cMe gusta el campo y los animales. Para dedicarse a esto, tiene que gustarte de verdad\u201d, relat\u00f3 a IPS esta productora de 42 a\u00f1os, una de las campesinas beneficiadas por el&nbsp;<a href=\"https:\/\/www.facebook.com\/Prosam-Proyecto-de-Sostenibilidad-Alimentaria-en-los-Municipios-261666411379306\/\" target=\"_blank\" rel=\"noreferrer noopener\">Proyecto de Sostenibilidad Alimentaria en los Municipios<\/a>&nbsp;(Prosam), un programa de cooperaci\u00f3n internacional para la producci\u00f3n sostenible en municipios de Cuba.<\/p>\n\n\n\n<p class=\"wp-block-paragraph\">Es la hija menor y la \u00fanica que vive en la finca con sus padres, ya mayores. Comparte su jornada entre el campo y las tareas de la casa. Al principio, hace dos a\u00f1os, cuando le dijeron que la hab\u00edan seleccionado para el proyecto, se asust\u00f3 un poco, pero asumi\u00f3 el reto, con la misma decisi\u00f3n con que coge el machete para trabajar en las plantas de pl\u00e1tano (banano para cocinar).<\/p>\n\n\n\n<p class=\"wp-block-paragraph\">\u00abHe visto muchas cosas hechas con este enfoque de g\u00e9nero, pero en ocasiones se queda en la palabra, en la sensibilizaci\u00f3n y no se concretiza, entonces y por eso, le pusimos mucha fuerza a tener mujeres l\u00edderes de verdad\u201d: Carlos Aragon\u00e9s<\/p>\n\n\n\n<p class=\"wp-block-paragraph\">\u201cMe ha aportado mucha capacitaci\u00f3n y recursos para impulsar la producci\u00f3n: el sistema de riego, paneles solares y turbina, tanques de agua para la vivienda\u201d, afirm\u00f3 D\u00edaz, quien junto a su esposo cultiva la finca de algo m\u00e1s de dos hect\u00e1reas, donde es vital la materia org\u00e1nica por el desgaste del suelo.<\/p>\n\n\n\n<p class=\"wp-block-paragraph\">Prosam es una iniciativa coordinada por el Instituto de Suelos del Ministerio de Agricultura, con apoyo del gobierno de Canad\u00e1 y las organizaciones humanitarias internacionales &nbsp;<a href=\"https:\/\/www.care-international.org\/\" target=\"_blank\" rel=\"noreferrer noopener\">Care<\/a>&nbsp;y&nbsp;<a href=\"https:\/\/www.oxfam.org\/es\" target=\"_blank\" rel=\"noreferrer noopener\">Oxfam.<\/a><\/p>\n\n\n\n<p class=\"wp-block-paragraph\">Su objetivo es incrementar la producci\u00f3n agr\u00edcola sostenible para mujeres y hombres en cinco municipios de las provincias occidentales de Artemisa, Mayabeque y la Habana, donde se ubica la capital del pa\u00eds.<\/p>\n\n\n\n<p class=\"wp-block-paragraph\">Los municipios incluidos son Artemisa (en la provincia del mismo nombre), Bejucal, Guines y Madruga, (provincia de Mayabeque) y Guanabacoa, en la provincia de La Habana. En conjunto totalizan un \u00e1rea de 1 831 68 kil\u00f3metros cuadrados y cuentan con una poblaci\u00f3n superior a los 320 000 habitantes.<\/p>\n\n\n\n<p class=\"wp-block-paragraph\">La iniciativa persigue fortalecer las capacidades de las delegaciones municipales de la agricultura y del Instituto de Suelos para promover el autoabastecimiento local con pr\u00e1cticas agroecol\u00f3gicas y contribuir a la elaboraci\u00f3n de planes productivos que combinen la demanda de la poblaci\u00f3n con los intereses de quienes producen la tierra.<\/p>\n\n\n\n<p class=\"wp-block-paragraph\">En cifras, entre 2015 y 2020 el aporte de la cooperaci\u00f3n internacional se situ\u00f3 en casi cuatro millones de d\u00f3lares, y fueron beneficiadas directamente unas 450 mujeres, e indirectamente otras 323 456 personas, de ellas 163 158 mujeres y 160 298 hombres.<\/p>\n\n\n\n<p class=\"wp-block-paragraph\">El enfoque de g\u00e9nero, junto al medioambiental y productivo, figura entre las prioridades desde la formulaci\u00f3n de la iniciativa. En ese sentido, Prosam parti\u00f3 desde el reconocimiento de que uno de los desaf\u00edos del sector agr\u00edcola es la desigualdad en cuanto al acceso y control de los recursos por parte de las mujeres.<\/p>\n\n\n\n<p class=\"wp-block-paragraph\">Entre los principales retos que enfrentan ellas en el contexto de la producci\u00f3n de alimentos, figuran la mayor carga dom\u00e9stica, la violencia psicol\u00f3gica basada en g\u00e9nero, reciben menos reconocimiento que los hombres por sus resultados, la segregaci\u00f3n laboral y menor acceso a puestos de direcci\u00f3n, &nbsp;as\u00ed como menos acceso a recursos para emprender.<\/p>\n\n\n\n<p class=\"wp-block-paragraph\">\u201cNosotros iniciamos el proyecto con siete mujeres l\u00edderes y ya tenemos m\u00e1s de 60\u201d, destac\u00f3 Yosley M\u00e1rquez, coordinador de Prosam en Guanabacoa, durante un recorrido por predios productivos de ese municipio en que particip\u00f3 IPS.<\/p>\n\n\n\n<p class=\"wp-block-paragraph\">El funcionario a\u00f1adi\u00f3 que Prosam ha potenciado la participaci\u00f3n de las mujeres en el municipio, buscando su liderazgo en las iniciativas que ellas trabajan, adem\u00e1s de que ha aumentado la producci\u00f3n a partir de la aplicaci\u00f3n de tecnolog\u00edas y nuevas pr\u00e1cticas en la agricultura.<\/p>\n\n\n\n<p class=\"wp-block-paragraph\">En Guanabacoa, a unos ocho kil\u00f3metros de La Habana, el proyecto alcanz\u00f3 tambi\u00e9n a la Unidad B\u00e1sica de Producci\u00f3n Cooperativa (UBPC) Villa 1, que preside Leticia Medina.<\/p>\n\n\n\n<p class=\"wp-block-paragraph\">\u201cCosechamos principalmente hortalizas de hojas y condimentos frescos. Con Prosam estamos desarrollando un proyecto para condimentos secos, algo que se hizo hace tiempo, pero que dej\u00f3 de hacerse por el deterioro de los equipos. Ahora, se piensa rescatar ese rubro que tiene mucha demanda y sustituye importaciones\u201d, destac\u00f3.<\/p>\n\n\n\n<p class=\"wp-block-paragraph\">Desde Prosam, nos suministrar\u00edan la deshidratadora, selladora el\u00e9ctrica y batidora, las tres cosas principales que necesitamos; lo dem\u00e1s, cosechar, es cosa de nosotros\u201d, agreg\u00f3 Medina, al frente de las 10 personas \u2013tres mujeres y siete hombres- que trabajan en el proyecto organop\u00f3nico y la finca de la UBPC.<\/p>\n\n\n\n<p class=\"wp-block-paragraph\">\u201cLa diversificaci\u00f3n va a venir de la mano del proyecto\u201d, sostuvo la presidenta de la cooperativa, quien es a la vez jefa de producci\u00f3n, comercializadora y organizadora, dentro de un colectivo que practica el multioficio, que permite \u201cser m\u00e1s eficientes y repartir los ingresos entre menos personas\u201d.<\/p>\n\n\n\n<p class=\"wp-block-paragraph\">A la luz de la nueva estrategia de Cuba para el impulso a la econom\u00eda en el contexto de la crisis acentuada por la pandemia, en Villa 1 analizan variantes para fomentar al menos un producto de exportaci\u00f3n, que les proporcione ingresos en moneda libremente convertible y potencie el desarrollo de otras l\u00edneas.<\/p>\n\n\n\n<p class=\"wp-block-paragraph\">Seg\u00fan explica Laritsa Gonz\u00e1lez, facilitadora del proyecto, Prosam tiene un instrumento de selecci\u00f3n de iniciativas que contempla indicadores espec\u00edficos para la incorporaci\u00f3n femenina. Result\u00f3 \u201cfundamental para que hubiera mujeres generando ideas como parte de los emprendimientos productivos\u201d, coment\u00f3.<\/p>\n\n\n\n<p class=\"wp-block-paragraph\">\u00abHe visto muchas cosas hechas con este enfoque de g\u00e9nero, pero en ocasiones se queda en la palabra, en la sensibilizaci\u00f3n y no se concretiza, entonces y por eso, le pusimos mucha fuerza a tener mujeres l\u00edderes de verdad\u201d, advirti\u00f3 Carlos Aragon\u00e9s, tambi\u00e9n facilitador del proyecto.<\/p>\n\n\n\n<p class=\"wp-block-paragraph\">A la vez, destac\u00f3, \u201cno es pobrecitas las mujeres, es demostrar que eres capaz de hacerlo, sobreponerte a todo, salir adelante y ser exitosas, como las tenemos, muchos hombres quisieran llegar a donde est\u00e1n ellas\u201d. \u00abHay que ayudarlas y tambi\u00e9n empujarlas y llevarlas a cumplir el compromiso asumido\u201d, remarc\u00f3.<\/p>\n\n\n\n<p class=\"wp-block-paragraph\">En el contexto de la Estrategia de G\u00e9nero del Sistema de la Agricultura (2015-2020) que comenz\u00f3 ya un segundo per\u00edodo, la opci\u00f3n actual es promover un entorno favorable para cambios en actitudes, creencias y pr\u00e1cticas que permiten impulsar procesos sostenibles hacia la igualdad de g\u00e9nero y el liderazgo de las mujeres.<\/p>\n\n\n\n<p class=\"wp-block-paragraph\">En este sentido, las mujeres y las comunidades de los territorios beneficiados por el proyecto han fortalecido sus liderazgos a trav\u00e9s del desarrollo de capacidades t\u00e9cnicas, la comprensi\u00f3n de la perspectiva de g\u00e9nero, el acceso a recursos y el intercambio de experiencias con otras productoras.<\/p>\n\n\n\n<p class=\"wp-block-paragraph\">Es por eso que uno de los resultados previstos para el cierre de Prosam, en este mismo a\u00f1o. En 2021, incluye el lanzamiento el 12 de marzo de una campa\u00f1a de comunicaci\u00f3n para visibilizar el aporte de las mujeres a la soberan\u00eda alimentaria y la sostenibilidad desde diferentes escenarios vinculados con los sistemas alimentarios.<\/p>\n\n\n\n<p class=\"wp-block-paragraph\">El Ministerio de Agricultura invierte entre ocho y 10 por ciento de su presupuesto anual en la estrategia de g\u00e9nero, que incluye acciones de capacitaci\u00f3n, gesti\u00f3n del conocimiento y organizacional, empoderamiento econ\u00f3mico, comunicaci\u00f3n, incidencia comunitaria y conciliaci\u00f3n de la vida familiar y laboral, entre otras.<\/p>\n\n\n\n<p class=\"wp-block-paragraph\">Esta estrategia estipula adem\u00e1s que en todos los proyectos de cooperaci\u00f3n, entre cinco y 10 por ciento del presupuesto se destine a acciones de g\u00e9nero.<\/p>\n\n\n\n<p class=\"wp-block-paragraph\"><em>Sem\/SLED: EG<\/em><\/p>\n","protected":false},"excerpt":{"rendered":"<p>Prosam es una iniciativa coordinada por el Instituto de Suelos del Ministerio de Agricultura, con apoyo del gobierno de Canad\u00e1 y las organizaciones humanitarias internacionales  Care y Oxfam.<\/p>\n","protected":false},"author":3,"featured_media":33742,"comment_status":"open","ping_status":"open","sticky":false,"template":"","format":"standard","meta":{"_monsterinsights_skip_tracking":false,"footnotes":""},"categories":[692,53],"tags":[],"class_list":["post-33741","post","type-post","status-publish","format-standard","has-post-thumbnail","category-692","category-internacional"],"_links":{"self":[{"href":"https:\/\/redsemlac.com\/semmexico\/wp-json\/wp\/v2\/posts\/33741","targetHints":{"allow":["GET"]}}],"collection":[{"href":"https:\/\/redsemlac.com\/semmexico\/wp-json\/wp\/v2\/posts"}],"about":[{"href":"https:\/\/redsemlac.com\/semmexico\/wp-json\/wp\/v2\/types\/post"}],"author":[{"embeddable":true,"href":"https:\/\/redsemlac.com\/semmexico\/wp-json\/wp\/v2\/users\/3"}],"replies":[{"embeddable":true,"href":"https:\/\/redsemlac.com\/semmexico\/wp-json\/wp\/v2\/comments?post=33741"}],"version-history":[{"count":0,"href":"https:\/\/redsemlac.com\/semmexico\/wp-json\/wp\/v2\/posts\/33741\/revisions"}],"wp:featuredmedia":[{"embeddable":true,"href":"https:\/\/redsemlac.com\/semmexico\/wp-json\/wp\/v2\/media\/33742"}],"wp:attachment":[{"href":"https:\/\/redsemlac.com\/semmexico\/wp-json\/wp\/v2\/media?parent=33741"}],"wp:term":[{"taxonomy":"category","embeddable":true,"href":"https:\/\/redsemlac.com\/semmexico\/wp-json\/wp\/v2\/categories?post=33741"},{"taxonomy":"post_tag","embeddable":true,"href":"https:\/\/redsemlac.com\/semmexico\/wp-json\/wp\/v2\/tags?post=33741"}],"curies":[{"name":"wp","href":"https:\/\/api.w.org\/{rel}","templated":true}]}}