{"id":33736,"date":"2021-03-27T15:55:29","date_gmt":"2021-03-27T21:55:29","guid":{"rendered":"https:\/\/redsemlac.com\/semmexico\/?p=33736"},"modified":"2023-07-21T16:54:41","modified_gmt":"2023-07-21T21:54:41","slug":"contra-acciones-de-retroceso-o-regresion-en-el-avance-de-las-mujeres-se-pronuncio-la-ex-embajadora-patricia-galeana","status":"publish","type":"post","link":"https:\/\/redsemlac.com\/semmexico\/contra-acciones-de-retroceso-o-regresion-en-el-avance-de-las-mujeres-se-pronuncio-la-ex-embajadora-patricia-galeana\/","title":{"rendered":"Contra acciones de retroceso o regresi\u00f3n  en el avance de las mujeres se pronunci\u00f3 la ex embajadora Patricia Galeana"},"content":{"rendered":"\n<ul class=\"wp-block-list\"><li><strong>Al ritmo de las acciones de igualdad, tardaremos 257 a\u00f1os para lograrla en el campo del trabajo y los salarios<\/strong><\/li><li><strong>Conmemoraci\u00f3n del natalicio de Palma Guill\u00e9n S\u00e1nchez, primera embajadora de M\u00e9xico, nombrada por L\u00e1zaro C\u00e1rdenas del R\u00edo<\/strong><\/li><\/ul>\n\n\n\n<p class=\"wp-block-paragraph\"><strong>Elda Montiel<\/strong><\/p>\n\n\n\n<p class=\"wp-block-paragraph\">SemM\u00e9xico. Cd. de M\u00e9xico. 27 de marzo 2021.- La ex embajadora de M\u00e9xico en Colombia, la historiadora Patricia Galeana lament\u00f3 que la violencia contra las mujeres y las desigualdades sociales se hayan triplicado por la pandemia&nbsp; del coronavirus y advirti\u00f3 que no puede haber retrocesos o regresiones a lo avanzado por la mitad de la poblaci\u00f3n.<\/p>\n\n\n\n<p class=\"wp-block-paragraph\">Y dijo que si el ritmo para la igualdad en M\u00e9xico, sigue como va, tardaremos 257 a\u00f1os en alcanzarla, sobre todo la igualdad laboral. Habl\u00f3 as\u00ed en la conferencia que dict\u00f3 con motivo del natalicio de Palma Guill\u00e9n S\u00e1nchez, la primera embajadora de M\u00e9xico en la \u00e9poca del general L\u00e1zaro C\u00e1rdenas, (1934-1940).<\/p>\n\n\n\n<p class=\"wp-block-paragraph\">Afirm\u00f3 que en esa \u00e9poca todav\u00eda no estaban reconocidos los derechos pol\u00edticos de las mujeres. La conferencia de &nbsp;la doctora Patricia Galeana se enmarca a unos d\u00edas de celebrarse el Foro de Igualdad de la ONU encabezada por M\u00e9xico y Francia, por lo que &nbsp;expreso que hay que reforzar las acciones a favor de las mujeres, pues no puede haber regresiones o retrasos en lo que se ha avanzado.<\/p>\n\n\n\n<p class=\"wp-block-paragraph\">La historiadora, diplom\u00e1tica, fundadora y directora del Museo de la Mujer, abundo que la brecha de g\u00e9nero de acuerdo del reporte del Foro Econ\u00f3mico de Davos del 2020 se\u00f1ala que, si seguimos al ritmo actual de las pol\u00edticas p\u00fablicas, tardaremos 257 a\u00f1os en alcanzar la igualdad salarial de hombres y mujeres, \u201ca trabajo igual corresponde salario igual\u201d, hizo notar.<\/p>\n\n\n\n<p class=\"wp-block-paragraph\">Llam\u00f3 a la reflexi\u00f3n con las palabras de Norberto Bobbio \u201cel mejor term\u00f3metro para medir el grado de civilizaci\u00f3n de un pueblo es la situaci\u00f3n de sus mujeres\u201d.&nbsp;<\/p>\n\n\n\n<p class=\"wp-block-paragraph\">Tambi\u00e9n se\u00f1al\u00f3 que a nivel mundial los pa\u00edses con mejor respuesta a la pandemia del COVID son los encabezados por mujeres, y, sin embargo, de 193 pa\u00edses s\u00f3lo 20 est\u00e1n encabezados por mujeres: 9 presidentas, una canciller y 10 Primeras Ministras.<\/p>\n\n\n\n<p class=\"wp-block-paragraph\">Al referirse a la situaci\u00f3n econ\u00f3mica de las mujeres refiri\u00f3 que son las m\u00e1s pobres de los pobres con el 60 por ciento a nivel mundial. Que dos tercios de las personas analfabetas son mujeres, \u201cno porque no quieran estudiar, sino porque no las dejan\u201d, y que todav\u00eda en 26 pa\u00edses siga prohibido totalmente el aborto.<\/p>\n\n\n\n<p class=\"wp-block-paragraph\">Respecto a la violencia, se\u00f1al\u00f3 que el reporte de la ONU en 2017 registraba 90 mil feminicidios y el 57 por cientos sabemos era por su pareja.<\/p>\n\n\n\n<p class=\"wp-block-paragraph\">Estas cifras aumentaron con el aislamiento social, a nivel mundial la violencia aumento 25 por ciento y en M\u00e9xico el 300 por ciento, datos de la Red Nacional de Refugios.<\/p>\n\n\n\n<p class=\"wp-block-paragraph\">En M\u00e9xico los feminicidios en 2020, datos oficiales, reportan 940 feminicidios que nos colocan despu\u00e9s de Brasil. Somos el primer lugar en el mundo en violencia sexual infantil de acuerdo a datos del Senado de la Republica.<\/p>\n\n\n\n<p class=\"wp-block-paragraph\">Abundo que de acuerdo a la Encuesta Nacional de G\u00e9nero en la que le toco participar, el 68 por ciento de los hombres y el 57 por ciento de las mujeres consideran que la violencia es parte de la vida familiar, ya que reconocen haber sido golpeados de ni\u00f1os por la madre o el padre.&nbsp;<\/p>\n\n\n\n<p class=\"wp-block-paragraph\">Consider\u00f3 este panorama preocupante y vergonzoso, la violencia contra las mujeres es un foco rojo para las autoridades y la sociedad.<\/p>\n\n\n\n<p class=\"wp-block-paragraph\">Refiri\u00f3 que las feministas mexicanas elaboraron una serie de planteamientos que presentaran en el Foro Generaci\u00f3n Igualdad en el que hacen un llamado para que se sumen los tres niveles de gobierno, sociedad civil, organismos aut\u00f3nomos, sector privado.&nbsp;<\/p>\n\n\n\n<h2 class=\"wp-block-heading\"><strong>Servicio Exterior Mexicano y la ciudadan\u00eda<\/strong><\/h2>\n\n\n\n<p class=\"wp-block-paragraph\">Destac\u00f3 la doctora Galeana que uno de los objetivos del Museo de la Mujer es recoger la historia de las mujeres para que se reconozca todas sus contribuciones a la construcci\u00f3n del pa\u00eds, como en el caso de Palma Guill\u00e9n que tiene que ver c\u00f3mo surge el Servicio Exterior Mexicano que al inicio excluye a las mujeres todo el siglo XIX solo hombres est\u00e1n en los cargos diplom\u00e1ticos.<\/p>\n\n\n\n<p class=\"wp-block-paragraph\">Hubo una mujer que tuvo una representaci\u00f3n diplom\u00e1tica de facto Hermila Galindo, era una maestra taquimecan\u00f3grafa, feminista, secretaria de Venustiano Carranza, tambi\u00e9n ser\u00e1 la encargada para dar a conocer la doctrina Carranza en el extranjero en la Habana, Cuba, llamando a la uni\u00f3n de los pueblos latinoamericanos para unirse frente a las grandes potencias.<\/p>\n\n\n\n<p class=\"wp-block-paragraph\">Palma Guill\u00e9n maestra normalista y despu\u00e9s universitaria fue nombrada por L\u00e1zaro C\u00e1rdenas en 1935 Primer Ministra Plenipotenciaria en Colombia, su designaci\u00f3n fue interpretada como antecedente para la ciudadan\u00eda de las mujeres. Tambi\u00e9n fue la primera mujer en recibir ese nombramiento en Am\u00e9rica Latina. &nbsp;<\/p>\n\n\n\n<p class=\"wp-block-paragraph\">En 1936 es nombrada con el mismo cargo en el Reino de Dinamarca, asesora t\u00e9cnica ante la Sociedad de las Naciones de 1938 a 1942, y agregada cultural de la embajada de M\u00e9xico en Italia en 1952. Retorna a M\u00e9xico a la academia y escribe la historia de las mujeres.<\/p>\n\n\n\n<p class=\"wp-block-paragraph\">Palma Guill\u00e9n trabaj\u00f3 en la Secretar\u00eda de Educaci\u00f3n con Jos\u00e9 Vasconcelos fundo las bibliotecas ambulantes era poliglota hablaba ingl\u00e9s, franc\u00e9s, italiano, portugu\u00e9s y catal\u00e1n. Fue designada por Vasconcelos para acompa\u00f1ar a la escritora chilena Gabriela Mistral en su visita a M\u00e9xico y de ah\u00ed surgi\u00f3 una amistad de por vida. Gracias a ella volteo la mirada a Am\u00e9rica Latina.&nbsp; &nbsp;<\/p>\n\n\n\n<p class=\"wp-block-paragraph\">Recibe su nombramiento cuando el gobierno de Colombia lo encabezaba Alfonso L\u00f3pez Pumarejo, quien estableci\u00f3 una rep\u00fablica liberal con una ideolog\u00eda af\u00edn al gobierno cardenista. Los educadores colombianos liberales consideraban que el modelo de educaci\u00f3n socialista mexicana era un ejemplo, mientras para los conservadores era una amenaza.<\/p>\n\n\n\n<p class=\"wp-block-paragraph\">La llegada de Palma Guillen a Colombia genero una pol\u00e9mica significativa. Tuvo que enfrentarse al conservadurismo colombiano, principalmente de las mujeres bogotanas. Desminti\u00f3 que hubiera persecuci\u00f3n religiosa en M\u00e9xico, aclar\u00f3 que se hizo un registro para que los sacerdotes se anotar\u00e1n y el arzobispo prohibi\u00f3 que los p\u00e1rrocos se registraran y fueron ellos los que cerraron los templos. Esto provoc\u00f3 alarma entre las cat\u00f3licas bogotanas y la prensa opositora la acus\u00f3 de querer intervenir en la pol\u00edtica colombiana.<\/p>\n\n\n\n<p class=\"wp-block-paragraph\">Tambi\u00e9n se le critic\u00f3 que era soltera y su amistad con Gabriela Mistral. &nbsp;&nbsp;&nbsp;<\/p>\n\n\n\n<p class=\"wp-block-paragraph\">Cuando Palma Guillen fue cuestionada en la prensa danesa que c\u00f3mo era posible que una mujer representara a un pa\u00eds donde las mujeres no ten\u00edan derechos pol\u00edticos, Palma Guillen defendi\u00f3 la situaci\u00f3n del gobierno que representaba y contest\u00f3 que no era necesario que se diera en ese momento el voto a las mujeres, porque pod\u00edan ocupar cualquier cargo.<\/p>\n\n\n\n<p class=\"wp-block-paragraph\">Patricia Galeana consider\u00f3 necesario analizar lo que estaba sucediendo en M\u00e9xico, destac\u00f3 que, aunque las mujeres lucharon en todas las revoluciones sociales ninguna Constituci\u00f3n les reconoci\u00f3 sus derechos. No se les otorgo la ciudadan\u00eda hasta la mitad del siglo XX, en 1953.<\/p>\n\n\n\n<p class=\"wp-block-paragraph\">Record\u00f3 la doctora Galeana que la Constituci\u00f3n de 1917 les hab\u00eda negado la ciudadan\u00eda a las mujeres, aunque hubo tres iniciativas. Una de Hermila Galindo pidiendo la ciudadan\u00eda restringida, es decir a nivel local. Otra de Salvador Gonz\u00e1lez Torres, que argumento que era una falsedad decir que las mujeres eran menos inteligentes porque ten\u00edan menor estatura, y otra propuesta de In\u00e9s Malvaez, maderista, que les pidi\u00f3 a los congresistas no darles el voto a las mujeres porque estaban manejadas por la iglesia y se perder\u00edan los logros de la Revoluci\u00f3n.<\/p>\n\n\n\n<p class=\"wp-block-paragraph\">M\u00e9xico fue de los \u00faltimos seis pa\u00edses de Am\u00e9rica Latina en otorgar el voto a las mujeres, s\u00f3lo antes que Colombia (1954); Honduras, Nicaragua y Per\u00fa (1955) y Paraguay (1961).<\/p>\n\n\n\n<p class=\"wp-block-paragraph\">El 28 de agosto de 1935 se crea el Frente \u00danico Pro Derechos de la Mujer que es una muestra de negociaci\u00f3n diplom\u00e1tica porque uni\u00f3 tanto a mujeres del Partido Nacional de la Revoluci\u00f3n (PNR) formado por Plutarco El\u00edas Calles como del Partidos Comunista o incluso de las ligas cat\u00f3licas, conformado por 800 agrupaciones feministas de todo el pa\u00eds, con m\u00e1s de 50 mil afiliadas de diferentes profesiones y tendencias.<\/p>\n\n\n\n<p class=\"wp-block-paragraph\">Entre sus dirigentes del PNR destaca Refugio Garc\u00eda que quiso lanzar su candidatura por Uruapan y habiendo obtenido la mayor\u00eda de los votos de los delegados no se le reconoci\u00f3 su candidatura. Tampoco se le reconoci\u00f3 a Soledad Orozco que se hab\u00eda lanzado por Le\u00f3n Guanajuato las dos en 1937. Argumentaron que primero hab\u00eda que reformar la Constituci\u00f3n para que se pudieran lanzar como candidatas.<\/p>\n\n\n\n<p class=\"wp-block-paragraph\">Para presionar, Refugio \u201cCuca\u201d Garc\u00eda se lanza como independiente y realiza una huelga de hambre afuera de Los Pinos, y amenaza con quemar Palacio Nacional.<\/p>\n\n\n\n<p class=\"wp-block-paragraph\">Respecto al Servicio Exterior Mexicano, se\u00f1al\u00f3 que en la Ley de 1943 se les sigue excluyendo a las mujeres. Se les incorpora en la Ley de 1982 expl\u00edcitamente con una serie de limitaciones hasta que tenemos a Rosario Green 1998 como la primer Secretar\u00eda de Relaciones Exteriores.&nbsp;<\/p>\n\n\n\n<p class=\"wp-block-paragraph\">En 2015 se plantea un Programa para dar igualdad de mujeres y hombres en el Servicio Exterior Mexicano.<\/p>\n\n\n\n<p class=\"wp-block-paragraph\">En este marco de hacer visible las acciones de las mujeres la doctora Patricia Galeana dio a conocer que esta pr\u00f3xima a salir una obra que coordino donde se da cuenta de las diplom\u00e1ticas mexicanas desde Hermila Galindo, que act\u00fao con una representaci\u00f3n diplom\u00e1tica de facto con Venustiano Carranza, Palma Guillen hasta Rosario Green la primera canciller en 1998.<\/p>\n","protected":false},"excerpt":{"rendered":"<p>Al ritmo de las acciones de igualdad, tardaremos 257 a\u00f1os para lograrla en el campo del trabajo y los salarios<\/p>\n","protected":false},"author":3,"featured_media":33737,"comment_status":"open","ping_status":"open","sticky":false,"template":"","format":"standard","meta":{"_monsterinsights_skip_tracking":false,"footnotes":""},"categories":[692,54],"tags":[],"class_list":["post-33736","post","type-post","status-publish","format-standard","has-post-thumbnail","category-692","category-mujeres"],"_links":{"self":[{"href":"https:\/\/redsemlac.com\/semmexico\/wp-json\/wp\/v2\/posts\/33736","targetHints":{"allow":["GET"]}}],"collection":[{"href":"https:\/\/redsemlac.com\/semmexico\/wp-json\/wp\/v2\/posts"}],"about":[{"href":"https:\/\/redsemlac.com\/semmexico\/wp-json\/wp\/v2\/types\/post"}],"author":[{"embeddable":true,"href":"https:\/\/redsemlac.com\/semmexico\/wp-json\/wp\/v2\/users\/3"}],"replies":[{"embeddable":true,"href":"https:\/\/redsemlac.com\/semmexico\/wp-json\/wp\/v2\/comments?post=33736"}],"version-history":[{"count":0,"href":"https:\/\/redsemlac.com\/semmexico\/wp-json\/wp\/v2\/posts\/33736\/revisions"}],"wp:featuredmedia":[{"embeddable":true,"href":"https:\/\/redsemlac.com\/semmexico\/wp-json\/wp\/v2\/media\/33737"}],"wp:attachment":[{"href":"https:\/\/redsemlac.com\/semmexico\/wp-json\/wp\/v2\/media?parent=33736"}],"wp:term":[{"taxonomy":"category","embeddable":true,"href":"https:\/\/redsemlac.com\/semmexico\/wp-json\/wp\/v2\/categories?post=33736"},{"taxonomy":"post_tag","embeddable":true,"href":"https:\/\/redsemlac.com\/semmexico\/wp-json\/wp\/v2\/tags?post=33736"}],"curies":[{"name":"wp","href":"https:\/\/api.w.org\/{rel}","templated":true}]}}