{"id":33730,"date":"2021-03-27T15:47:42","date_gmt":"2021-03-27T21:47:42","guid":{"rendered":"https:\/\/redsemlac.com\/semmexico\/?p=33730"},"modified":"2023-07-21T16:54:41","modified_gmt":"2023-07-21T21:54:41","slug":"cinthia-carranco-vidal-nueva-subsecretaria-de-coordinacion-enlace-y-atencion-de-organizaciones-sociales-en-la-secretaria-de-gobierno-de-guerrero","status":"publish","type":"post","link":"https:\/\/redsemlac.com\/semmexico\/cinthia-carranco-vidal-nueva-subsecretaria-de-coordinacion-enlace-y-atencion-de-organizaciones-sociales-en-la-secretaria-de-gobierno-de-guerrero\/","title":{"rendered":"Cinthia Carranco Vidal, nueva  Subsecretaria de Coordinaci\u00f3n, Enlace y Atenci\u00f3n de Organizaciones Sociales en la Secretar\u00eda de Gobierno de Guerrero"},"content":{"rendered":"\n<ul class=\"wp-block-list\"><li><strong>Afirma que su objetivo es profundizar las acciones realizadas para atemperar la violencia contra las mujeres en la entidad.<\/strong><\/li><\/ul>\n\n\n\n<p class=\"wp-block-paragraph\"><strong>Libertad L\u00f3pez<\/strong><\/p>\n\n\n\n<p class=\"wp-block-paragraph\">SemM\u00e9xico, Chilpancingo Gro., 27 de marzo, 2021. Con el acuerdo del Gobernador del Estado, H\u00e9ctor Astudillo Flores, el Secretario General de Gobierno, Florencio Salazar Adame, tom\u00f3 protesta de Ley a&nbsp; Cinthia Carranco Vidal, como Subsecretaria de Coordinaci\u00f3n, Enlace y Atenci\u00f3n de Organizaciones Sociales.<\/p>\n\n\n\n<p class=\"wp-block-paragraph\">La nueva funcionaria dijo a SemM\u00e9xico que ha sido fundamental su orientaci\u00f3n y convicci\u00f3n sobre la vida de las mujeres, para contribuir a la disminuci\u00f3n de la violencia de g\u00e9nero en Guerrero. Explic\u00f3 que en esa entidad &nbsp;se avanz\u00f3 en todas las acciones de la Alerta de Violencia de G\u00e9nero contra las Mujeres, no obstante la complejidad<\/p>\n\n\n\n<p class=\"wp-block-paragraph\">El encargado de la pol\u00edtica interna en el estado, le encomend\u00f3 la conclusi\u00f3n satisfactoria de los programas 2021, entre ellos la Alerta de Violencia de G\u00e9nero, que ven\u00eda atendido Olivia Hidalgo Dom\u00ednguez, a quien le reconoci\u00f3 la labor como Subsecretaria, quien renunci\u00f3&nbsp; al cargo por motivos personales.<\/p>\n\n\n\n<p class=\"wp-block-paragraph\">Carranco Vidal, es licenciada en Ciencias de la Comunicaci\u00f3n, Maestrante de la Universidad de Salamanca, tiene Diplomado en Autonom\u00eda y Derechos Humanos de las Mujeres y Nuevas Masculinidades por la Comisi\u00f3n Nacional de Derechos Humanos.<\/p>\n\n\n\n<p class=\"wp-block-paragraph\">Entre los cargos desempe\u00f1ados en la Secretar\u00eda de Gobierno, destacan; Directora General para la Promoci\u00f3n, Protecci\u00f3n y Defensa de los Derechos de las Mujeres, Enlace ante la Comisi\u00f3n Nacional para Prevenir y Erradicar la Violencia Contra las Mujeres, Directora de Comunicaci\u00f3n Social y, Secretaria Privada de Jefatura, entre otros.<\/p>\n\n\n\n<p class=\"wp-block-paragraph\">Tuvo a su cargo el desarrollo de actividades por la declaratoria de la Alerta de Violencia de G\u00e9nero contra las Mujeres. Durante su desempe\u00f1o se&nbsp; hizo la Campa\u00f1a Juntas con el objetivo de informar a las mujeres como pueden hacer denuncia y reconocer los tipos de violencia, empoderamiento y nuevas masculinidades. Se public\u00f3 el C\u00f3digo Violeta con la participaci\u00f3n de la iniciativa privada que ayuda a resguardar a las mujeres que se encuentran en riesgo y canalizan a la autoridad competente; as\u00ed como el&nbsp;&nbsp; Protocolo de primer respondiente con perspectiva de G\u00e9nero, \u00fanico en la Rep\u00fablica.<\/p>\n\n\n\n<p class=\"wp-block-paragraph\">Como secretaria privad del Secretario General de Gobierno del Estado de Guerrero, Florencio Salazar Adame, se encarg\u00f3 de asesorar con temas de g\u00e9nero que permitan&nbsp; promover la igualdad de g\u00e9nero, el empoderamiento de las mujeres y disminuir la violencia contra las mujeres.<\/p>\n\n\n\n<p class=\"wp-block-paragraph\">Entre octubre de 2019 y octubre de 2020, fue el enlace de la Comisi\u00f3n Nacional para Prevenir y Erradicar la Violencia Contra las Mujeres (CONAVIM; luego Directora General para la Promoci\u00f3n Protecci\u00f3n y Defensa de los Derechos Humanos de las Mujeres y Directora General de Comunicaci\u00f3n Social de la Secretar\u00eda General de Gobierno. Fue Coordinadora de Difusi\u00f3n del Nuevo Sistema de Justicia Penal en el Estado y previamente se desempe\u00f1\u00f3 en el \u00e1rea de Comunicaci\u00f3n Social de la Fiscal\u00eda General del Estado de Guerrero.<\/p>\n\n\n\n<p class=\"wp-block-paragraph\">Fue Locutora de radio del programa \u201cSin corbata, La voz de la Mujer guerrerense\u201d en el Instituto Radio y Televisi\u00f3n Guerrero y en el programa de televisi\u00f3n Siga T.V.<\/p>\n\n\n\n<p class=\"wp-block-paragraph\">Adem\u00e1s de su formaci\u00f3n acad\u00e9mica curs\u00f3 el diplomado en derechos humanos \u201cAutonom\u00eda y derechos humanos de las mujeres\u201d, por la Comisi\u00f3n Nacional de los Derechos Humanos y el diplomado en derechos humanos \u201cNuevas Masculinidades\u201d, por la Comisi\u00f3n Nacional de los Derechos Humanos.<\/p>\n\n\n\n<p class=\"wp-block-paragraph\">Sem\/Sl<\/p>\n","protected":false},"excerpt":{"rendered":"<p>Afirma que su objetivo es profundizar las acciones realizadas para atemperar la violencia contra las mujeres en la entidad.<\/p>\n","protected":false},"author":3,"featured_media":33731,"comment_status":"open","ping_status":"open","sticky":false,"template":"","format":"standard","meta":{"_monsterinsights_skip_tracking":false,"footnotes":""},"categories":[692,51],"tags":[],"class_list":["post-33730","post","type-post","status-publish","format-standard","has-post-thumbnail","category-692","category-ejecutivo"],"_links":{"self":[{"href":"https:\/\/redsemlac.com\/semmexico\/wp-json\/wp\/v2\/posts\/33730","targetHints":{"allow":["GET"]}}],"collection":[{"href":"https:\/\/redsemlac.com\/semmexico\/wp-json\/wp\/v2\/posts"}],"about":[{"href":"https:\/\/redsemlac.com\/semmexico\/wp-json\/wp\/v2\/types\/post"}],"author":[{"embeddable":true,"href":"https:\/\/redsemlac.com\/semmexico\/wp-json\/wp\/v2\/users\/3"}],"replies":[{"embeddable":true,"href":"https:\/\/redsemlac.com\/semmexico\/wp-json\/wp\/v2\/comments?post=33730"}],"version-history":[{"count":0,"href":"https:\/\/redsemlac.com\/semmexico\/wp-json\/wp\/v2\/posts\/33730\/revisions"}],"wp:featuredmedia":[{"embeddable":true,"href":"https:\/\/redsemlac.com\/semmexico\/wp-json\/wp\/v2\/media\/33731"}],"wp:attachment":[{"href":"https:\/\/redsemlac.com\/semmexico\/wp-json\/wp\/v2\/media?parent=33730"}],"wp:term":[{"taxonomy":"category","embeddable":true,"href":"https:\/\/redsemlac.com\/semmexico\/wp-json\/wp\/v2\/categories?post=33730"},{"taxonomy":"post_tag","embeddable":true,"href":"https:\/\/redsemlac.com\/semmexico\/wp-json\/wp\/v2\/tags?post=33730"}],"curies":[{"name":"wp","href":"https:\/\/api.w.org\/{rel}","templated":true}]}}