{"id":33725,"date":"2021-03-27T15:44:08","date_gmt":"2021-03-27T21:44:08","guid":{"rendered":"https:\/\/redsemlac.com\/semmexico\/?p=33725"},"modified":"2023-07-21T16:54:41","modified_gmt":"2023-07-21T21:54:41","slug":"morena-ni-la-ve-ni-las-oye-dicen-aspirantes-a-una-diputacion-local","status":"publish","type":"post","link":"https:\/\/redsemlac.com\/semmexico\/morena-ni-la-ve-ni-las-oye-dicen-aspirantes-a-una-diputacion-local\/","title":{"rendered":"Morena \u201cni la ve ni las oye\u201d, dicen aspirantes a una diputaci\u00f3n local"},"content":{"rendered":"\n<ul class=\"wp-block-list\"><li><strong>\u201cSi esto hicimos sin ser diputadas haremos m\u00e1s cuando lo seamos, dicen Rosa Mar\u00eda Castro y Karina Regalado<\/strong><\/li><\/ul>\n\n\n\n<ul class=\"wp-block-list\"><li><strong>Ambas lograron que se aprobaran importantes lineamientos que favorecen la inclusi\u00f3n de pueblos ind\u00edgenas y afromexicanas<\/strong><\/li><\/ul>\n\n\n\n<p class=\"wp-block-paragraph\"><strong>Soledad Jarqu\u00edn Edgar<\/strong><\/p>\n\n\n\n<p class=\"wp-block-paragraph\">SemM\u00e9xico, Oaxaca, 27 de marzo, 2021.- Si esto hicimos sin ser diputadas imag\u00ednense lo que haremos cuando lo seamos, lo que hemos hecho trasciende a todos los pueblos ind\u00edgenas y afromexicanos, dicen Karina Regalado y Rosa Mar\u00eda Castro, quienes impulsaron la aprobaci\u00f3n de una sentencia de la Sala Superior del TEPJF de los lineamientos que mandatan a los partidos pol\u00edticos y coaliciones a presentar en las candidaturas de personas que se auto adscriben como personas ind\u00edgenas y afromexicanas.<\/p>\n\n\n\n<p class=\"wp-block-paragraph\">As\u00ed el Consejo General del Instituto Estatal Electoral y de Participaci\u00f3n Ciudadana de Oaxaca (IEEPCO) tuvo que ampliar el plazo para presentar solicitudes de registro hasta ma\u00f1ana domingo 28 de solicitudes de registro de candidaturas en el Proceso Electoral Ordinario (PEO) 2020-2021, tras la resoluci\u00f3n de la Sala Superior del Tribunal Electoral del Poder Judicial de la Federaci\u00f3n.<\/p>\n\n\n\n<p class=\"wp-block-paragraph\">Dicha sentencia orden\u00f3 a este Consejo General llevar a cabo los actos necesarios y pertinentes para hacer cumplir las acciones afirmativas implementadas mediante acuerdo IEEPCO-CG-04\/2021. As\u00ed los partidos y coaliciones tendr\u00e1n que presentar candidaturas a diputaciones de mayor\u00eda relativa de la siguiente forma: cinco f\u00f3rmulas con auto adscripci\u00f3n ind\u00edgena o afromexicanas; una de personas con discapacidad permanente f\u00edsica o sensorial, una f\u00f3rmula de personas mayores de 60 a\u00f1os y una de j\u00f3venes.<\/p>\n\n\n\n<figure class=\"wp-block-gallery columns-2 is-cropped wp-block-gallery-1 is-layout-flex wp-block-gallery-is-layout-flex\"><ul class=\"blocks-gallery-grid\"><li class=\"blocks-gallery-item\"><figure><a href=\"https:\/\/redsemlac.com\/semmexico\/wp-content\/uploads\/2021\/03\/Captura-de-pantalla-2021-03-27-a-las-12.54.41.png\"><img loading=\"lazy\" decoding=\"async\" width=\"378\" height=\"373\" src=\"https:\/\/redsemlac.com\/semmexico\/wp-content\/uploads\/2021\/03\/Captura-de-pantalla-2021-03-27-a-las-12.54.41.png\" alt=\"\" data-id=\"33727\" data-full-url=\"https:\/\/redsemlac.com\/semmexico\/wp-content\/uploads\/2021\/03\/Captura-de-pantalla-2021-03-27-a-las-12.54.41.png\" data-link=\"https:\/\/redsemlac.com\/semmexico\/?attachment_id=33727\" class=\"wp-image-33727\"\/><\/a><\/figure><\/li><li class=\"blocks-gallery-item\"><figure><a href=\"https:\/\/redsemlac.com\/semmexico\/wp-content\/uploads\/2021\/03\/Captura-de-pantalla-2021-03-27-a-las-12.54.49.png\"><img loading=\"lazy\" decoding=\"async\" width=\"344\" height=\"413\" src=\"https:\/\/redsemlac.com\/semmexico\/wp-content\/uploads\/2021\/03\/Captura-de-pantalla-2021-03-27-a-las-12.54.49.png\" alt=\"\" data-id=\"33728\" data-full-url=\"https:\/\/redsemlac.com\/semmexico\/wp-content\/uploads\/2021\/03\/Captura-de-pantalla-2021-03-27-a-las-12.54.49.png\" data-link=\"https:\/\/redsemlac.com\/semmexico\/?attachment_id=33728\" class=\"wp-image-33728\"\/><\/a><\/figure><\/li><\/ul><\/figure>\n\n\n\n<p class=\"wp-block-paragraph\">En cuanto a las planillas de los ayuntamientos, por cada segmento de competitividad deber\u00e1n postular el 35 por ciento de candidaturas de auto adscripci\u00f3n ind\u00edgena o afromexicanas, cinco por ciento de candidaturas de personas con discapacidad permanente f\u00edsica o sensorial; el 10 por ciento de personas mayores de 60 a\u00f1os y el 10 por ciento de personas j\u00f3venes.<\/p>\n\n\n\n<p class=\"wp-block-paragraph\"><strong>S\u00e1bado de protesta<\/strong><\/p>\n\n\n\n<p class=\"wp-block-paragraph\">En tanto de diversas organizaciones en una acci\u00f3n sorora, se manifestaron a las puertas del IEEPCO desde las 11 horas y dos horas despu\u00e9s segu\u00edan sin ser atendidas por el presidente del Consejo General, Gustavo Meixueiro N\u00e1jera, la promesa \u201cde un asistente\u201d es que habr\u00eda la posibilidad de que fueran atendidas \u201cde forma virtual\u201d. La exigencia, se\u00f1al\u00f3 Norma Iris Santiago, es que los partidos pol\u00edticos cumplan con la resoluci\u00f3n aprobada hace unos d\u00edas.<\/p>\n\n\n\n<p class=\"wp-block-paragraph\">En entrevista para SemM\u00e9xico, tanto Karina Regalado y Rosa Mar\u00eda Castro, quienes interpusieron el juicio ciudadano aprobado en la Sala Superior TEPJF dijeron sentirse satisfechas por lo hasta ahora logrado, pero no quitar\u00e1n el dedo del rengl\u00f3n.<\/p>\n\n\n\n<p class=\"wp-block-paragraph\">Norma Iris Santiago Hern\u00e1ndez, abogada que dio acompa\u00f1amiento a esta demanda, sostuvo que la paridad es un hecho que se tiene que cumplir, pero las acciones afirmativas han generado reticencia al cumplimiento porque van dirigidas a nivelar desventajas respecto a grupos espec\u00edficos.<\/p>\n\n\n\n<p class=\"wp-block-paragraph\"><strong>Un triunfo hist\u00f3rico<\/strong><\/p>\n\n\n\n<p class=\"wp-block-paragraph\">Karina Regalado, quien present\u00f3 sus aspiraciones a Morena para ser candidata a una diputaci\u00f3n local por el distrito 20, de Juchit\u00e1n de Zaragoza, mujer ind\u00edgena zapoteca, dijo que estas medidas afirmativas dan a las y los aspirantes un piso parejo en la participaci\u00f3n pol\u00edtica, pese a ello tuvieron que hacer un periplo entre el Tribunal Estatal Electoral de Oaxaca, la Sala Xalapa y finalmente en la Sala Superior del TEPJF, donde les dieron la raz\u00f3n hace unos d\u00edas.<\/p>\n\n\n\n<p class=\"wp-block-paragraph\">Lo mejor apunta Regalado es que la resoluci\u00f3n exige a los partidos y coaliciones un 35 por ciento de candidaturas para pueblos y comunidades ind\u00edgenas y para los grupos vulnerados hist\u00f3ricamente.<\/p>\n\n\n\n<p class=\"wp-block-paragraph\">Acompa\u00f1adas de diversas redes de mujeres y organizaciones, Karina Regalado dice que tanto ella como Rosa Mar\u00eda Castro, ven este logro como \u201cun triunfo hist\u00f3rico para Oaxaca y para los 68 pueblos ind\u00edgenas del pa\u00eds que podr\u00e1n hacer referencia a esta sentencia emanada de la m\u00e1xima tribuna electoral de M\u00e9xico\u201d.<\/p>\n\n\n\n<p class=\"wp-block-paragraph\">Sin embargo, dice, es que \u201cnuestros partidos no nos reconocen, nos excluyen y desde\u00f1an esta lucha que emprendemos como mujeres ind\u00edgenas y afromexicanas\u201d.<\/p>\n\n\n\n<p class=\"wp-block-paragraph\"><strong>Hemos llegado muy lejos<\/strong><\/p>\n\n\n\n<p class=\"wp-block-paragraph\">Rosa Mar\u00eda Castro, afromexicana nacida en Charco Redondo, Tututepec, en la costa oaxaque\u00f1a, apunta que con la sentencia del TEPJF \u201chemos llegado muy lejos, hemos sida atrevidas, decidimos no quedarnos calladas\u201d.<\/p>\n\n\n\n<p class=\"wp-block-paragraph\">\u201cEstoy harta de que las afromexicanas siempre seamos opacadas, discriminadas, excluidas, eso ya indigna, porque, aunque estamos presentes en los discursos de los partidos, en la realidad no es as\u00ed\u201d.<\/p>\n\n\n\n<p class=\"wp-block-paragraph\">Seguiremos reclamando nuestro derecho, dice quien hasta ahora se le ha negado la posibilidad de ser candidata de Moreno por el distrito 25 de San Pedro Pochutla, quien expone a pregunta de SemM\u00e9xico que hasta hoy \u201cninguna afromexicana se ha parado en la tribuna de un Congreso para reivindicar sus derechos como mujer negra-afromexicana\u201d, a pesar de que alguna vez estuvo Margarita Liborio fue diputada (dos veces local y una federal) pero \u201cme queda claro no era su lucha\u201d, apunta.<\/p>\n\n\n\n<p class=\"wp-block-paragraph\">Ambas se\u00f1alan que despu\u00e9s de la sentencia, Morena, que es el partido que aspiran a representar en el Congreso no las ha llamado a sentarse en ninguna mesa, \u201csi no vamos nosotras que nos lo justifiquen\u201d, dice Karina Regalado.<\/p>\n\n\n\n<p class=\"wp-block-paragraph\">Sin embargo, agrega, Morena debe reconocer que \u201cambas estamos sumando a un proyecto de naci\u00f3n, de ah\u00ed que el propio presidente ha reconocido la deuda hist\u00f3rica con los pueblos ind\u00edgenas y afromexicanas\u201d y plantea que el partido del presidente Andr\u00e9s Manuel L\u00f3pez Obrador \u201cse ver\u00eda muy mal en no darnos la candidatura, a nosotras que ganamos una lucha para todos los pueblos ind\u00edgenas y afromexicanas de Oaxaca, si eso hicimos sin ser legisladoras imag\u00ednate que no haremos por nuestros pueblos\u201d.<\/p>\n\n\n\n<p class=\"wp-block-paragraph\">Pero nada nos han dicho, afirma Castro, \u201cno nos han dicho que nuestro perfil no sirve, eso es una falta de respeto, su discurso de igualdad es falso y para eso estamos para desmontar ese discurso\u201d.<\/p>\n\n\n\n<p class=\"wp-block-paragraph\">Ambas se\u00f1alan que, aunque la pregunta de los partidos pol\u00edticos es \u00bfy a ti qui\u00e9n te trae? Ellas sostienen que lo \u00fanico que las respalda es su trabajo de varios a\u00f1os en sus propias comunidades y m\u00e1s all\u00e1 de ellas.<\/p>\n\n\n\n<p class=\"wp-block-paragraph\">SEM\/sj<\/p>\n","protected":false},"excerpt":{"rendered":"<p>Ambas lograron que se aprobaran importantes lineamientos que favorecen la inclusi\u00f3n de pueblos ind\u00edgenas y afromexicanas<\/p>\n","protected":false},"author":3,"featured_media":33726,"comment_status":"open","ping_status":"open","sticky":false,"template":"","format":"standard","meta":{"_monsterinsights_skip_tracking":false,"footnotes":""},"categories":[692,141],"tags":[],"class_list":["post-33725","post","type-post","status-publish","format-standard","has-post-thumbnail","category-692","category-elecciones-2020-2021"],"_links":{"self":[{"href":"https:\/\/redsemlac.com\/semmexico\/wp-json\/wp\/v2\/posts\/33725","targetHints":{"allow":["GET"]}}],"collection":[{"href":"https:\/\/redsemlac.com\/semmexico\/wp-json\/wp\/v2\/posts"}],"about":[{"href":"https:\/\/redsemlac.com\/semmexico\/wp-json\/wp\/v2\/types\/post"}],"author":[{"embeddable":true,"href":"https:\/\/redsemlac.com\/semmexico\/wp-json\/wp\/v2\/users\/3"}],"replies":[{"embeddable":true,"href":"https:\/\/redsemlac.com\/semmexico\/wp-json\/wp\/v2\/comments?post=33725"}],"version-history":[{"count":0,"href":"https:\/\/redsemlac.com\/semmexico\/wp-json\/wp\/v2\/posts\/33725\/revisions"}],"wp:featuredmedia":[{"embeddable":true,"href":"https:\/\/redsemlac.com\/semmexico\/wp-json\/wp\/v2\/media\/33726"}],"wp:attachment":[{"href":"https:\/\/redsemlac.com\/semmexico\/wp-json\/wp\/v2\/media?parent=33725"}],"wp:term":[{"taxonomy":"category","embeddable":true,"href":"https:\/\/redsemlac.com\/semmexico\/wp-json\/wp\/v2\/categories?post=33725"},{"taxonomy":"post_tag","embeddable":true,"href":"https:\/\/redsemlac.com\/semmexico\/wp-json\/wp\/v2\/tags?post=33725"}],"curies":[{"name":"wp","href":"https:\/\/api.w.org\/{rel}","templated":true}]}}