{"id":33683,"date":"2021-03-25T19:33:05","date_gmt":"2021-03-26T01:33:05","guid":{"rendered":"https:\/\/redsemlac.com\/semmexico\/?p=33683"},"modified":"2023-07-21T16:54:42","modified_gmt":"2023-07-21T21:54:42","slug":"se-cumplen-seis-anos-de-la-sentencia-historica-mariana-lima","status":"publish","type":"post","link":"https:\/\/redsemlac.com\/semmexico\/se-cumplen-seis-anos-de-la-sentencia-historica-mariana-lima\/","title":{"rendered":"Se cumplen seis a\u00f1os de la sentencia hist\u00f3rica Mariana Lima"},"content":{"rendered":"\n<p class=\"wp-block-paragraph\">* Con ella la SCJN sent\u00f3 los precedentes para la investigaci\u00f3n con perspectiva de g\u00e9nero en el delito de feminicidio<\/p>\n\n\n\n<p class=\"wp-block-paragraph\"><br>* Sorprende que el m\u00e1ximo tribunal no contemple dicha sentencia en el reciente protocolo para juzgar con perspectiva de g\u00e9nero<\/p>\n\n\n\n<p class=\"wp-block-paragraph\"><br>Redacci\u00f3n<\/p>\n\n\n\n<p class=\"wp-block-paragraph\">SemM\u00e9xico, Estado de M\u00e9xico, 25 de marzo, 2021.- Un d\u00eda como hoy pero del a\u00f1o 1981, naci\u00f3 Mariana Lima Buend\u00eda, joven v\u00edctima de feminicidio el 28 de junio de 2010, hoy cumplir\u00eda 40 a\u00f1os.<\/p>\n\n\n\n<p class=\"wp-block-paragraph\">La lucha de su madre Irinea Buend\u00eda y su padre Lauro Lima, desenmascar\u00f3 al agresor de Mariana, polic\u00eda ministerial del Estado de M\u00e9xico con quien ella hab\u00eda contra\u00eddo matrimonio. Actualmente \u00e9l se encuentra preso y en espera de una sentencia.<\/p>\n\n\n\n<p class=\"wp-block-paragraph\">Cinco a\u00f1os despu\u00e9s del cobarde asesinato de Mariana, la Suprema Corte de Justicia de la Naci\u00f3n (SCJN) emiti\u00f3 el 25 de marzo de 2015, la sentencia derivada del expediente 554\/2013, sobre el caso de la joven, en dicha sentencia se establece que:<\/p>\n\n\n\n<p class=\"wp-block-paragraph\"><br>\u201cEn el caso de muertes de mujeres se deben identificar las conductas que causaron la muerte y verificar la presencia o ausencia de motivos o razones de g\u00e9nero que originan o explican la muerte violenta, preservarse evidencias espec\u00edficas para determinar si hubo violencia sexual y realizar las periciales pertinentes para determinar si la v\u00edctima estaba inmersa en un contexto de violencia\u201d.<\/p>\n\n\n\n<p class=\"wp-block-paragraph\">Lo que establece la sentencia es relevante para las investigaciones de muertes violentas de mujeres en todo M\u00e9xico, ya que obliga a las autoridades a emplear la perspectiva de g\u00e9nero como herramienta para verificar si en dicha muerte existen razones de g\u00e9nero.<\/p>\n\n\n\n<p class=\"wp-block-paragraph\">La Sentencia de Mariana Lima Buend\u00eda marca un antes y un despu\u00e9s en las investigaciones, pues establece la importancia de realizar diligencias particulares y que la investigaci\u00f3n debe implicar la realizaci\u00f3n de conceptos criminal\u00edsticos con visi\u00f3n de g\u00e9nero.<br><br><\/p>\n\n\n\n<p class=\"wp-block-paragraph\">En el p\u00e1rrafo 227 hace referencia a la capacidad del sistema de justicia para reparar el da\u00f1o por parte de las autoridades y de impulsar un cambio cultural y obliga al Estado a realizar investigaciones con perspectiva de g\u00e9nero en los casos de violencia contra las mujeres.<\/p>\n\n\n\n<p class=\"wp-block-paragraph\"><br>Tambi\u00e9n menciona en el p\u00e1rrafo 105, que a\u00fan cuando las partes no lo soliciten, debe implementarse un m\u00e9todo en toda controversia judicial para verificar si existe una situaci\u00f3n de violencia o vulnerabilidad que, por cuestiones de g\u00e9nero, impida impartir una justicia de manera completa e igualitaria.<br><br><\/p>\n\n\n\n<p class=\"wp-block-paragraph\">A pesar de la relevancia del caso y de la hist\u00f3rica sentencia de la SCJN, \u00e9sta no fue contemplada en la versi\u00f3n actualizada del protocolo para juzgar con perspectiva de g\u00e9nero de la misma SCJN.<br><br><\/p>\n\n\n\n<p class=\"wp-block-paragraph\">Adem\u00e1s de la no incorporaci\u00f3n de la sentencia que explica de forma detallada lo que implica juzgar con perspectiva de g\u00e9nero, dicha omisi\u00f3n es una falta de reconocimiento a las v\u00edctimas y sus familiares, cuyo camino hacia el acceso a la justicia ha sido largo y atropellado por los mismos impartidores de justicia. Significa un retroceso en el que la SCJN pierde la oportunidad de establecer de manera contundente c\u00f3mo deben ser investigadas las muertes violentas de mujeres y los feminicidios, y de c\u00f3mo debe ser incorporada la perspectiva de g\u00e9nero.<br><\/p>\n\n\n\n<p class=\"wp-block-paragraph\">Pese a ello, hoy, a 40 a\u00f1os del nacimiento de Mariana, la reivindicamos a ella y a la lucha de sus padres, como el emblema en M\u00e9xico para juzgar con perspectiva de g\u00e9nero y no cesaremos hasta que su feminicidio no quede impune pero tambi\u00e9n hasta el cese de la violencia institucional que por acci\u00f3n y omisi\u00f3n se contin\u00faa reproduciendo alrededor de su caso.<\/p>\n\n\n\n<p class=\"wp-block-paragraph\">SEM\/sj<br><br><\/p>\n","protected":false},"excerpt":{"rendered":"<p>* Con ella la SCJN sent\u00f3 los precedentes para la investigaci\u00f3n con perspectiva de g\u00e9nero en el delito de feminicidio * Sorprende que el m\u00e1ximo tribunal no contemple dicha sentencia en el reciente protocolo para juzgar con perspectiva de g\u00e9nero Redacci\u00f3n SemM\u00e9xico, Estado de M\u00e9xico, 25 de marzo, 2021.- Un d\u00eda como hoy pero del [&hellip;]<\/p>\n","protected":false},"author":3,"featured_media":33684,"comment_status":"open","ping_status":"open","sticky":false,"template":"","format":"standard","meta":{"_monsterinsights_skip_tracking":false,"footnotes":""},"categories":[692,54],"tags":[],"class_list":["post-33683","post","type-post","status-publish","format-standard","has-post-thumbnail","category-692","category-mujeres"],"_links":{"self":[{"href":"https:\/\/redsemlac.com\/semmexico\/wp-json\/wp\/v2\/posts\/33683","targetHints":{"allow":["GET"]}}],"collection":[{"href":"https:\/\/redsemlac.com\/semmexico\/wp-json\/wp\/v2\/posts"}],"about":[{"href":"https:\/\/redsemlac.com\/semmexico\/wp-json\/wp\/v2\/types\/post"}],"author":[{"embeddable":true,"href":"https:\/\/redsemlac.com\/semmexico\/wp-json\/wp\/v2\/users\/3"}],"replies":[{"embeddable":true,"href":"https:\/\/redsemlac.com\/semmexico\/wp-json\/wp\/v2\/comments?post=33683"}],"version-history":[{"count":0,"href":"https:\/\/redsemlac.com\/semmexico\/wp-json\/wp\/v2\/posts\/33683\/revisions"}],"wp:featuredmedia":[{"embeddable":true,"href":"https:\/\/redsemlac.com\/semmexico\/wp-json\/wp\/v2\/media\/33684"}],"wp:attachment":[{"href":"https:\/\/redsemlac.com\/semmexico\/wp-json\/wp\/v2\/media?parent=33683"}],"wp:term":[{"taxonomy":"category","embeddable":true,"href":"https:\/\/redsemlac.com\/semmexico\/wp-json\/wp\/v2\/categories?post=33683"},{"taxonomy":"post_tag","embeddable":true,"href":"https:\/\/redsemlac.com\/semmexico\/wp-json\/wp\/v2\/tags?post=33683"}],"curies":[{"name":"wp","href":"https:\/\/api.w.org\/{rel}","templated":true}]}}