{"id":33680,"date":"2021-03-25T19:27:15","date_gmt":"2021-03-26T01:27:15","guid":{"rendered":"https:\/\/redsemlac.com\/semmexico\/?p=33680"},"modified":"2023-07-21T16:54:42","modified_gmt":"2023-07-21T21:54:42","slug":"ley-y-conciencia-social-para-acabar-con-las-violencias-sexuales","status":"publish","type":"post","link":"https:\/\/redsemlac.com\/semmexico\/ley-y-conciencia-social-para-acabar-con-las-violencias-sexuales\/","title":{"rendered":"Ley y conciencia social para acabar con las violencias sexuales"},"content":{"rendered":"\n<ul class=\"wp-block-list\"><li>Retos presente y futuro, organiza el Ministerio de Igualdad ha organizado el evento \u201cDel no es no, al s\u00ed es s\u00ed.<\/li><li>Prioridad social las violencias sexuales y por tanto debe serlo de las instituciones<\/li><\/ul>\n\n\n\n<p class=\"wp-block-paragraph\"><br>Carlota Garc\u00eda S\u00e1nchez<\/p>\n\n\n\n<p class=\"wp-block-paragraph\">SemM\u00e9xico\/AmecoPress, Madrid, 25 de marzo, 2021.- La delegada del Gobierno contra la Violencia de G\u00e9nero, Victoria Rosell, ha sido la moderadora de la sesi\u00f3n \u201cDel no es no, al s\u00ed es s\u00ed. Normas y pol\u00edticas p\u00fablicas para la erradicaci\u00f3n de las violencias sexuales contra las mujeres\u201d, que ha contado con la intervenci\u00f3n de Marcelina Gaud\u00ed, presidenta del GREVIO; Julissa Mantilla Falc\u00f3n, comisionada de la Comisi\u00f3n Interamericana de Derechos Humanos; Irene Montero, ministra de Igualdad; Josefina Kelly, secretaria de Pol\u00edticas contra la Violencia por Razones de G\u00e9nero del Ministerio de las Mujeres, G\u00e9nero y Diversidad de Argentina y Bego\u00f1a San Jos\u00e9, activista feminista y referente en Espa\u00f1a.<\/p>\n\n\n\n<p class=\"wp-block-paragraph\">La Ley Org\u00e1nica de Medidas de Protecci\u00f3n Integral contra la Violencia de G\u00e9nero, que se aprob\u00f3 en Espa\u00f1a hace 16 a\u00f1os, fue un \u00e9xito ins\u00f3lito para la lucha contra las violencias machistas, pero queda limitada a la violencia en la pareja o expareja. La nueva ley de \u00abSolo S\u00ed es S\u00ed\u00bb, pretende cumplir con la obligaci\u00f3n de las instituciones p\u00fablicas de dotar a las mujeres de herramientas necesarias para erradicar la violencia sexual.<\/p>\n\n\n\n<p class=\"wp-block-paragraph\">Un consentimiento mutuo desde la libertad sexual y la igualdad es el \u00fanico camino que garantiza las relaciones sexuales y si no, ser\u00e1 considerado violencia sexual. Este es el eje principal que defiende el Anteproyecto de la&nbsp;Ley Org\u00e1nica de Garant\u00eda Integral de la Libertad Sexual,&nbsp;impulsada por el Ministerio de Igualdad.<\/p>\n\n\n\n<p class=\"wp-block-paragraph\">A ojos de Marcelina Naudi, presidenta del GREVIO (Consejo de Europa), la protecci\u00f3n de las violencias sexuales es una prioridad de la sociedad y por, ende, debe serlo de las instituciones p\u00fablicas. Naudi califica de \u201cd\u00e9j\u00e1 vu\u201d las demandas del movimiento feminista: \u201chace 35 a\u00f1os en una manifestaci\u00f3n coreaba lo mismo que hoy se pide: s\u00ed es s\u00ed y no es no\u201d.<\/p>\n\n\n\n<p class=\"wp-block-paragraph\">La crisis sanitaria ha profundizado la precaria situaci\u00f3n de los derechos de las mujeres. Por eso, Gaudi considera necesaria una protecci\u00f3n eficaz de los Estados que garanticen medidas para la protecci\u00f3n de la violencia en todas sus variantes. Resalta que las mujeres no reaccionan siempre igual ante la violencia y que \u00e9sta no siempre viene precedida de amenazas o fuerza: \u201clas mujeres no siempre se van a defender. Mantener esta idea limita porque hay mujeres que se quedan paralizadas\u201d. Exige, al igual que el&nbsp;Convenio de Estambul,&nbsp;centrarse en las victimas y tipificar como delito cualquier forma de violencia sexual.<\/p>\n\n\n\n<p class=\"wp-block-paragraph\">El derecho jur\u00eddico tiene limites<\/p>\n\n\n\n<p class=\"wp-block-paragraph\">Julissa Mantilla, comisionada de la Comisi\u00f3n Interamericana de Derechos Humanos, considera que hay demasiadas esperanzas puestas en el derecho y ve primordial ser conscientes del l\u00edmite que tiene. A pesar de que \u00e9ste nunca fue creado con una perspectiva inclusiva, ning\u00fan \u00e1mbito internacional contempla la violencia de las mujeres como un crimen de lesa humanidad, asegura que se puede utilizar y desarrollar con un enfoque feminista.<\/p>\n\n\n\n<p class=\"wp-block-paragraph\">En el evento se resalt\u00f3 el&nbsp;Tratado de Bel\u00e9m do Par\u00e1&nbsp;como el \u00fanico en el mundo que habla de manera espec\u00edfica sobre la violencia contra las mujeres, pero insisten en que la respuesta no debe ser exclusivamente jur\u00eddica, sino que es necesario un enfoque social.<\/p>\n\n\n\n<p class=\"wp-block-paragraph\"><strong>Estereotipos de g\u00e9nero<\/strong><\/p>\n\n\n\n<p class=\"wp-block-paragraph\">Acabar con los estereotipos de g\u00e9nero y construir nuevas masculinidades es el reto que se pone la ministra de Igualdad, Irene Montero. Considera esencial aprobar la&nbsp;Ley Org\u00e1nica de Garant\u00eda Integral de la Libertad Sexual&nbsp;porque no solo recoge las violencias sexuales, sino que adem\u00e1s registra la garant\u00eda integral de la libertad sexual. Con la Ley del S\u00ed es S\u00ed, por primera vez, las pol\u00edticas p\u00fablicas estatales de igualdad espa\u00f1olas garantizar\u00e1n la reparaci\u00f3n individual social y simb\u00f3lica del da\u00f1o causado a las v\u00edctimas.<\/p>\n\n\n\n<p class=\"wp-block-paragraph\">Por la misma l\u00ednea Josefina Kelly, secretaria de Pol\u00edticas contra la Violencia por Razones de G\u00e9nero, ha argumentado la necesidad de concienciar los medios de comunicaci\u00f3n y lograr una narrativa con perspectiva de g\u00e9nero. En el campo jur\u00eddico, Mantilla tambi\u00e9n apuesta por garantizar una formaci\u00f3n espec\u00edfica que capacite a los jueces para impartir justicia con perspectiva de g\u00e9nero. Coincide con ellas la ministra de Igualdad \u201clos cambios legislativos hacen falta, pero no basta s\u00f3lo con ello\u201d.<\/p>\n\n\n\n<p class=\"wp-block-paragraph\">Por \u00faltimo, Bego\u00f1a San Jos\u00e9 ha cerrado el di\u00e1logo echando en falta una mayor educaci\u00f3n sexual. Seg\u00fan la activista, esta falta provoca un aumento en las cifras de agresiones, a pesar de que el juicio de la Manada marcase un antes y un despu\u00e9s en la respuesta social. Desde sus hechos en 2016 la sociedad, impulsada por los movimientos feministas, exige una mayor credibilidad de las instituciones en relaci\u00f3n a la protecci\u00f3n, la verdad, la justicia y la reparaci\u00f3n.<\/p>\n\n\n\n<p class=\"wp-block-paragraph\">SEM-AmecoPress\/cgs<\/p>\n","protected":false},"excerpt":{"rendered":"<p>Retos presente y futuro, organiza el Ministerio de Igualdad ha organizado el evento \u201cDel no es no, al s\u00ed es s\u00ed. Prioridad social las violencias sexuales y por tanto debe serlo de las instituciones Carlota Garc\u00eda S\u00e1nchez SemM\u00e9xico\/AmecoPress, Madrid, 25 de marzo, 2021.- La delegada del Gobierno contra la Violencia de G\u00e9nero, Victoria Rosell, ha [&hellip;]<\/p>\n","protected":false},"author":3,"featured_media":33681,"comment_status":"open","ping_status":"open","sticky":false,"template":"","format":"standard","meta":{"_monsterinsights_skip_tracking":false,"footnotes":""},"categories":[692,53],"tags":[],"class_list":["post-33680","post","type-post","status-publish","format-standard","has-post-thumbnail","category-692","category-internacional"],"_links":{"self":[{"href":"https:\/\/redsemlac.com\/semmexico\/wp-json\/wp\/v2\/posts\/33680","targetHints":{"allow":["GET"]}}],"collection":[{"href":"https:\/\/redsemlac.com\/semmexico\/wp-json\/wp\/v2\/posts"}],"about":[{"href":"https:\/\/redsemlac.com\/semmexico\/wp-json\/wp\/v2\/types\/post"}],"author":[{"embeddable":true,"href":"https:\/\/redsemlac.com\/semmexico\/wp-json\/wp\/v2\/users\/3"}],"replies":[{"embeddable":true,"href":"https:\/\/redsemlac.com\/semmexico\/wp-json\/wp\/v2\/comments?post=33680"}],"version-history":[{"count":0,"href":"https:\/\/redsemlac.com\/semmexico\/wp-json\/wp\/v2\/posts\/33680\/revisions"}],"wp:featuredmedia":[{"embeddable":true,"href":"https:\/\/redsemlac.com\/semmexico\/wp-json\/wp\/v2\/media\/33681"}],"wp:attachment":[{"href":"https:\/\/redsemlac.com\/semmexico\/wp-json\/wp\/v2\/media?parent=33680"}],"wp:term":[{"taxonomy":"category","embeddable":true,"href":"https:\/\/redsemlac.com\/semmexico\/wp-json\/wp\/v2\/categories?post=33680"},{"taxonomy":"post_tag","embeddable":true,"href":"https:\/\/redsemlac.com\/semmexico\/wp-json\/wp\/v2\/tags?post=33680"}],"curies":[{"name":"wp","href":"https:\/\/api.w.org\/{rel}","templated":true}]}}