{"id":33528,"date":"2021-03-23T12:10:56","date_gmt":"2021-03-23T18:10:56","guid":{"rendered":"https:\/\/redsemlac.com\/semmexico\/?p=33528"},"modified":"2023-07-21T16:54:45","modified_gmt":"2023-07-21T21:54:45","slug":"presentan-la-red-nacional-de-candidatas-en-guerrero-para-evitar-la-violencia-de-genero-en-las-elecciones","status":"publish","type":"post","link":"https:\/\/redsemlac.com\/semmexico\/presentan-la-red-nacional-de-candidatas-en-guerrero-para-evitar-la-violencia-de-genero-en-las-elecciones\/","title":{"rendered":"Presentan la Red Nacional de Candidatas en Guerrero para evitar la violencia de g\u00e9nero en las elecciones"},"content":{"rendered":"\n<ul class=\"wp-block-list\"><li><strong>Habr\u00e1 acompa\u00f1amiento y lazos de comunicaci\u00f3n para consolidar la paridad y la libre participaci\u00f3n<\/strong><\/li><li><strong>El Estado obligado institucionalmente a garantizar a las mujeres el pleno ejercicio de sus derechos pol\u00edticos electorales<\/strong><strong><\/strong><\/li><\/ul>\n\n\n\n<p class=\"wp-block-paragraph\"><strong>Josefina Aguilar Pastor&nbsp;&nbsp;&nbsp;<\/strong><strong><\/strong><\/p>\n\n\n\n<p class=\"wp-block-paragraph\">SemM\u00e9xico. Chilpancingo, Guerrero, 23 de marzo de 2021.- El Instituto Electoral y de Participaci\u00f3n Ciudadana (IEPC), present\u00f3 la Red Nacional de Candidatas (AMCEE-Guerrero), que tiene la finalidad de dar acompa\u00f1amiento a todas las mujeres que participaran en el proceso electoral en busca de un cargo de elecci\u00f3n popular, ante la posibilidad de ser v\u00edctimas de violencia pol\u00edtica en raz\u00f3n de g\u00e9nero.<\/p>\n\n\n\n<p class=\"wp-block-paragraph\">El consejero presidente del IEPC, Nazar\u00edn Vargas Armenta, expuso que la Asociaci\u00f3n Mexicana de Consejeras estatales electorales, asociaci\u00f3n civil, a trav\u00e9s de la cual las mujeres que integran los consejos de los organismos p\u00fablicos locales electorales, trabajan a favor de los derechos de las mujeres por la consolidaci\u00f3n del principio de paridad de g\u00e9nero, y en contra de la violencia pol\u00edtica en contra de las mujeres en raz\u00f3n de g\u00e9nero.<\/p>\n\n\n\n<p class=\"wp-block-paragraph\">En este sentido dijo, es un honor par ale IEPC, ser coparticipe en la implementaci\u00f3n de este proyecto, el cual, busca establecer lazos de comunicaci\u00f3n, y cooperaci\u00f3n entre al organizaciones coadyuvantes y las mujeres que participaran como candidatas a un cargo de elecci\u00f3n popular, a fin de brindarles acompa\u00f1amiento y orientaci\u00f3n durante el proceso electoral otorgarle lo necesario con acciones concretas cuando sean v\u00edctimas de violencia pol\u00edtica en contra de las mujeres en raz\u00f3n de g\u00e9nero.<\/p>\n\n\n\n<p class=\"wp-block-paragraph\">Con la presentaci\u00f3n de este proyecto a\u00f1adi\u00f3 Vargas Armenta, el IEPC, ratifica el compromiso adquirido durante la firma de adhesi\u00f3n a la Red Nacional de Candidatas a un cargo de Elecci\u00f3n Popular, en el \u00e1mbito estatal para dar seguimiento a los casos de violencia pol\u00edtica en contra de las mujeres en raz\u00f3n de g\u00e9nero, en el proceso electoral 20210. 2021.<\/p>\n\n\n\n<p class=\"wp-block-paragraph\">Indic\u00f3 que hablar de democracia en un estado que tolera la violencia pol\u00edtica en contra de las mujeres, resulta una contradicci\u00f3n insalvable, y el estado tiene una obligaci\u00f3n institucional permanente con la causa de erradicar esta forma de violencia y garantizar a las mujeres el pleno ejercicio de sus derechos pol\u00edtico electorales y el conjunto de derechos humanos que se ven afectados de manera impl\u00edcita cuando son v\u00edctimas de violencia<\/p>\n\n\n\n<p class=\"wp-block-paragraph\">\u201cLa de violencia pol\u00edtica en contra de las mujeres en raz\u00f3n de g\u00e9nero, pasa a ser un aspecto m\u00e1s de la violencia ancestral que las mujeres han padecido como consecuencia de una arraigada cultura de desigualdad entre&nbsp; hombres y mujeres, es uno de los factores determinantes por los que las mujeres no participan de manera activa y efectiva en el espacio pol\u00edtico, prueba de esta ineficacia\u201d, subray\u00f3 Vargas Armenta.<\/p>\n\n\n\n<p class=\"wp-block-paragraph\">Destac\u00f3 que a pesar de los avances en la normativa que tutela los derechos de las mujeres, es necesario implementar acciones afirmativas&nbsp; que permitan materializar lo que la norma establece a fin de consolidar la igualdad sustantiva que permita una verdadera inclusi\u00f3n de las mujeres en circunstancias equilibrada para lo cual es indispensable el acompa\u00f1amiento de la sociedad en su conjunto a trav\u00e9s de acciones como la que hoy se presenta.<\/p>\n\n\n\n<p class=\"wp-block-paragraph\">Asegur\u00f3 que las mujeres que compiten por un cargo de elecci\u00f3n en Guerrero, pueden contar con que no est\u00e1n solas en su camino, cuentan con el respaldo de cientos de mujeres organizadas a trav\u00e9s de esta red respaldada por un marco normativo&nbsp; y con apoyo de instituciones electorales que bajo ninguna circunstancia tolerar\u00e1n actos que violenten sus derechos o lesionen su dignidad.<\/p>\n\n\n\n<p class=\"wp-block-paragraph\">Mar\u00eda del Mar Trejo P\u00e9rez, presidenta de la Asociaci\u00f3n de Consejeras y ex Consejeras, calific\u00f3 como hist\u00f3rico que en este proceso 2020-2021, los 32 institutos electorales se hayan sumado a esta iniciativa y en todas las entidades del pa\u00eds, habr\u00e1 una representaci\u00f3n de esta red.<\/p>\n\n\n\n<p class=\"wp-block-paragraph\">Dicha organizaci\u00f3n reitero, tiene el prop\u00f3sito de dar acompa\u00f1amiento para todas las candidatas de sus derechos, libres de toda violencia pol\u00edtica, para que sepan que es violencia, a donde acudir para interponer la denuncia correspondiente, y en consecuencia, para que ninguna mujer, en ning\u00fan estado, municipio,&nbsp; se quede sin tener esta informaci\u00f3n para visibilizar cualquier acto de violencia pol\u00edtica en&nbsp; contra de las mujeres,<\/p>\n\n\n\n<p class=\"wp-block-paragraph\">Puntualizo que la red, no es una instancia jur\u00eddica que vaya a resolver controversias en materia electoral ni para vulnerar a alg\u00fan instituto, es un programa que busca propiciar ese ejercicio de los derechos pol\u00edtico-electorales de las mujeres respecto a los hombres.&nbsp;<\/p>\n\n\n\n<p class=\"wp-block-paragraph\">\u201cEn Guerrero ser\u00e1 crucial visibilizar la violencia pol\u00edtica en contra de mujeres ind\u00edgenas y afromexicanas, consideradas hist\u00f3ricamente discriminadas, la transversalidad es un reto que se debe afrontar en estas elecciones\u201d, subray\u00f3 la consejera, quien advirti\u00f3 que la violencia pol\u00edtica en raz\u00f3n de g\u00e9nero, se presenta de distintas maneras en distintos momentos del proceso electoral, y dependiente a que grupo cultural discriminado, se pude dar doble o triple discriminaci\u00f3n. De ah\u00ed insisti\u00f3, la importancia de esta red.<\/p>\n","protected":false},"excerpt":{"rendered":"<p>Habr\u00e1 acompa\u00f1amiento y lazos de comunicaci\u00f3n para consolidar la paridad y la libre participaci\u00f3n<\/p>\n","protected":false},"author":3,"featured_media":33529,"comment_status":"open","ping_status":"open","sticky":false,"template":"","format":"standard","meta":{"_monsterinsights_skip_tracking":false,"footnotes":""},"categories":[692,141],"tags":[],"class_list":["post-33528","post","type-post","status-publish","format-standard","has-post-thumbnail","category-692","category-elecciones-2020-2021"],"_links":{"self":[{"href":"https:\/\/redsemlac.com\/semmexico\/wp-json\/wp\/v2\/posts\/33528","targetHints":{"allow":["GET"]}}],"collection":[{"href":"https:\/\/redsemlac.com\/semmexico\/wp-json\/wp\/v2\/posts"}],"about":[{"href":"https:\/\/redsemlac.com\/semmexico\/wp-json\/wp\/v2\/types\/post"}],"author":[{"embeddable":true,"href":"https:\/\/redsemlac.com\/semmexico\/wp-json\/wp\/v2\/users\/3"}],"replies":[{"embeddable":true,"href":"https:\/\/redsemlac.com\/semmexico\/wp-json\/wp\/v2\/comments?post=33528"}],"version-history":[{"count":0,"href":"https:\/\/redsemlac.com\/semmexico\/wp-json\/wp\/v2\/posts\/33528\/revisions"}],"wp:featuredmedia":[{"embeddable":true,"href":"https:\/\/redsemlac.com\/semmexico\/wp-json\/wp\/v2\/media\/33529"}],"wp:attachment":[{"href":"https:\/\/redsemlac.com\/semmexico\/wp-json\/wp\/v2\/media?parent=33528"}],"wp:term":[{"taxonomy":"category","embeddable":true,"href":"https:\/\/redsemlac.com\/semmexico\/wp-json\/wp\/v2\/categories?post=33528"},{"taxonomy":"post_tag","embeddable":true,"href":"https:\/\/redsemlac.com\/semmexico\/wp-json\/wp\/v2\/tags?post=33528"}],"curies":[{"name":"wp","href":"https:\/\/api.w.org\/{rel}","templated":true}]}}