{"id":33523,"date":"2021-03-23T12:02:17","date_gmt":"2021-03-23T18:02:17","guid":{"rendered":"https:\/\/redsemlac.com\/semmexico\/?p=33523"},"modified":"2023-07-21T16:54:45","modified_gmt":"2023-07-21T21:54:45","slug":"el-jefe-lopez","status":"publish","type":"post","link":"https:\/\/redsemlac.com\/semmexico\/el-jefe-lopez\/","title":{"rendered":"El Jefe L\u00f3pez"},"content":{"rendered":"\n<h2 class=\"wp-block-heading\"><strong>ENTRESEMANA<\/strong><\/h2>\n\n\n\n<p class=\"wp-block-paragraph\"><strong>Mois\u00e9s S\u00e1nchez Lim\u00f3n<\/strong><\/p>\n\n\n\n<p class=\"wp-block-paragraph\">SemM\u00e9xico, Cd. de M\u00e9xico, 23 de marzo, 2021.- \u00a1Bravo! \u00a1Bravo!, elevaron la voz aquellos que aplaudieron, como algo nuevo y justiciero, al anuncio cual obsequio de Andr\u00e9s Manuel para entregar la Pensi\u00f3n Universal a quienes han llegado a los 65 a\u00f1os de edad y que en 2024 percibir\u00e1n unos seis mil pesos bimestrales.<\/p>\n\n\n\n<p class=\"wp-block-paragraph\">\u00a1Aleluya! \u00a1Aleluya! Y, entornando la mirada, aplaudieron\u2026<\/p>\n\n\n\n<p class=\"wp-block-paragraph\">Pero\u2026<\/p>\n\n\n\n<p class=\"wp-block-paragraph\">\u00bfRecodar\u00e1 el licenciado L\u00f3pez Obrador lo ocurrido en materia de la Pensi\u00f3n Universal en el Congreso de la Uni\u00f3n en el pasado reciente, el del odiado neoliberalismo de la LXII Legislatura Federal?<\/p>\n\n\n\n<p class=\"wp-block-paragraph\">Sin duda, el licenciado presidente lo recuerda pero su estrategia propagand\u00edstica no tiene ni tendr\u00e1 espacio para echar la mirada en el retrovisor que refrescar\u00eda la memoria a millones de mexicanos y mexicanas que est\u00e1n en esa l\u00ednea de cambiar su voto por espejitos.<\/p>\n\n\n\n<p class=\"wp-block-paragraph\">Mire usted. No es que ande con el \u00e1nimo de joder record\u00e1ndole tiempos idos de la pol\u00edtica mexicana que tiene muchas aristas; pero es elemental cuando desde las tribunas p\u00fablicas en el pa\u00eds, inmerso en el proceso electoral calificado como la madre de las elecciones, se miente impunemente.<\/p>\n\n\n\n<p class=\"wp-block-paragraph\">Y m\u00e1s cuando el licenciado Andr\u00e9s Manuel ha dado rienda suelta a sus excesos verbales y enga\u00f1a con la verdad, rechaza que haga campa\u00f1a y propaganda partidista desde la ma\u00f1anera, cuando la m\u00e9dula de sus homil\u00edas tiene el sustento electorero, de eso que llama politiquer\u00eda. Escupir al cielo con la idea de que nada pasar\u00e1. Pero\u2026<\/p>\n\n\n\n<p class=\"wp-block-paragraph\">Cuesti\u00f3n de escuchar o leer sus homil\u00edas para encontrar las frases en plural en las que el inquilino de Palacio descalifica a sus cr\u00edticos y opositores, lo mismo a los intelectuales que a los peri\u00f3dicos y, en fin, a los medios que cotidianamente son espejo de lo que ocurre en el pa\u00eds y lo que ocurre es una creciente inconformidad con el licenciado presidente y sus puntadas de corte santanista.<\/p>\n\n\n\n<p class=\"wp-block-paragraph\">Porque, s\u00f3lo faltar\u00e1 que en ese \u00e1nimo de contar con recursos p\u00fablicos para apisonar a la ruta de la 4T y soportar el gasto del Tren Maya, el Aeropuerto Internacional Felipe \u00c1ngeles y la Refiner\u00eda Dos Bocas, nos cobren por cada ventana que tengamos en nuestros domicilios. No es broma.<\/p>\n\n\n\n<p class=\"wp-block-paragraph\">\u00bfCu\u00e1nto cuesta la estrategia electoral elaborada desde la oficina principal de Palacio Nacional para evitar que la oposici\u00f3n se haga de la mayor\u00eda en la C\u00e1mara de Diputados?<\/p>\n\n\n\n<p class=\"wp-block-paragraph\">Cuesta lo que Andr\u00e9s Manuel dispone que cueste, pero con mayor\u00eda de oposici\u00f3n el Presupuesto de Egresos de la Federaci\u00f3n de 2022 saldr\u00eda con ajustes a su propuesta, es decir, despojado de rubros para atender voluntarismos y, en cambio, privilegiar prioridades. Y una de ellas, indudablemente, es la Pensi\u00f3n Universal.<\/p>\n\n\n\n<p class=\"wp-block-paragraph\">El punto, empero, es precisamente c\u00f3mo el licenciado L\u00f3pez Obrador ha operado con este factor de justicia social que ha hecho suyo pero fue aprobado en la LXII Legislatura Federal, en aquella \u00e9poca de las reformas estructurales de los odiados neoliberales.<\/p>\n\n\n\n<p class=\"wp-block-paragraph\">Veamos. El 18 de marzo de 2014 el pleno de la&nbsp;<strong>C\u00e1mara de Diputados<\/strong>&nbsp;aprob\u00f3 \u2013en lo general por 287 votos a favor, 167 en contra y 3 abstenciones; y, en lo particular con 240 a favor, 202 en contra y cero abstenciones&#8211; el decreto que expide la&nbsp;<strong>Ley de la Pensi\u00f3n Universal<\/strong>, y reforma, adiciona y deroga diversas disposiciones en materia de seguridad social para establecer el&nbsp;<strong>Seguro de Desempleo.<\/strong><\/p>\n\n\n\n<p class=\"wp-block-paragraph\">La previsi\u00f3n fue que la pensi\u00f3n universal, beneficiara a&nbsp;<strong>66 por ciento de las personas de 65 a\u00f1os&nbsp;<\/strong>y m\u00e1s que carecen de pensi\u00f3n. Al principio \u2013se cit\u00f3 en ese momento&#8211; la pensi\u00f3n ser\u00e1 de 580 pesos, pero subir\u00e1 gradualmente cada a\u00f1o hasta llegar a los mil 98 pesos.<\/p>\n\n\n\n<p class=\"wp-block-paragraph\">Adem\u00e1s, se aprob\u00f3 que el gobierno federal creara un&nbsp;<strong>fondo solidario con una aportaci\u00f3n del 0.5 por ciento, que representa 9 mil millones de pesos anuales, que ser\u00e1n regulados a trav\u00e9s de un fideicomiso. \u00bfD\u00f3nde est\u00e1 ese fondo? \u00a1Se lo gast\u00f3 la 4T en dos a\u00f1os!<\/strong><\/p>\n\n\n\n<p class=\"wp-block-paragraph\">Pero, vaya, luego en octubre de 2017 en el Senado se concluy\u00f3 el procedimiento legislativo iniciado en septiembre de 2012 con una iniciativa impulsada, entre otros, por el hoy diputado federal Benjam\u00edn Robles Montoya y la diputada Dolores Padierna Luna, Armando R\u00edos Piter, Lorena Cu\u00e9llar y Ra\u00fal Mor\u00f3n, entonces integrantes de la bancada del PRD.<\/p>\n\n\n\n<p class=\"wp-block-paragraph\">El Proyecto de Decreto refer\u00eda:<\/p>\n\n\n\n<p class=\"wp-block-paragraph\"><strong>\u201c\u00danico.<\/strong>&nbsp;Se adiciona la fracci\u00f3n XII al art\u00edculo 3\u00b0,el inciso d) a la fracci\u00f3n VI del art\u00edculo 5\u00b0, se adiciona el CAP\u00cdTULO SEGUNDO, DE LA PENSI\u00d3N UNIVERSAL PARA LOS ADULTOS MAYORES, en el art\u00edculo 9 bis, la fracci\u00f3n IV al art\u00edculo 16,todos de la Ley de los Derechos de las Personas Adultas Mayores, para quedar como sigue:<\/p>\n\n\n\n<p class=\"wp-block-paragraph\">\u201cArt\u00edculo 3o. Para los efectos de esta Ley, se entender\u00e1 por:<\/p>\n\n\n\n<p class=\"wp-block-paragraph\">\u201cI. al XI.\u2026<\/p>\n\n\n\n<p class=\"wp-block-paragraph\">\u201cXII. Pensi\u00f3n Universal para los Adultos Mayores: Apoyo econ\u00f3mico mensual universal para adultos mayores de 65 a\u00f1os que no podr\u00e1 ser menor&nbsp;<strong>a la mitad del salario m\u00ednimo general fijando por la Comisi\u00f3n Nacional de Salarios M\u00ednimos de acuerdo al \u00e1rea geogr\u00e1fica donde resida el beneficiario\u201d.<\/strong><\/p>\n\n\n\n<p class=\"wp-block-paragraph\">\u00bfY sabe usted que ocurri\u00f3 cuando el licenciado L\u00f3pez Obrador se hizo de la Presidencia de la Rep\u00fablica el 1 de diciembre de 2018? Cambi\u00f3 las reglas y, a los adultos mayores de los centros urbanos, les elev\u00f3 a 68 a\u00f1os la edad para recibir la pensi\u00f3n universal y, a los residentes en el sector rural e ind\u00edgenas, los ubic\u00f3 en los 65 a\u00f1os como beneficiarios.<\/p>\n\n\n\n<p class=\"wp-block-paragraph\">Buena estrategia, primero los pobres, atendi\u00f3 con prioridad a quienes votan y tienen autoridad tradicional en el sector rural. Luego, luego los de las ciudades. \u00a1Ah!, pero se trata de evitar suspicacias y por tanto la pensi\u00f3n se comenzar\u00e1 a entregar en julio, un mes despu\u00e9s de la elecci\u00f3n intermedia que dirimir\u00e1 en las urnas el domingo 6 de junio.<\/p>\n\n\n\n<p class=\"wp-block-paragraph\">Vivillo, vivillo. \u00bfC\u00f3mo se gana la voluntad de la poblaci\u00f3n adulta mayor que ya no deber\u00e1n esperar a cumplir los 68 a\u00f1os para hacerse de unos dineros que les pauten una vida menos dif\u00edcil? \u00a1F\u00e1cil! Lo anunci\u00f3 el pasado fin de semana, justo antes de comenzar la veda electoral. Vivillo.<\/p>\n\n\n\n<p class=\"wp-block-paragraph\">Es, L\u00f3pez Obrador, el Jefe L\u00f3pez, el jefe de campa\u00f1a de las candidaturas de Morena, \u00e9stos que no ganan una elecci\u00f3n en su colonia y se colgar\u00e1n de obra y fama del inquilino de Palacio.<\/p>\n\n\n\n<p class=\"wp-block-paragraph\">\u00bfNerviosa la oposici\u00f3n? Bueno, bueno, cada quien arrastra sus pecados, pero en Morena hay temor, indudable aunque Andr\u00e9s Manuel diga lo contrario. Ah\u00ed tiene usted la pataleta contra el acuerdo del INE para evitar la sobrerrepresentaci\u00f3n en la C\u00e1mara de Diputados.<\/p>\n\n\n\n<p class=\"wp-block-paragraph\">So riesgo del linchamiento, refiero este antecedente del apoyo a la poblaci\u00f3n &nbsp;adulta. Andr\u00e9s quit\u00f3 la pensi\u00f3n universal a los que hab\u00edan cumplido los 65 a\u00f1os, remiti\u00e9ndolos hasta los 68, pero en ese \u00e1nimo de politiquer\u00eda que lo abraza se las devuelve. \u00a1Aleluya! Digo.<\/p>\n\n\n\n<p class=\"wp-block-paragraph\"><strong>BAJA CALIFORNIA Y EL FACTOR HANK.<\/strong>&nbsp;\u00bfNo est\u00e1n de nervios en Morena? \u00bfNo? Es evidente que Mario Delgado es un mal aprendiz de brujo. O tal vez lo hace a prop\u00f3sito, pero le platico lo que me platicaron.<\/p>\n\n\n\n<p class=\"wp-block-paragraph\">De incongruente y falto de tacto fue calificada la negativa del ayuntamiento de Tijuana, a otorgarle la carta de residencia al candidato del Partido Encuentro Solidario (PES) a esta alcald\u00eda, el Teniente Coronel Juli\u00e1n Layzaola P\u00e9rez, quien goza de gran arraigo y popularidad y a quien&nbsp; morenistas en el poder lo consideran electoralmente como un peligro para ellos.<\/p>\n\n\n\n<p class=\"wp-block-paragraph\">\u00bfPor qu\u00e9 contra el PES? Porque el PES lleva como abanderado al gobierno estatal a Jorge Hank Rhon.<\/p>\n\n\n\n<p class=\"wp-block-paragraph\">La ley se\u00f1ala que no hab\u00eda razones para negarle la carta de residencia, requisito indispensable para tener el registro como candidato. Eso es m\u00e1s importante que la orden de aprehensi\u00f3n en su contra o la carta de no antecedentes penales y si no, hay que recordar al actual gobernador Jaime Bonilla, quien lleg\u00f3 a ese puesto pese a que estuvo preso en la penitenciaria de Tijuana con el n\u00famero 13380.<\/p>\n\n\n\n<p class=\"wp-block-paragraph\">Lo cierto es que en Palacio Nacional y en la oficina del gobernador Jaime Bonilla hay inquietud porque el hijo desobediente del profesor Carlos Hank Gonz\u00e1lez avanza. Al inicio de semana, en el acto de su registro como candidato del Partido Encuentro Solidario &nbsp;al gobierno de Baja California, el ingeniero Jorge Hank Rhon afirm\u00f3 qu\u00e9, si el voto ciudadano le favorece, trabajar\u00e1 para servir y no para servirse, respetando siempre el marco legal en beneficio de todos los habitantes del estado.<\/p>\n\n\n\n<p class=\"wp-block-paragraph\">Y es que, ofreci\u00f3, dejar\u00e1 atr\u00e1s colores y trabajar\u00e1 para todos. \u00bfLe suena conocida la oferta? \u00bfPrimero los pobres de Baja California? Ser\u00e1 el sereno, pero en el alto mando de Morena, es decir, en la oficina del licenciado L\u00f3pez Obrador, hay algo m\u00e1s que inquietud.<\/p>\n\n\n\n<p class=\"wp-block-paragraph\">Me cuentan que el ingeniero Hank estuvo acompa\u00f1ado por ocho de sus hijos, el presidente nacional del PES, Hugo Erick Flores Cervantes, y el dirigente estatal de este instituto pol\u00edtico, Jos\u00e9 Alfredo Ferreiro Velazco.<\/p>\n\n\n\n<p class=\"wp-block-paragraph\">Hank Rhon destac\u00f3 que 14 a\u00f1os despu\u00e9s de haber participado por primera vez en una contienda electoral, hoy lo m\u00e1s importante es que abandera un proyecto pol\u00edtico diferente y su meta es lograr un triunfo por un margen amplio que le permita ir a la transici\u00f3n con calma y bien documentado. Vaya, no quiere meterse en la confrontaci\u00f3n y, toda vez que habr\u00e1 varias mujeres en la contienda, expres\u00f3 su m\u00e1s grande respeto para ellas. Conste.<\/p>\n\n\n\n<p class=\"wp-block-paragraph\"><a href=\"mailto:sanchezlimon@gmail.com\" target=\"_blank\" rel=\"noreferrer noopener\">sanchezlimon@gmail.com<\/a><\/p>\n\n\n\n<p class=\"wp-block-paragraph\"><a href=\"http:\/\/www.entresemana.mx\/\" target=\"_blank\" rel=\"noreferrer noopener\">www.entresemana.mx<\/a><\/p>\n\n\n\n<p class=\"wp-block-paragraph\"><strong>@msanchezlimon @msanchezlimon1<\/strong><\/p>\n","protected":false},"excerpt":{"rendered":"<p>Bravo! \u00a1Bravo!, elevaron la voz aquellos que aplaudieron, como algo nuevo y justiciero, al anuncio cual obsequio de Andr\u00e9s Manuel para entregar la Pensi\u00f3n Universal<\/p>\n","protected":false},"author":3,"featured_media":15805,"comment_status":"open","ping_status":"open","sticky":false,"template":"","format":"standard","meta":{"_monsterinsights_skip_tracking":false,"footnotes":""},"categories":[692,105,83,35],"tags":[],"class_list":["post-33523","post","type-post","status-publish","format-standard","has-post-thumbnail","category-692","category-entresemana","category-moises-sanchez-limon","category-opinion"],"_links":{"self":[{"href":"https:\/\/redsemlac.com\/semmexico\/wp-json\/wp\/v2\/posts\/33523","targetHints":{"allow":["GET"]}}],"collection":[{"href":"https:\/\/redsemlac.com\/semmexico\/wp-json\/wp\/v2\/posts"}],"about":[{"href":"https:\/\/redsemlac.com\/semmexico\/wp-json\/wp\/v2\/types\/post"}],"author":[{"embeddable":true,"href":"https:\/\/redsemlac.com\/semmexico\/wp-json\/wp\/v2\/users\/3"}],"replies":[{"embeddable":true,"href":"https:\/\/redsemlac.com\/semmexico\/wp-json\/wp\/v2\/comments?post=33523"}],"version-history":[{"count":0,"href":"https:\/\/redsemlac.com\/semmexico\/wp-json\/wp\/v2\/posts\/33523\/revisions"}],"wp:featuredmedia":[{"embeddable":true,"href":"https:\/\/redsemlac.com\/semmexico\/wp-json\/wp\/v2\/media\/15805"}],"wp:attachment":[{"href":"https:\/\/redsemlac.com\/semmexico\/wp-json\/wp\/v2\/media?parent=33523"}],"wp:term":[{"taxonomy":"category","embeddable":true,"href":"https:\/\/redsemlac.com\/semmexico\/wp-json\/wp\/v2\/categories?post=33523"},{"taxonomy":"post_tag","embeddable":true,"href":"https:\/\/redsemlac.com\/semmexico\/wp-json\/wp\/v2\/tags?post=33523"}],"curies":[{"name":"wp","href":"https:\/\/api.w.org\/{rel}","templated":true}]}}