{"id":33514,"date":"2021-03-23T11:56:57","date_gmt":"2021-03-23T17:56:57","guid":{"rendered":"https:\/\/redsemlac.com\/semmexico\/?p=33514"},"modified":"2023-07-21T16:54:46","modified_gmt":"2023-07-21T21:54:46","slug":"mas-de-93-anos-de-prision-por-delito-de-violacion-contra-dos-menores-de-edad","status":"publish","type":"post","link":"https:\/\/redsemlac.com\/semmexico\/mas-de-93-anos-de-prision-por-delito-de-violacion-contra-dos-menores-de-edad\/","title":{"rendered":"M\u00e1s de 93 a\u00f1os de prisi\u00f3n por delito de violaci\u00f3n contra dos menores de edad"},"content":{"rendered":"\n<ul class=\"wp-block-list\"><li><strong>La FGE de Quintana Roo realiz\u00f3 la investigaci\u00f3n de los hechos ocurridos en 2016 y 2018<\/strong><\/li><\/ul>\n\n\n\n<ul class=\"wp-block-list\"><li><strong>El victimario aprovech\u00f3 la cercan\u00eda con la familia<\/strong><\/li><\/ul>\n\n\n\n<p class=\"wp-block-paragraph\"><strong>\u00c1ngeles G\u00f3mez<\/strong><\/p>\n\n\n\n<p class=\"wp-block-paragraph\">SemM\u00e9xico, Jos\u00e9 Mar\u00eda Morelos, Quintana Roo, 23 de marzo, 2021.- Jos\u00e9 B fue sentenciado a 93 a\u00f1os y nueve meses de prisi\u00f3n, al ser encontrado culpable de delitos contra la Libertad Sexual y el Libre Desarrollo de la Personalidad, en agravio de dos menores de edad.<\/p>\n\n\n\n<p class=\"wp-block-paragraph\">La Fiscal\u00eda General del Estado de Quintana Roo, informa que fiscales especializadas en Investigaci\u00f3n de Delitos contra la Libertad Sexual y el Libre Desarrollo de la Personalidad presentaron pruebas contundentes en contra de Jos\u00e9 \u00abB\u00bb.<\/p>\n\n\n\n<p class=\"wp-block-paragraph\">La determinaci\u00f3n del juez deriv\u00f3 de la presentaci\u00f3n de la evidencia por parte del Ministerio P\u00fablico, debidamente sustentada en pruebas cient\u00edficas y testimonios presentados durante el juicio, por hechos suscitados en 2016 y 2018 en una vivienda del municipio de Jos\u00e9 Mar\u00eda Morelos, donde aprovech\u00f3 la cercan\u00eda familiar para cometer los il\u00edcitos.<\/p>\n\n\n\n<p class=\"wp-block-paragraph\">En audiencia de individualizaci\u00f3n de sanciones y reparaci\u00f3n del da\u00f1o, las fiscales lograron tambi\u00e9n que el juez impusiera el pago de una multa correspondiente a los 241 mil 375 pesos.<\/p>\n\n\n\n<p class=\"wp-block-paragraph\">SEM\/ag\/sj<\/p>\n","protected":false},"excerpt":{"rendered":"<p>El victimario aprovech\u00f3 la cercan\u00eda con la familia<\/p>\n","protected":false},"author":3,"featured_media":33515,"comment_status":"open","ping_status":"open","sticky":false,"template":"","format":"standard","meta":{"_monsterinsights_skip_tracking":false,"footnotes":""},"categories":[692,51],"tags":[],"class_list":["post-33514","post","type-post","status-publish","format-standard","has-post-thumbnail","category-692","category-ejecutivo"],"_links":{"self":[{"href":"https:\/\/redsemlac.com\/semmexico\/wp-json\/wp\/v2\/posts\/33514","targetHints":{"allow":["GET"]}}],"collection":[{"href":"https:\/\/redsemlac.com\/semmexico\/wp-json\/wp\/v2\/posts"}],"about":[{"href":"https:\/\/redsemlac.com\/semmexico\/wp-json\/wp\/v2\/types\/post"}],"author":[{"embeddable":true,"href":"https:\/\/redsemlac.com\/semmexico\/wp-json\/wp\/v2\/users\/3"}],"replies":[{"embeddable":true,"href":"https:\/\/redsemlac.com\/semmexico\/wp-json\/wp\/v2\/comments?post=33514"}],"version-history":[{"count":0,"href":"https:\/\/redsemlac.com\/semmexico\/wp-json\/wp\/v2\/posts\/33514\/revisions"}],"wp:featuredmedia":[{"embeddable":true,"href":"https:\/\/redsemlac.com\/semmexico\/wp-json\/wp\/v2\/media\/33515"}],"wp:attachment":[{"href":"https:\/\/redsemlac.com\/semmexico\/wp-json\/wp\/v2\/media?parent=33514"}],"wp:term":[{"taxonomy":"category","embeddable":true,"href":"https:\/\/redsemlac.com\/semmexico\/wp-json\/wp\/v2\/categories?post=33514"},{"taxonomy":"post_tag","embeddable":true,"href":"https:\/\/redsemlac.com\/semmexico\/wp-json\/wp\/v2\/tags?post=33514"}],"curies":[{"name":"wp","href":"https:\/\/api.w.org\/{rel}","templated":true}]}}