{"id":33511,"date":"2021-03-22T21:49:10","date_gmt":"2021-03-23T03:49:10","guid":{"rendered":"https:\/\/redsemlac.com\/semmexico\/?p=33511"},"modified":"2023-07-21T16:54:46","modified_gmt":"2023-07-21T21:54:46","slug":"ivonne-gallegos-habia-presentado-una-queja-por-actos-de-difamacion-un-dia-antes-de-su-asesinato","status":"publish","type":"post","link":"https:\/\/redsemlac.com\/semmexico\/ivonne-gallegos-habia-presentado-una-queja-por-actos-de-difamacion-un-dia-antes-de-su-asesinato\/","title":{"rendered":"Ivonne Gallegos hab\u00eda presentado una queja por actos de difamaci\u00f3n, un d\u00eda antes de su asesinato"},"content":{"rendered":"\n<ul class=\"wp-block-list\"><li><strong>Hoy fue sepultada la candidata del PAN a la presidencia municipal de Ocotl\u00e1n de Morelos<\/strong><\/li><li><strong>Fiscal\u00eda investiga el feminicidio<\/strong><\/li><\/ul>\n\n\n\n<p class=\"wp-block-paragraph\"><strong>Patricia Brise\u00f1o<\/strong><\/p>\n\n\n\n<p class=\"wp-block-paragraph\">SemM\u00e9xico, Oaxaca, 22 de marzo, 2021.- Los restos de Ivonne Gallegos Carre\u00f1o, candidata a presidenta municipal de Ocotl\u00e1n de Morelos asesinada el fin de semana pasado fueron depositados este lunes en el pante\u00f3n de esa municipalidad, en la regi\u00f3n de los Valles Centrales de Oaxaca.<\/p>\n\n\n\n<p class=\"wp-block-paragraph\">Un nutrido cortejo de personas acompa\u00f1\u00f3 a la odont\u00f3loga y ex diputada a su \u00faltima morada. Desde la salida de su domicilio al descanso municipal, los asistentes escoltaron la carroza color negro, aplaudieron y lanzaron consignas en demanda de justicia. De igual manera, como es tradici\u00f3n entre las comunidades, una banda de m\u00fasica particip\u00f3 en sepelio.<\/p>\n\n\n\n<p class=\"wp-block-paragraph\">Por otra parte, las \u00e1reas de procuraci\u00f3n de justicia y seguridad p\u00fablica brindan medidas de protecci\u00f3n a familiares de Gallegos Carre\u00f1o (v\u00edctimas indirectas) realizando operativos en la zona y estableciendo un per\u00edmetro de seguridad para garantizar su integridad.<\/p>\n\n\n\n<p class=\"wp-block-paragraph\">En el marco de la investigaci\u00f3n que realiza la Fiscal\u00eda General del Estado de Oaxaca por la muerte de Gallegos Carre\u00f1o se agregaron a la investigaci\u00f3n por el delito de feminicidio para esclarecer el caso con perspectiva de g\u00e9nero.<\/p>\n\n\n\n<p class=\"wp-block-paragraph\">Carmelita Sibaja, consejera del Instituto Estatal Electoral y de Participaci\u00f3n Ciudadana de Oaxaca (IEEPCO) inform\u00f3 que este \u00f3rgano mantiene abierta la queja que un d\u00eda antes de su homicidio present\u00f3 la candidata hoy fallecida, por presuntos actos de difamaci\u00f3n y acusaciones en su contra.<\/p>\n\n\n\n<p class=\"wp-block-paragraph\">\u201cS\u00ed, vamos a continuar la investigaci\u00f3n, independiente, de que la persona no est\u00e9 presente\u201d, asegur\u00f3.<\/p>\n\n\n\n<p class=\"wp-block-paragraph\">El viernes, 19 de marzo, la ex aspirante present\u00f3 una queja ante el \u00f3rgano aut\u00f3nomo para solicitar el retiro de publicaciones en radio y redes sociales, que pretend\u00edan deslegitimar sus aspiraciones y dejar en entredicho su probidad.<\/p>\n\n\n\n<p class=\"wp-block-paragraph\">De acuerdo con el informe en materia de procedimientos sancionadores que rindi\u00f3 la Secretar\u00eda Ejecutiva del Instituto Electoral consigna en lo que va de este a\u00f1o, son 10 expedientes por violencia pol\u00edtica por raz\u00f3n de g\u00e9nero.<\/p>\n\n\n\n<p class=\"wp-block-paragraph\">Mientras que el a\u00f1o pasado, contabiliz\u00f3 cinco por esta misma causa.<\/p>\n\n\n\n<p class=\"wp-block-paragraph\">La Defensor\u00eda de Derechos Humanos inform\u00f3 que en el \u00faltimo a\u00f1o, la instancia encargada de Equidad de G\u00e9nero y Atenci\u00f3n a Mujeres V\u00edctimas de Violencia registra 101 expedientes por violencia pol\u00edtica de g\u00e9nero.<\/p>\n","protected":false},"excerpt":{"rendered":"<p>Hoy fue sepultada la candidata del PAN a la presidencia municipal de Ocotl\u00e1n de Morelos<\/p>\n","protected":false},"author":3,"featured_media":33512,"comment_status":"open","ping_status":"open","sticky":false,"template":"","format":"standard","meta":{"_monsterinsights_skip_tracking":false,"footnotes":""},"categories":[692,54],"tags":[],"class_list":["post-33511","post","type-post","status-publish","format-standard","has-post-thumbnail","category-692","category-mujeres"],"_links":{"self":[{"href":"https:\/\/redsemlac.com\/semmexico\/wp-json\/wp\/v2\/posts\/33511","targetHints":{"allow":["GET"]}}],"collection":[{"href":"https:\/\/redsemlac.com\/semmexico\/wp-json\/wp\/v2\/posts"}],"about":[{"href":"https:\/\/redsemlac.com\/semmexico\/wp-json\/wp\/v2\/types\/post"}],"author":[{"embeddable":true,"href":"https:\/\/redsemlac.com\/semmexico\/wp-json\/wp\/v2\/users\/3"}],"replies":[{"embeddable":true,"href":"https:\/\/redsemlac.com\/semmexico\/wp-json\/wp\/v2\/comments?post=33511"}],"version-history":[{"count":0,"href":"https:\/\/redsemlac.com\/semmexico\/wp-json\/wp\/v2\/posts\/33511\/revisions"}],"wp:featuredmedia":[{"embeddable":true,"href":"https:\/\/redsemlac.com\/semmexico\/wp-json\/wp\/v2\/media\/33512"}],"wp:attachment":[{"href":"https:\/\/redsemlac.com\/semmexico\/wp-json\/wp\/v2\/media?parent=33511"}],"wp:term":[{"taxonomy":"category","embeddable":true,"href":"https:\/\/redsemlac.com\/semmexico\/wp-json\/wp\/v2\/categories?post=33511"},{"taxonomy":"post_tag","embeddable":true,"href":"https:\/\/redsemlac.com\/semmexico\/wp-json\/wp\/v2\/tags?post=33511"}],"curies":[{"name":"wp","href":"https:\/\/api.w.org\/{rel}","templated":true}]}}