{"id":33504,"date":"2021-03-22T16:49:57","date_gmt":"2021-03-22T22:49:57","guid":{"rendered":"https:\/\/redsemlac.com\/semmexico\/?p=33504"},"modified":"2023-07-21T16:53:00","modified_gmt":"2023-07-21T21:53:00","slug":"un-viejo-conocido-acecha-a-comunidades-mexicanas","status":"publish","type":"post","link":"https:\/\/redsemlac.com\/semmexico\/un-viejo-conocido-acecha-a-comunidades-mexicanas\/","title":{"rendered":"Un viejo conocido acecha a comunidades mexicanas"},"content":{"rendered":"\n<ul class=\"wp-block-list\"><li><strong>Desde 2016, habitantes de tres municipios mexicanos del central estado de Puebla mantienen detenida la construcci\u00f3n de la central hidroel\u00e9ctrica privada Puebla 1, mediante una denuncia en que se\u00f1alan al megaproyecto de falta de la obligada consulta ind\u00edgena y de provocar da\u00f1os ambientales.<\/strong><\/li><\/ul>\n\n\n\n<p class=\"wp-block-paragraph\"><strong>Emilio Godoy\/IPS<\/strong><\/p>\n\n\n\n<p class=\"wp-block-paragraph\">SemM\u00e9xico\/IPS. Ciudad de M\u00e9xico, 22 de marzo de 2021.- Desde 2016, propietarios de tierras comunitarias han detenido con recursos legales un parque solar privado en el sudoriental estado mexicano de Yucat\u00e1n, por falta de consulta ind\u00edgena y riesgo de da\u00f1os ambientales.<\/p>\n\n\n\n<p class=\"wp-block-paragraph\">&nbsp;\u201cAbrieron unos caminos, brechas, sin conocimiento de las comunidades. Hubo una consulta en otro municipio, pero no ac\u00e1\u201d, relat\u00f3 v\u00eda telef\u00f3nica a IPS el ind\u00edgena maya Aurelio Mugarte.<\/p>\n\n\n\n<p class=\"wp-block-paragraph\">Como sus vecinos, Mugarte se dedica a la agricultura en el ejido San Jos\u00e9 Tipceh, una tierra p\u00fablica cedida para la explotaci\u00f3n comunitaria, de 1468 hect\u00e1reas de extensi\u00f3n.<\/p>\n\n\n\n<p class=\"wp-block-paragraph\">El proyecto se divide en Ticul A y B y es propiedad de Vega Solar Energ\u00eda, filial mexicana de la estadounidense Sun Power y cuyo accionista mayoritario es la petrolera francesa Total SE. Implica la tala de unas 700 hect\u00e1reas de selva, en una zona sensible por su biodiversidad y por su suelo k\u00e1rstico, de composici\u00f3n porosa, propicio a tener socavones y que se infiltra f\u00e1cilmente.<\/p>\n\n\n\n<p class=\"wp-block-paragraph\">Yucat\u00e1n pertenece a la pen\u00ednsula hom\u00f3nima que tambi\u00e9n abarca a los estados de Campeche y Quintana Roo y constituye el segundo ecosistema terrestre latinoamericano m\u00e1s importante, despu\u00e9s del de la Amazonia.<\/p>\n\n\n\n<p class=\"wp-block-paragraph\">Comunidades amenazadas por el proyecto interpusieron dos demandas que siguen en curso contra el parque, que abarcar\u00eda territorios de los municipios de Muna, Sacalum&nbsp; y Ticul, a unos 1300 kil\u00f3metros al sudeste de Ciudad de M\u00e9xico.<\/p>\n\n\n\n<p class=\"wp-block-paragraph\">La planta es producto de la reforma energ\u00e9tica de 2013 que abri\u00f3 en este pa\u00eds latinoamericano la generaci\u00f3n y comercializaci\u00f3n del sector al capital privado nacional y extranjero. En el ramo el\u00e9ctrico, la transmisi\u00f3n y la distribuci\u00f3n han seguido en manos de la estatal Comisi\u00f3n Federal de Electricidad (CFE).<\/p>\n\n\n\n<p class=\"wp-block-paragraph\">A partir de esa apertura, el gobierno organiz\u00f3 en 2016 y 2017 tres subastas el\u00e9ctricas para la construcci\u00f3n de generadoras que vendieran su producci\u00f3n a la CFE. En 2016, Vega Solar fue una de las ganadoras con Ticul A y B, que instalar\u00e1 unos 1,22 millones de paneles fotovoltaicos para generar unos 600 megavatios (Mw).<\/p>\n\n\n\n<p class=\"wp-block-paragraph\">&nbsp;\u201cLa reforma nos afect\u00f3 y permiti\u00f3 que llegaran las empresas. El gobierno busc\u00f3 favorecer a la empresa. No se trata de destruir la naturaleza, si la energ\u00eda renovable va a destruir eso, no le veo el beneficio\u201d, denunci\u00f3 Mugarte.<\/p>\n\n\n\n<p class=\"wp-block-paragraph\">Ahora el presidente Andr\u00e9s Manuel L\u00f3pez Obrador, en el cargo desde diciembre de 2018, quiere revertir la reforma energ\u00e9tica, establecida por su antecesor, Enrique Pe\u00f1a Nieto, en agosto de 2013, al menos en lo que respecta al medular sector el\u00e9ctrico.<\/p>\n\n\n\n<h2 class=\"wp-block-heading\"><strong>Contrarreforma el\u00e9ctrica<\/strong><\/h2>\n\n\n\n<p class=\"wp-block-paragraph\">La nueva ley el\u00e9ctrica, promulgada el 9 de marzo, privilegia la generaci\u00f3n de las plantas de CFE por delante de las privadas, a pesar de ser m\u00e1s onerosa.<\/p>\n\n\n\n<p class=\"wp-block-paragraph\">Desde ahora, en el Mercado El\u00e9ctrico Mayorista (MEM), administrado por el estatal y aut\u00f3nomo Centro Nacional de Energ\u00eda (Cenace), debe comercializarse primero la generaci\u00f3n del sistema el\u00e9ctrico nacional y solo luego el fluido de las corporaciones privadas, especialmente la proveniente de las fuentes e\u00f3lica y solar.<\/p>\n\n\n\n<p class=\"wp-block-paragraph\">El gobierno y su partido, el Movimiento de Regeneraci\u00f3n Nacional (Morena, no tocaron la Constituci\u00f3n como s\u00ed sucedi\u00f3 en 2013, pero los cambios revierten la reforma energ\u00e9tica de entonces que abri\u00f3 la generaci\u00f3n y comercializaci\u00f3n al capital privado.<\/p>\n\n\n\n<p class=\"wp-block-paragraph\">Esa apertura busc\u00f3 fomentar la competencia en el mercado y los precios m\u00e1s bajos de despacho. Pero CFE arguye que le perjudica y pierde dinero al quedar relegada su generaci\u00f3n. En enero, en el MEM participaron 98 generadores, entre ellos la CFE y operadores privados.<\/p>\n\n\n\n<p class=\"wp-block-paragraph\">Con la contrarreforma el\u00e9ctrica, el Cenace deber\u00e1 despachar primero la energ\u00eda generada por las hidroel\u00e9ctricas de CFE, despu\u00e9s el fluido de combustibles f\u00f3siles y otras fuentes de esa empresa estatal, luego la e\u00f3lica y solar de generadores privados y en \u00faltimo lugar la de centrales de ciclo combinado de empresas privadas, que generan con gas y vapor.<\/p>\n\n\n\n<p class=\"wp-block-paragraph\">Adem\u00e1s, conmina a la aut\u00f3noma Comisi\u00f3n Reguladora de Energ\u00eda a invalidar los permisos de autoabastecimiento obtenidos por particulares para generar su propia electricidad, de fuentes como gas, hidroel\u00e9ctrica, e\u00f3lica y solar fotovoltaica, en lo que se conoce como generaci\u00f3n distribuida o descentralizada.<\/p>\n\n\n\n<p class=\"wp-block-paragraph\">Sujeta tambi\u00e9n los futuros permisos de generaci\u00f3n a los criterios de planificaci\u00f3n de la Secretar\u00eda (ministerio) de Energ\u00eda, lo que implica colocarlos bajo las disposiciones gubernamentales. Finalmente, la nueva norma elimina la obligatoriedad de las subastas el\u00e9ctricas.<\/p>\n\n\n\n<p class=\"wp-block-paragraph\">La aplicaci\u00f3n de la nueva ley est\u00e1 temporalmente suspendida por orden deun juez, aunque se da por hecho de que saldr\u00e1 adelante.<\/p>\n\n\n\n<p class=\"wp-block-paragraph\">En la segunda econom\u00eda latinoamericana, con una poblaci\u00f3n de 126 millones de personas, el consumo de electricidad se sit\u00faa actualmente en unos 270 000 gigavatios hora, de los que la mitad los aporta CFE y el resto operadores privados.<\/p>\n\n\n\n<p class=\"wp-block-paragraph\">Las fuentes de la electricidad son primordialmente combustibles f\u00f3siles (casi 76 por ciento), hidroelectricidad (casi ocho por ciento), e\u00f3lica (6,59 por ciento), fotovoltaica (cuatro por ciento), nuclear (tres por ciento) y geotermia (1,5 por ciento).<\/p>\n\n\n\n<p class=\"wp-block-paragraph\">Las comunidades afectadas por megaproyectos sienten que la contrarreforma les da un respiro, pues de facto ya no tendr\u00e1n encima la sombra de los grupos privados. Pero no se libran de CFE, que hist\u00f3ricamente ha ignorado sus planteamientos.<\/p>\n\n\n\n<p class=\"wp-block-paragraph\">&nbsp;\u201cNo creemos que los cambios nos favorezcan, porque la energ\u00eda no es para nosotros\u201d, asegur\u00f3 Mugarte, cuya zona se alimenta de electricidad generada por una planta termoel\u00e9ctrica, alimentada por combustibles f\u00f3siles.<\/p>\n\n\n\n<p class=\"wp-block-paragraph\">La reforma energ\u00e9tica dej\u00f3 a las comunidades locales a expensas de la CFE y de la tambi\u00e9n estatal Petr\u00f3leos Mexicanos (Pemex) y las empresas privadas, pues no pod\u00edan rechazar la instalaci\u00f3n de un proyecto.<\/p>\n\n\n\n<p class=\"wp-block-paragraph\">Si bien estipula la realizaci\u00f3n de una consulta ind\u00edgena y una evaluaci\u00f3n del impacto social, estas se llevaban a cabo despu\u00e9s de la planificaci\u00f3n y dise\u00f1o de la obra y se han convertido en un tr\u00e1mite.<\/p>\n\n\n\n<p class=\"wp-block-paragraph\">Ante ello, los pueblos afectados han optado por las demandas ante la justicia por la ausencia de lo que consideran una consulta libre de presiones, previa al dise\u00f1o y construcci\u00f3n de los proyectos y con informaci\u00f3n adecuada y oportuna.<\/p>\n\n\n\n<p class=\"wp-block-paragraph\">En otras regiones del pa\u00eds se ha repetido el mismo esquema, que en Yucat\u00e1n.<\/p>\n\n\n\n<p class=\"wp-block-paragraph\">En el central estado de Puebla, la empresa Deselec 1-Comexhidro intenta erigir la central hidroel\u00e9ctrica Puebla 1 para abastecer de electricidad a las filiales en M\u00e9xico de la cadena estadounidense de venta minorista Walmart, una cadena de restaurantes y otra de ropa.<\/p>\n\n\n\n<p class=\"wp-block-paragraph\">&nbsp;\u201cS\u00ed hay alg\u00fan cambio, porque eso permitir\u00eda que la energ\u00eda sea mexicana, pues estaba privatizada. De todos modos, es preocupante. Quieren seguir manejando el petr\u00f3leo, la contaminaci\u00f3n y que se construyan m\u00e1s hidroel\u00e9ctricas, para que sigan obstruyendo las cuencas\u201d, dijo a IPS v\u00eda telef\u00f3nica el ind\u00edgena totonaco Jos\u00e9 Galindo, desde el municipio de San Felipe Petatl\u00e1n, en Puebla.<\/p>\n\n\n\n<p class=\"wp-block-paragraph\">El integrante del no gubernamental Consejo Regional Totonaco, un pueblo originario mesoamericano del este mexicano, dej\u00f3 en claro que \u201cno nos sentimos m\u00e1s respaldados con la CFE, ni que tengamos energ\u00eda de mejor calidad\u201d.<\/p>\n\n\n\n<p class=\"wp-block-paragraph\">Desde 2016, residentes en tres municipios de Puebla mantienen detenido el megaproyecto hidroel\u00e9ctrico en el cauce del r\u00edo Ajajalpan, su principal fuente h\u00eddrica, mediante dos demandas legales. El llamado Proyecto Hidroel\u00e9ctrico Puebla 1 establece la construcci\u00f3n de dos represas, Ahuacoya y Zoquiapa, la primera de las cuales tendr\u00eda una cortina de 45 metros de altura y una capacidad generadora de 60 Mw.<\/p>\n\n\n\n<p class=\"wp-block-paragraph\">&nbsp;\u201cHubo simulaci\u00f3n de consulta ind\u00edgena. Los permisos ya los ten\u00edan desde a\u00f1os pasados, solo le informaron al pueblo de lo que quer\u00edan hacer. Las instituciones gubernamentales fueron parte de la simulaci\u00f3n. Nunca nos informaron del proyecto\u201d, indic\u00f3 Galindo, cuyo municipio, de 4000 habitantes, est\u00e1 a unos 230 kil\u00f3metros al sur de Ciudad de M\u00e9xico.<\/p>\n\n\n\n<p class=\"wp-block-paragraph\">Antes de la aprobaci\u00f3n legislativa de los cambios en el sistema de la comercializaci\u00f3n de la electricidad, autoridades y organizaciones de 14 pueblos ind\u00edgenas pidieron participar en la generaci\u00f3n renovable.<\/p>\n\n\n\n<p class=\"wp-block-paragraph\">Plantearon la necesidad de \u201cun nuevo modelo de transici\u00f3n energ\u00e9tica social y democr\u00e1tica, sin participaci\u00f3n de grandes multinacionales ni de megaproyectos privados\u201d.<\/p>\n\n\n\n<p class=\"wp-block-paragraph\">Desde 2018, poblaciones descontentas han logrado detener al menos seis proyectos renovables en Yucat\u00e1n y una central hidroel\u00e9ctrica en Puebla.<\/p>\n\n\n\n<p class=\"wp-block-paragraph\">La CFE no planea invertir en energ\u00eda renovable, porque favorece la explotaci\u00f3n de los combustibles f\u00f3siles, las grandes plantas hidroel\u00e9ctricas y la energ\u00eda nuclear.<\/p>\n\n\n\n<p class=\"wp-block-paragraph\">Comunidades como San Jos\u00e9 Tipceh y San Felipe Tepatl\u00e1n solo desean la anulaci\u00f3n de los proyectos.<\/p>\n\n\n\n<p class=\"wp-block-paragraph\">&nbsp;\u201cQueremos que les nieguen la licencia ambiental. No se trata de destruir la naturaleza, si la energ\u00eda renovable va a destruirla, no le veo el beneficio. Que la pongan en el desierto o en un sitio que no afecte la naturaleza\u201d, pidi\u00f3 Mugarte.<\/p>\n\n\n\n<p class=\"wp-block-paragraph\">Por su parte, Galindo confi\u00f3 en la cancelaci\u00f3n de la central hidroel\u00e9ctrica. \u201cEso ser\u00eda muy importante, pues hay muchas violaciones a derechos. Ojal\u00e1 que cada pueblo pueda tener su propia energ\u00eda y la pudiera controlar\u201d, declar\u00f3.<\/p>\n","protected":false},"excerpt":{"rendered":"<p>Desde 2016, habitantes de tres municipios mexicanos del central estado de Puebla mantienen detenida la construcci\u00f3n de la central hidroel\u00e9ctrica privada Puebla 1, mediante una denuncia en que se\u00f1alan al megaproyecto de falta de la obligada consulta ind\u00edgena y de provocar da\u00f1os ambientales.<\/p>\n","protected":false},"author":3,"featured_media":33505,"comment_status":"open","ping_status":"open","sticky":false,"template":"","format":"standard","meta":{"_monsterinsights_skip_tracking":false,"footnotes":""},"categories":[692,59],"tags":[],"class_list":["post-33504","post","type-post","status-publish","format-standard","has-post-thumbnail","category-692","category-investigaciones"],"_links":{"self":[{"href":"https:\/\/redsemlac.com\/semmexico\/wp-json\/wp\/v2\/posts\/33504","targetHints":{"allow":["GET"]}}],"collection":[{"href":"https:\/\/redsemlac.com\/semmexico\/wp-json\/wp\/v2\/posts"}],"about":[{"href":"https:\/\/redsemlac.com\/semmexico\/wp-json\/wp\/v2\/types\/post"}],"author":[{"embeddable":true,"href":"https:\/\/redsemlac.com\/semmexico\/wp-json\/wp\/v2\/users\/3"}],"replies":[{"embeddable":true,"href":"https:\/\/redsemlac.com\/semmexico\/wp-json\/wp\/v2\/comments?post=33504"}],"version-history":[{"count":0,"href":"https:\/\/redsemlac.com\/semmexico\/wp-json\/wp\/v2\/posts\/33504\/revisions"}],"wp:featuredmedia":[{"embeddable":true,"href":"https:\/\/redsemlac.com\/semmexico\/wp-json\/wp\/v2\/media\/33505"}],"wp:attachment":[{"href":"https:\/\/redsemlac.com\/semmexico\/wp-json\/wp\/v2\/media?parent=33504"}],"wp:term":[{"taxonomy":"category","embeddable":true,"href":"https:\/\/redsemlac.com\/semmexico\/wp-json\/wp\/v2\/categories?post=33504"},{"taxonomy":"post_tag","embeddable":true,"href":"https:\/\/redsemlac.com\/semmexico\/wp-json\/wp\/v2\/tags?post=33504"}],"curies":[{"name":"wp","href":"https:\/\/api.w.org\/{rel}","templated":true}]}}