{"id":33489,"date":"2021-03-22T21:58:52","date_gmt":"2021-03-22T21:58:52","guid":{"rendered":"https:\/\/redsemlac.com\/semmexico\/?p=33489"},"modified":"2023-07-21T16:54:46","modified_gmt":"2023-07-21T21:54:46","slug":"en-guerrero-habra-candidata-independiente-para-la-gubernatura-integrante-de-la-colectiva-nacional-feminista","status":"publish","type":"post","link":"https:\/\/redsemlac.com\/semmexico\/en-guerrero-habra-candidata-independiente-para-la-gubernatura-integrante-de-la-colectiva-nacional-feminista\/","title":{"rendered":"En Guerrero habr\u00e1 candidata \u201cindependiente\u201d para la Gubernatura, integrante de la Colectiva Nacional Feminista"},"content":{"rendered":"\n<ul class=\"wp-block-list\"><li><strong>La primera en el pa\u00eds har\u00e1 &nbsp;campa\u00f1a en torno a que ning\u00fan agresor ser\u00e1 gobernador, y anuncia movilizaci\u00f3n en la entidad, el pa\u00eds y el mundo<\/strong><\/li><\/ul>\n\n\n\n<ul class=\"wp-block-list\"><li><strong>Aseguran que las guerrerenses no se sienten representadas&nbsp; con la candidatura de Morena, anuncian partido feminista para 2024<\/strong><\/li><\/ul>\n\n\n\n<p class=\"wp-block-paragraph\"><strong>&nbsp;Josefina Aguilar Pastor&nbsp;&nbsp;&nbsp;<\/strong><strong><\/strong><\/p>\n\n\n\n<p class=\"wp-block-paragraph\">SemM\u00e9xico. Chilpancingo, Guerrero, 22 de marzo de 2021.- La Colectiva Nacional Feminista \u201cNing\u00fan agresor ser\u00e1 Gobernador\u201d, anunci\u00f3 la postulaci\u00f3n de Yolitzin Jaimes Rend\u00f3n,&nbsp;&nbsp;vocera de esa organizaci\u00f3n, como candidata a gobernadora independiente en el Estado de Guerrero.<\/p>\n\n\n\n<p class=\"wp-block-paragraph\">La candidata &nbsp;se\u00f1al\u00f3 que \u201cno somos desestabilizadoras,&nbsp;&nbsp;somos mujeres desesperadas por la decisi\u00f3n que ha tomado Morena\u201d, y advirti\u00f3 que las protestas en contra de F\u00e9lix Salgado Macedonio, van a continuar y seguir\u00e1n dando la vuelta a Guerrero, M\u00e9xico y el mundo.&nbsp;&nbsp;<\/p>\n\n\n\n<p class=\"wp-block-paragraph\">La tarde de este domingo, a trav\u00e9s de la plataforma zoom y redes sociales, integrantes de la Colectiva Nacional Feminista \u201cNing\u00fan agresor ser\u00e1 Gobernador\u201d (Confem), ofrecieron una conferencia de prensa, en la que dieron a conocer el lanzamiento de la candidatura independiente paro la gubernatura de Guerrero, de la vocera de la indignaci\u00f3n, Yolitzin Jaimes Rend\u00f3n, elegida a trav\u00e9s de asambleas feministas.&nbsp;<\/p>\n\n\n\n<p class=\"wp-block-paragraph\">\u201cEsta propuesta surgi\u00f3 de la b\u00fasqueda de una opci\u00f3n digna para las mujeres guerrerenses, nos dimos cuenta que no nos representan quienes hoy contienden por la gubernatura en Guerrero. Y estamos hartas de los F\u00e9lix Salgado, estamos hartas de que nos acusen de desestabilizadoras, y estamos hartas de su pacto patriarcal. Nos queda claro que nuestra libertad no se conseguir\u00e1 dentro de sus instituciones ni partidos que encubren y respaldan a agresores y violadores\u201d, expusieron.&nbsp;<\/p>\n\n\n\n<p class=\"wp-block-paragraph\">Al no sentirse representadas, decidieron representarse a s\u00ed mismas, a trav\u00e9s de alguien con trabajo real, de base, como Yolitzin Jaimes, quien subrayaron \u201csiempre ha estado de lado de las v\u00edctimas y ha generado espacios seguros para las mujeres\u201d.<\/p>\n\n\n\n<p class=\"wp-block-paragraph\">Sostienen que su prop\u00f3sito no es \u00fanicamente ganar en las urnas, sino generar procesos de cambio, di\u00e1logo, tejiendo estructuras de organizaci\u00f3n y generando conciencia sobre el machismo y a la violencia patriarcal que tanto da\u00f1o hace a las mujeres.&nbsp;<\/p>\n\n\n\n<p class=\"wp-block-paragraph\">Explicaron que el d\u00eda de las votaciones, coloquen el nombre de Yolitzin Jaimes Rend\u00f3n, como candidata a gobernadora, a&nbsp;fin de que sea tomado en cuenta por el \u00f3rgano electoral.&nbsp;<\/p>\n\n\n\n<p class=\"wp-block-paragraph\">Reconocen que al haber concluido el periodo de registros ante la autoridad electoral, no cuentan con un registro como candidatura independiente, sin embargo aseguran que las reglas, permiten que se contabilicen los votos, \u00fanicamente colocando el nombre completo o inclusive el apodo, en&nbsp;la secci\u00f3n de candidatura independiente o candidata no registrada.&nbsp;<\/p>\n\n\n\n<p class=\"wp-block-paragraph\">Se tratada de una campa\u00f1a de propaganda, no vinculada a ning\u00fan partido pol\u00edtico o estructura&nbsp;de este.&nbsp;<\/p>\n\n\n\n<h2 class=\"wp-block-heading\"><strong><strong>No somos desestabilizadoras, no traemos armas\u00a0<\/strong><\/strong><\/h2>\n\n\n\n<p class=\"wp-block-paragraph\">Jaimes Rend\u00f3n, sostuvo que este, no es un llamado a tomar las armas, es un llamado a perseguir el sue\u00f1o del auto gobierno feminista, \u201cno traemos balas, traemos la palabra, la protesta y la auto organizaci\u00f3n\u201d, recalc\u00f3.<\/p>\n\n\n\n<p class=\"wp-block-paragraph\">Acus\u00f3 que los partidos pol\u00edticos no representan a las mujeres, nunca lo han hecho, pues no contienen las agendas de las mujeres, solo se han convertido en concesiones que les venden como logros feministas, trabajados por mujeres, y que son hombres quienes \u201cse cuelgan las medallas\u201d.&nbsp;<\/p>\n\n\n\n<p class=\"wp-block-paragraph\">\u201cPor eso este 6 de junio, llamamos a votar por mi persona, nunca m\u00e1s, la invisibilizaci\u00f3n a las v\u00edctimas, nunca m\u00e1s, un M\u00e9xico sin nosotras\u201d, recalc\u00f3.&nbsp;<\/p>\n\n\n\n<p class=\"wp-block-paragraph\">Aclar\u00f3 que no se trata de \u201cla otra campa\u00f1a\u201d, es la \u00fanica ruta que tienen las mujeres, ante la insistencia de los partidos pol\u00edticos de hacerlas a un lado, en seguir tomando las decisiones que al final de d\u00eda se vuelven androcentristas en las que no est\u00e1n contempladas las mujeres.&nbsp;<\/p>\n\n\n\n<p class=\"wp-block-paragraph\">Denunci\u00f3 que los ataques en contra de su persona contin\u00faan por parte de seguidores de F\u00e9lix Salgado Macedonio, acus\u00e1ndola de desestabilizadora, por lo que de llegar \u00e9l al gobierno del estado, se instar\u00eda institucionalizando la misoginia en todo el Estado de Guerrero.&nbsp;<\/p>\n\n\n\n<p class=\"wp-block-paragraph\">\u201cnosotras no somos ningunas desestabilizadoras, lo que somos, somos mujeres indignadas pro las decisiones que ha tomado Morena, y es por ello que como no encontramos representaci\u00f3n en los partidos burgueses, estamos penando en esta propuesta a las mujeres a los hombres de Guerrero que pudieran identificarse con nosotras\u201d, expuso Jaimes Rend\u00f3n.&nbsp;<\/p>\n\n\n\n<p class=\"wp-block-paragraph\">De las protestas en contra de Salgado Macedonio, dijo que trata de un movimiento global que sea extendido no solo en todo el Estado de Guerrero, sino del pa\u00eds, y es una indignaci\u00f3n que no se pueden controlar, por lo que advirti\u00f3 que seguramente las protestas continuar\u00e1n.&nbsp;<\/p>\n\n\n\n<p class=\"wp-block-paragraph\">Rechaz\u00f3 lo declarado este fin de semana por F\u00e9lix Salgado Macedonio, en el sentido de que las protestas en su contra y las acusaciones por violaci\u00f3n, son parte de la guerra sucia de sus adversarios, \u201cno se\u00f1or, no somos parte de la Guerra sucia, no somos mandadas por ning\u00fan partido pol\u00edtico, hay mucha indignaci\u00f3n en nuestros corazones, y hay mucha rabia organizada, as\u00ed que las protestas van a continuar, van segur d\u00e1ndole la vuelta a guerreo, a M\u00e9xico y al mundo\u201d, recalc\u00f3.&nbsp;<\/p>\n\n\n\n<p class=\"wp-block-paragraph\">Adelant\u00f3 que en el 2024, estar\u00e1n en las boletas electorales posiblemente a trav\u00e9s de un partido pol\u00edtico de mujeres.&nbsp;<\/p>\n","protected":false},"excerpt":{"rendered":"<p>Aseguran que las guerrerenses no se sienten representadas  con la candidatura de Morena, anuncian partido feminista para 2024<\/p>\n","protected":false},"author":3,"featured_media":33496,"comment_status":"open","ping_status":"open","sticky":false,"template":"","format":"standard","meta":{"_monsterinsights_skip_tracking":false,"footnotes":""},"categories":[692,141],"tags":[],"class_list":["post-33489","post","type-post","status-publish","format-standard","has-post-thumbnail","category-692","category-elecciones-2020-2021"],"_links":{"self":[{"href":"https:\/\/redsemlac.com\/semmexico\/wp-json\/wp\/v2\/posts\/33489","targetHints":{"allow":["GET"]}}],"collection":[{"href":"https:\/\/redsemlac.com\/semmexico\/wp-json\/wp\/v2\/posts"}],"about":[{"href":"https:\/\/redsemlac.com\/semmexico\/wp-json\/wp\/v2\/types\/post"}],"author":[{"embeddable":true,"href":"https:\/\/redsemlac.com\/semmexico\/wp-json\/wp\/v2\/users\/3"}],"replies":[{"embeddable":true,"href":"https:\/\/redsemlac.com\/semmexico\/wp-json\/wp\/v2\/comments?post=33489"}],"version-history":[{"count":0,"href":"https:\/\/redsemlac.com\/semmexico\/wp-json\/wp\/v2\/posts\/33489\/revisions"}],"wp:featuredmedia":[{"embeddable":true,"href":"https:\/\/redsemlac.com\/semmexico\/wp-json\/wp\/v2\/media\/33496"}],"wp:attachment":[{"href":"https:\/\/redsemlac.com\/semmexico\/wp-json\/wp\/v2\/media?parent=33489"}],"wp:term":[{"taxonomy":"category","embeddable":true,"href":"https:\/\/redsemlac.com\/semmexico\/wp-json\/wp\/v2\/categories?post=33489"},{"taxonomy":"post_tag","embeddable":true,"href":"https:\/\/redsemlac.com\/semmexico\/wp-json\/wp\/v2\/tags?post=33489"}],"curies":[{"name":"wp","href":"https:\/\/api.w.org\/{rel}","templated":true}]}}