{"id":33484,"date":"2021-03-22T21:34:37","date_gmt":"2021-03-22T21:34:37","guid":{"rendered":"https:\/\/redsemlac.com\/semmexico\/?p=33484"},"modified":"2023-07-21T16:54:46","modified_gmt":"2023-07-21T21:54:46","slug":"candidato-de-va-por-guerrero-se-compromete-con-las-guerrerenses-a-romper-el-pacto-patriarcal","status":"publish","type":"post","link":"https:\/\/redsemlac.com\/semmexico\/candidato-de-va-por-guerrero-se-compromete-con-las-guerrerenses-a-romper-el-pacto-patriarcal\/","title":{"rendered":"Candidato de Va por Guerrero se compromete con las guerrerenses a romper el pacto patriarcal"},"content":{"rendered":"\n<ul class=\"wp-block-list\"><li><strong>En gira proselitista por la Monta\u00f1a, afirma que \u00e9l \u201csi le cree a las mujeres\u201d<\/strong><\/li><\/ul>\n\n\n\n<ul class=\"wp-block-list\"><li><strong>Reyna Virginia de la Cruz, candidata ciudadana por Tlapa, afirma que el priista cumplir\u00e1<\/strong><\/li><\/ul>\n\n\n\n<p class=\"wp-block-paragraph\"><strong>Josefina Aguilar Pastor&nbsp;&nbsp;&nbsp;<\/strong><strong><\/strong><\/p>\n\n\n\n<p class=\"wp-block-paragraph\">SemM\u00e9xico. Chilpancingo, Guerrero, 22 de marzo de 2021.- En tanto que mujeres de la regi\u00f3n de la Monta\u00f1a de Guerrero, pidieron ser consideradas como agentes de cambio, respeto y&nbsp; participaci\u00f3n pol\u00edtica, el candidato de la coalici\u00f3n \u201cVa por Guerrero\u201d, Mario&nbsp;Moreno Arcos, ofreci\u00f3 \u201cromper el pacto\u201d y fortalecer a todas aquellas organizaciones que auxilien a v\u00edctimas de violencia, as\u00ed como a los refugios para mujeres maltratadas.&nbsp;<\/p>\n\n\n\n<p class=\"wp-block-paragraph\">En la gira proselitista por la regi\u00f3n &nbsp;este fin de semana Mario Moreno Arcos recibi\u00f3 el respaldo de grupos de mujeres de municipios como Tlapa, Huamuxtitl\u00e1n, Copanatoyac, Cualac Atlixtac y Chilapa.&nbsp;<\/p>\n\n\n\n<p class=\"wp-block-paragraph\">Reyna Virginia de la Cruz, ciudadana de Tlapa, destac\u00f3 que las mujeres de la regi\u00f3n de la monta\u00f1a, son mujeres de palabra, trabajadoras, honestas, que ya tomaron la decisi\u00f3n de apoyar a Moreno Arcos, para que sea el futuro gobernador del estado de Guerrero, \u201cporque no va a olvidar de las mujeres que se dedican a trabajar d\u00eda a d\u00eda\u201d.&nbsp;&nbsp;<\/p>\n\n\n\n<p class=\"wp-block-paragraph\">Destac\u00f3 el compromiso que el candidato del PRD-PRI, asumi\u00f3 al establecer diez propuestas que son las mejores para las mujeres guerrerenses, con las que ofreci\u00f3 apoyo y&nbsp;seguridad para las mujeres de la monta\u00f1a en el estado de Guerrero.&nbsp;<\/p>\n\n\n\n<p class=\"wp-block-paragraph\">Ana Karen Conde, representante de las mujeres del PRD sostuvo que \u201ctodas merecemos respeto, participaci\u00f3n pol\u00edtica, por eso invito a nuestro candidato para que cuando sea gobernador no se olvide de las mujeres porque las mujeres, tambi\u00e9n podemos ser un agente de cambio de nuestro estado\u201d.&nbsp;<\/p>\n\n\n\n<p class=\"wp-block-paragraph\">Por ello, conmin\u00f3 al candidato a que cuando sea gobernador no se olvide de las mujeres que d\u00eda a d\u00eda luchan por tener una igualdad social un respeto y una participaci\u00f3n en la sociedad.&nbsp;<\/p>\n\n\n\n<p class=\"wp-block-paragraph\">En respuesta, el candidato de la coalici\u00f3n \u201cVa por Guerrero\u201d, manifest\u00f3 un total apoyo a las mujeres guerrerenses, impulsar programas para una vida libre de violencia, a romper con &nbsp;el \u201cpatriarcado\u201d y a defender con determinaci\u00f3n los derechos de las mujeres.&nbsp;<\/p>\n\n\n\n<p class=\"wp-block-paragraph\">Y dijo: \u201cEs hora de que nos respetemos todas y todos; Mario Moreno s\u00ed les cree a las mujeres, Mario Moreno s\u00ed rompe el patriarcado. Ya basta de que solo los hombres ocupen cargos de elecci\u00f3n popular\u201d, sostuvo Moreno Arcos, en&nbsp;un encuentro con mujeres de la regi\u00f3n Monta\u00f1a, del PRD y el PRI.&nbsp;<\/p>\n\n\n\n<p class=\"wp-block-paragraph\">Ante los distintos grupos de mujer, Moreno Arcos, reconoci\u00f3 a las mujeres como el pilar fundamental de las familias, para quienes lleg\u00f3 el momento, dijo, de desarrollarse en todos los aspectos de la vida.&nbsp;&nbsp;<\/p>\n\n\n\n<p class=\"wp-block-paragraph\">Anuncio apoyo para las organizaciones que apoyen a las mujeres v\u00edctimas de violencia, particularmente subray\u00f3, a los refugios para las mujeres maltratadas y&nbsp;agredas \u201cese es un apoyo que debe de brindar el Estado\u201d, subray\u00f3.&nbsp;<\/p>\n\n\n\n<p class=\"wp-block-paragraph\">Tambi\u00e9n propuso la construcci\u00f3n de un hospital de segundo nivel m\u00ednimamente, que permita dar atenci\u00f3n a las hermanas y hermanos ind\u00edgenas de la regi\u00f3n de la monta\u00f1a.&nbsp;<\/p>\n\n\n\n<p class=\"wp-block-paragraph\">Record\u00f3 que el pasado D\u00eda Internacional de la Mujer, present\u00f3 un dec\u00e1logo de propuestas a favor de las mujeres, entre ellas, proporcionarles ciudades&nbsp;seguras, transporte rosa, igualdad en cargos de elecci\u00f3n y atenci\u00f3n prioritaria en delitos contra las mujeres a trav\u00e9s de una Fiscal\u00eda Especial, entre otras.&nbsp;<\/p>\n","protected":false},"excerpt":{"rendered":"<p>Mujeres de la regi\u00f3n de la Monta\u00f1a de Guerrero, pidieron ser consideradas como agentes de cambio, respeto y  participaci\u00f3n pol\u00edtica, el candidato de la coalici\u00f3n \u201cVa por Guerrero\u201d<\/p>\n","protected":false},"author":3,"featured_media":33485,"comment_status":"open","ping_status":"open","sticky":false,"template":"","format":"standard","meta":{"_monsterinsights_skip_tracking":false,"footnotes":""},"categories":[692,141],"tags":[],"class_list":["post-33484","post","type-post","status-publish","format-standard","has-post-thumbnail","category-692","category-elecciones-2020-2021"],"_links":{"self":[{"href":"https:\/\/redsemlac.com\/semmexico\/wp-json\/wp\/v2\/posts\/33484","targetHints":{"allow":["GET"]}}],"collection":[{"href":"https:\/\/redsemlac.com\/semmexico\/wp-json\/wp\/v2\/posts"}],"about":[{"href":"https:\/\/redsemlac.com\/semmexico\/wp-json\/wp\/v2\/types\/post"}],"author":[{"embeddable":true,"href":"https:\/\/redsemlac.com\/semmexico\/wp-json\/wp\/v2\/users\/3"}],"replies":[{"embeddable":true,"href":"https:\/\/redsemlac.com\/semmexico\/wp-json\/wp\/v2\/comments?post=33484"}],"version-history":[{"count":0,"href":"https:\/\/redsemlac.com\/semmexico\/wp-json\/wp\/v2\/posts\/33484\/revisions"}],"wp:featuredmedia":[{"embeddable":true,"href":"https:\/\/redsemlac.com\/semmexico\/wp-json\/wp\/v2\/media\/33485"}],"wp:attachment":[{"href":"https:\/\/redsemlac.com\/semmexico\/wp-json\/wp\/v2\/media?parent=33484"}],"wp:term":[{"taxonomy":"category","embeddable":true,"href":"https:\/\/redsemlac.com\/semmexico\/wp-json\/wp\/v2\/categories?post=33484"},{"taxonomy":"post_tag","embeddable":true,"href":"https:\/\/redsemlac.com\/semmexico\/wp-json\/wp\/v2\/tags?post=33484"}],"curies":[{"name":"wp","href":"https:\/\/api.w.org\/{rel}","templated":true}]}}