{"id":33481,"date":"2021-03-22T21:30:35","date_gmt":"2021-03-22T21:30:35","guid":{"rendered":"https:\/\/redsemlac.com\/semmexico\/?p=33481"},"modified":"2023-07-21T16:54:46","modified_gmt":"2023-07-21T21:54:46","slug":"este-lunes-se-presentara-oficialmente-la-red-nacional-de-candidatas-impulsada-desde-guerrero","status":"publish","type":"post","link":"https:\/\/redsemlac.com\/semmexico\/este-lunes-se-presentara-oficialmente-la-red-nacional-de-candidatas-impulsada-desde-guerrero\/","title":{"rendered":"Este lunes se presentar\u00e1 oficialmente la Red Nacional de Candidatas impulsada desde Guerrero"},"content":{"rendered":"\n<ul class=\"wp-block-list\"><li><strong>La Red, adem\u00e1s de acompa\u00f1arlas, pretende actuar a tiempo y efectivamente contra todo acto de violencia pol\u00edtica de g\u00e9nero<\/strong><\/li><\/ul>\n\n\n\n<ul class=\"wp-block-list\"><li><strong>La present\u00f3 <\/strong><strong>Vicenta Molina Revuelta, presidenta de la comisi\u00f3n<\/strong><strong>&nbsp; de Igualdad de G\u00e9nero y No Discriminaci\u00f3n, del Instituto Electoral y de Participaci\u00f3n Ciudadana<\/strong><\/li><\/ul>\n\n\n\n<p class=\"wp-block-paragraph\"><strong>Josefina Aguilar Pastor&nbsp;&nbsp;&nbsp;<\/strong><strong><\/strong><\/p>\n\n\n\n<p class=\"wp-block-paragraph\">SemM\u00e9xico .Chilpancingo, Guerrero, 22 de marzo de 2021. El Instituto Electoral de y de Participaci\u00f3n Ciudadana (IEPC),\u00a0promueve entre las aspirantes de los distintos partidos pol\u00edticos, la conformaci\u00f3n de la\u00a0Red Nacional de Candidatas (AMCEE), cuyo \u00a0objetivo es dar\u00a0 acompa\u00f1amiento y orientaci\u00f3n y \u00a0seguimiento a casos de violencia pol\u00edtica contra las mujeres en raz\u00f3n de g\u00e9nero.\u00a0<\/p>\n\n\n\n<p class=\"wp-block-paragraph\">En el marco de la recepci\u00f3n de solicitudes de registro de las candidaturas de diputaciones locales de mayor\u00eda relativa, presentadas este fin de semana ante el IEPC, por&nbsp; los distintos partidos pol\u00edticos, la funcionaria electoral, invit\u00f3 &nbsp;a las mujeres que aspiran a un cargo de elecci\u00f3n popular adherirse a esta organizaci\u00f3n.&nbsp;<\/p>\n\n\n\n<p class=\"wp-block-paragraph\">Explic\u00f3, que se trata de una red para dar acompa\u00f1amiento y orientaci\u00f3n en casos de violencia pol\u00edtica en contra de las mujeres en raz\u00f3n de g\u00e9nero, espec\u00edficamente a las contendientes en el &nbsp;proceso electoral 2021.<\/p>\n\n\n\n<p class=\"wp-block-paragraph\">Detall\u00f3 que se trata \u201cde darles acompa\u00f1amiento en caso de que sufrieran este tipo de violencia\u201d y afirm\u00f3 que \u201cestaremos coadyuvando por parte de este instituto&nbsp;electoral, los 28 consejos distritales, que tenemos ubicados en toda la entidad\u201d, expuso.&nbsp;<\/p>\n\n\n\n<p class=\"wp-block-paragraph\">Molina Revuelta agreg\u00f3 que los objetivos de la Red, son estar en contacto con las mujeres que se postulen a los distintos cargos de elecci\u00f3n popular, para prevenir y&nbsp;actuar ante actos de violencia pol\u00edtica en contra de las mujeres, &nbsp;intervenir a tiempo, a trav\u00e9s de acciones concretas, que coadyuven para erradicar esa violencia, que en el actual proceso ya ha cobrado varias vidas.&nbsp;<\/p>\n\n\n\n<p class=\"wp-block-paragraph\">Inform\u00f3 que a la &nbsp;red, podr\u00e1n &nbsp;adherirse mujeres de todos los partidos, mujeres &nbsp;que contiendan por los cargos de gubernatura, diputaciones locales y federales, y presidencias municipales.&nbsp;<\/p>\n\n\n\n<p class=\"wp-block-paragraph\">Molina Revuelta explic\u00f3 las formas de filiaci\u00f3n, &nbsp;con &nbsp;consentimiento voluntario se har\u00e1 a trav\u00e9s de un formato denominado, \u201cde ingreso AMCEE\u201d; a trav\u00e9s de la p\u00e1gina oficial del IEPC, y en la p\u00e1gina del observatorio de Violencia Pol\u00edtica de la Mujeres Guerrerenses.&nbsp;<\/p>\n\n\n\n<p class=\"wp-block-paragraph\">La consejera, dio a conocer que este lunes, a las 12 del d\u00eda, llevaran a cabo, a trav\u00e9s de redes sociales, la presentaci\u00f3n oficial de la AMCEE-Guerrero.&nbsp;<\/p>\n","protected":false},"excerpt":{"rendered":"<p>La Red, adem\u00e1s de acompa\u00f1arlas, pretende actuar a tiempo y efectivamente contra todo acto de violencia pol\u00edtica de g\u00e9nero<\/p>\n","protected":false},"author":3,"featured_media":33482,"comment_status":"open","ping_status":"open","sticky":false,"template":"","format":"standard","meta":{"_monsterinsights_skip_tracking":false,"footnotes":""},"categories":[692,141],"tags":[],"class_list":["post-33481","post","type-post","status-publish","format-standard","has-post-thumbnail","category-692","category-elecciones-2020-2021"],"_links":{"self":[{"href":"https:\/\/redsemlac.com\/semmexico\/wp-json\/wp\/v2\/posts\/33481","targetHints":{"allow":["GET"]}}],"collection":[{"href":"https:\/\/redsemlac.com\/semmexico\/wp-json\/wp\/v2\/posts"}],"about":[{"href":"https:\/\/redsemlac.com\/semmexico\/wp-json\/wp\/v2\/types\/post"}],"author":[{"embeddable":true,"href":"https:\/\/redsemlac.com\/semmexico\/wp-json\/wp\/v2\/users\/3"}],"replies":[{"embeddable":true,"href":"https:\/\/redsemlac.com\/semmexico\/wp-json\/wp\/v2\/comments?post=33481"}],"version-history":[{"count":0,"href":"https:\/\/redsemlac.com\/semmexico\/wp-json\/wp\/v2\/posts\/33481\/revisions"}],"wp:featuredmedia":[{"embeddable":true,"href":"https:\/\/redsemlac.com\/semmexico\/wp-json\/wp\/v2\/media\/33482"}],"wp:attachment":[{"href":"https:\/\/redsemlac.com\/semmexico\/wp-json\/wp\/v2\/media?parent=33481"}],"wp:term":[{"taxonomy":"category","embeddable":true,"href":"https:\/\/redsemlac.com\/semmexico\/wp-json\/wp\/v2\/categories?post=33481"},{"taxonomy":"post_tag","embeddable":true,"href":"https:\/\/redsemlac.com\/semmexico\/wp-json\/wp\/v2\/tags?post=33481"}],"curies":[{"name":"wp","href":"https:\/\/api.w.org\/{rel}","templated":true}]}}