{"id":33473,"date":"2021-03-22T21:12:20","date_gmt":"2021-03-22T21:12:20","guid":{"rendered":"https:\/\/redsemlac.com\/semmexico\/?p=33473"},"modified":"2023-07-21T16:54:46","modified_gmt":"2023-07-21T21:54:46","slug":"movimiento-ciudadano-reconoce-los-cambios-en-la-ley-organica-de-la-fiscalia-general-de-justicia","status":"publish","type":"post","link":"https:\/\/redsemlac.com\/semmexico\/movimiento-ciudadano-reconoce-los-cambios-en-la-ley-organica-de-la-fiscalia-general-de-justicia\/","title":{"rendered":"Movimiento Ciudadano reconoce los cambios en la Ley Org\u00e1nica de la Fiscal\u00eda General de Justicia"},"content":{"rendered":"\n<ul class=\"wp-block-list\"><li><strong>La Senadora Patricia Mercado destac\u00f3 conservar\u00a0 la autonom\u00eda de la Fiscal\u00eda\u00a0 Especializada en Delitos contra las mujeres<\/strong>.<\/li><\/ul>\n\n\n\n<p class=\"wp-block-paragraph\"><strong>Elda Montiel<\/strong><\/p>\n\n\n\n<p class=\"wp-block-paragraph\">SemM\u00e9xico. Cd. de M\u00e9xico. 22 de marzo 2021.- Las y los legisladores de Movimiento Ciudadano destacan que en la nueva Ley Org\u00e1nica de la Fiscal\u00eda General de la Rep\u00fablica ser\u00e1 creada una Fiscal\u00eda Especializada en Delitos contra las mujeres, que impulsaron como grupo parlamentario, y que se hicieron los ajustes necesarios para avanzar en un mejor sistema de procuraci\u00f3n de justicia, como su autonom\u00eda al separarla de las funciones de gobierno.<\/p>\n\n\n\n<p class=\"wp-block-paragraph\">Durante la discusi\u00f3n de la nueva Ley, el coordinador parlamentario, Dante Delgado, precis\u00f3 que tras varios meses de trabajo y con el empuje de distintos colectivos fue posible que la Fiscal\u00eda permaneciera en el Sistema Nacional de B\u00fasqueda de personas Desaparecidas, lo que consider\u00f3 una conquista hist\u00f3rica de las v\u00edctimas.<\/p>\n\n\n\n<p class=\"wp-block-paragraph\">\u201cLas y los senadores ciudadanos hemos insistido en que M\u00e9xico debe transitar por una profunda reforma en materia de acceso a la justicia. Sabemos que esta ley es s\u00f3lo un eslab\u00f3n de la cadena y que los pendientes son muchos, pero lo que se ha logrado es digno de reconocerse\u201d, abund\u00f3.<\/p>\n\n\n\n<p class=\"wp-block-paragraph\">Destac\u00f3 los puntos cruciales de la nueva Ley, adem\u00e1s de permanecer en los sistemas de prevenci\u00f3n de violencia hacia las mujeres, de trata de personas y de protecci\u00f3n a periodistas y defensores de derechos humanos.<\/p>\n\n\n\n<p class=\"wp-block-paragraph\">As\u00ed, la creaci\u00f3n de la Fiscal\u00eda Especializada en Delitos contra las Mujeres, y mantener los contrapesos institucionales como son el Consejo Ciudadano al interior de la Fiscal\u00eda y la responsabilidad del Senado de la Rep\u00fablica de evaluar y aprobar el Plan Estrat\u00e9gico de Procuraci\u00f3n de Justicia.<\/p>\n\n\n\n<p class=\"wp-block-paragraph\">La senadora Patricia Mercado, reconoci\u00f3 que se hayan atendido las inquietudes de Movimiento Ciudadano, especialmente respecto a la autonom\u00eda de la Fiscal\u00eda, pues se pretend\u00eda liberarla de responsabilidades de Estado, cuando el objetivo de la reforma constitucional fue precisamente separarla de las funciones de gobierno.<\/p>\n\n\n\n<p class=\"wp-block-paragraph\">Mantener a la Fiscal\u00eda en la mayor\u00eda de los sistemas, juntas de Gobierno u \u00f3rganos establecidos en las leyes, es lo m\u00ednimo aceptable en un pa\u00eds que intenta atender enormes rezagos en la materia \u201cson los par\u00e1metros m\u00ednimos para remediar la falta de acceso a la justicia con un fortalecimiento de su institucionalidad\u201d.<\/p>\n\n\n\n<p class=\"wp-block-paragraph\">Se destac\u00f3 que fue un largo trabajo plural, y el senador No\u00e9 Casta\u00f1\u00f3n, expres\u00f3 que \u201cHoy no le estamos dando un cheque en blanco a la Fiscal\u00eda General de la Rep\u00fablica, se hicieron los ajustes necesarios para cualquier resquicio de disfuncionalidad, para garantizar que la instituci\u00f3n cumpla con sus organizaciones y avanzar, en la medida de lo posible, en un mejor sistema de procuraci\u00f3n de justicia\u201d.<\/p>\n\n\n\n<p class=\"wp-block-paragraph\">\u201cLas y los senadores ciudadanos hemos insistido en que M\u00e9xico debe transitar por una profunda reforma en materia de acceso a la justicia. Sabemos que esta ley es s\u00f3lo un eslab\u00f3n de la cadena y que los pendientes son muchos, pero lo que se ha logrado es digno de reconocerse\u201d, acot\u00f3.<\/p>\n\n\n\n<p class=\"wp-block-paragraph\">Por otro lado, el senador Juan Zepeda insisti\u00f3 en que es fundamental que la Fiscal\u00eda regrese a espacios de defensa de los derechos humanos como son la Junta de Gobierno del Mecanismo para la Protecci\u00f3n de Personas Defensoras de Derechos Humanos, la Comisi\u00f3n Intersecretarial para Prevenir Combatir y Sancionar los Delitos en Materia de Trata de Personas, el Sistema Nacional de Prevenci\u00f3n Atenci\u00f3n, Sanci\u00f3n y Erradicaci\u00f3n de la Violencia Contra las Mujeres y del Sistema Nacional de B\u00fasqueda de Personas.<\/p>\n\n\n\n<p class=\"wp-block-paragraph\">Agreg\u00f3 que quienes fueron testigos de los estrujantes testimonios de familias que siguen buscando a sus familiares, el plantear que saliera la Fiscal\u00eda de los contrapesos institucionales era humanamente, moralmente, inaceptable.<\/p>\n","protected":false},"excerpt":{"rendered":"<p>La Senadora Patricia Mercado destac\u00f3 conservar  la autonom\u00eda de la Fiscal\u00eda  Especializada en Delitos contra las mujeres<\/p>\n","protected":false},"author":3,"featured_media":33474,"comment_status":"open","ping_status":"open","sticky":false,"template":"","format":"standard","meta":{"_monsterinsights_skip_tracking":false,"footnotes":""},"categories":[692,50],"tags":[],"class_list":["post-33473","post","type-post","status-publish","format-standard","has-post-thumbnail","category-692","category-congreso"],"_links":{"self":[{"href":"https:\/\/redsemlac.com\/semmexico\/wp-json\/wp\/v2\/posts\/33473","targetHints":{"allow":["GET"]}}],"collection":[{"href":"https:\/\/redsemlac.com\/semmexico\/wp-json\/wp\/v2\/posts"}],"about":[{"href":"https:\/\/redsemlac.com\/semmexico\/wp-json\/wp\/v2\/types\/post"}],"author":[{"embeddable":true,"href":"https:\/\/redsemlac.com\/semmexico\/wp-json\/wp\/v2\/users\/3"}],"replies":[{"embeddable":true,"href":"https:\/\/redsemlac.com\/semmexico\/wp-json\/wp\/v2\/comments?post=33473"}],"version-history":[{"count":0,"href":"https:\/\/redsemlac.com\/semmexico\/wp-json\/wp\/v2\/posts\/33473\/revisions"}],"wp:featuredmedia":[{"embeddable":true,"href":"https:\/\/redsemlac.com\/semmexico\/wp-json\/wp\/v2\/media\/33474"}],"wp:attachment":[{"href":"https:\/\/redsemlac.com\/semmexico\/wp-json\/wp\/v2\/media?parent=33473"}],"wp:term":[{"taxonomy":"category","embeddable":true,"href":"https:\/\/redsemlac.com\/semmexico\/wp-json\/wp\/v2\/categories?post=33473"},{"taxonomy":"post_tag","embeddable":true,"href":"https:\/\/redsemlac.com\/semmexico\/wp-json\/wp\/v2\/tags?post=33473"}],"curies":[{"name":"wp","href":"https:\/\/api.w.org\/{rel}","templated":true}]}}