{"id":33470,"date":"2021-03-22T21:09:32","date_gmt":"2021-03-22T21:09:32","guid":{"rendered":"https:\/\/redsemlac.com\/semmexico\/?p=33470"},"modified":"2023-07-21T16:54:46","modified_gmt":"2023-07-21T21:54:46","slug":"apoyan-a-la-red-de-feministas-de-chiapas-para-lograr-espacios-libres-de-violencia-en-las-aulas-de-la-universidad-autonoma-de-chiapas","status":"publish","type":"post","link":"https:\/\/redsemlac.com\/semmexico\/apoyan-a-la-red-de-feministas-de-chiapas-para-lograr-espacios-libres-de-violencia-en-las-aulas-de-la-universidad-autonoma-de-chiapas\/","title":{"rendered":"Apoyan a la Red de Feministas de Chiapas para lograr espacios libres de violencia en las aulas de la Universidad Aut\u00f3noma de Chiapas"},"content":{"rendered":"\n<ul class=\"wp-block-list\"><li><strong>El Observatorio Feminista Contra la Violencia a las Mujeres pide acciones al Rector&nbsp; y demandan cese a la violencia contra alumnas y maestras<\/strong><\/li><li><strong>En Medicina paro hace un mes, por la muerte de la doctora Mariana S\u00e1nchez D\u00e1valos<\/strong><\/li><\/ul>\n\n\n\n<p class=\"wp-block-paragraph\"><strong>Elda Montiel<\/strong><\/p>\n\n\n\n<p class=\"wp-block-paragraph\">SemM\u00e9xico. Cd. de M\u00e9xico. 22 de marzo 2021.- Feministas, acad\u00e9micas, defensoras de los derechos humanos y organizaciones dirigen hoy una carta al doctor &nbsp;Carlos F. Natar\u00e9n Nandayapa, rector de la Universidad Aut\u00f3noma de Chiapas, donde &nbsp;lo exhortan a continuar el dialogo con las Red de Feministas de Chiapas para que pronto reanuden clases, pero en un ambiente libre de violencia de g\u00e9nero.<\/p>\n\n\n\n<p class=\"wp-block-paragraph\">Reconocen la importancia que tiene la Casa de Estudios en el estado como formador de generaciones de profesionistas de diferentes \u00e1reas, pero tambi\u00e9n le se\u00f1alan la deuda hist\u00f3rica que no solo tiene la universidad sino los poderes de gobierno y otras instituciones con las mujeres que reclaman espacios libres de violencia en las aulas, pol\u00edticas p\u00fablicas incluyentes en donde el sentir de las alumnas y sus &nbsp;preocupaciones se escuchen.&nbsp;<\/p>\n\n\n\n<p class=\"wp-block-paragraph\">Precisan que han seguido la manifestaci\u00f3n de las estudiantes y las acompa\u00f1an, ya que la actual generaci\u00f3n de mujeres ha decidido alzar la voz y reclamar esa deuda, demandar espacios libres de violencia en las aulas, pol\u00edticas p\u00fablicas participativas e incluyentes en donde su sentir y preocupaciones sean escuchadas.<\/p>\n\n\n\n<p class=\"wp-block-paragraph\">\u201cLo exhortamos a que siga siendo ese el camino para transformar la m\u00e1xima casa estudios de Chiapas\u201d.<\/p>\n\n\n\n<p class=\"wp-block-paragraph\">Cabe recordar que las estudiantes en febrero iniciaron el paro de actividades en la Facultad de Medicina, en demanda de mejores condiciones para quienes prestan servicio social, luego de que la pasante de medicina Mariana S\u00e1nchez D\u00e1valos fue hallada muerta el pasado 28 de enero, en el cuarto que ocupaba junto a la cl\u00ednica ubicada en la comunidad de Nueva Palestina en el municipio de Ocosingo. &nbsp;&nbsp;<\/p>\n\n\n\n<p class=\"wp-block-paragraph\">Observatorio Feminista Contra la Violencia a las Mujeres de Chiapas<\/p>\n\n\n\n<p class=\"wp-block-paragraph\">Ligalab<\/p>\n\n\n\n<p class=\"wp-block-paragraph\">Grupo Amplio de Mujeres<\/p>\n\n\n\n<p class=\"wp-block-paragraph\">Iniciativas Feministas<\/p>\n\n\n\n<p class=\"wp-block-paragraph\">Pacto de Sororidad<\/p>\n\n\n\n<p class=\"wp-block-paragraph\">Colectivo de Periodistas Enheduanna<\/p>\n\n\n\n<p class=\"wp-block-paragraph\">Araceli Burguete Cal y Mayor, acad\u00e9mica<\/p>\n\n\n\n<p class=\"wp-block-paragraph\">Tatiana Jim\u00e9nez, acad\u00e9mica<\/p>\n\n\n\n<p class=\"wp-block-paragraph\">Elsa Mar\u00eda D\u00edaz Ordaz Castillejos, acad\u00e9mica<\/p>\n\n\n\n<p class=\"wp-block-paragraph\">Gely Pacheco Montero, feminista<\/p>\n\n\n\n<p class=\"wp-block-paragraph\">Rebeca Rosales Castro, acad\u00e9mica<\/p>\n\n\n\n<p class=\"wp-block-paragraph\">Mar\u00eda Cruz, Alternativas Sociales Feministas<\/p>\n\n\n\n<p class=\"wp-block-paragraph\">Laura Elizabeth Utrilla M\u00e9ndez, Premio Estatal y Nacional de la Juventud<\/p>\n\n\n\n<p class=\"wp-block-paragraph\">Denisse Gabriela Gonz\u00e1lez, acad\u00e9mica<\/p>\n\n\n\n<p class=\"wp-block-paragraph\">Sheila X. Guti\u00e9rrez Zenteno, acad\u00e9mica y comunicadora<\/p>\n\n\n\n<p class=\"wp-block-paragraph\">Carmen G. Mar\u00edn Levario, acad\u00e9mica<\/p>\n\n\n\n<p class=\"wp-block-paragraph\">Paulina Mota Conde, pol\u00edtica<\/p>\n\n\n\n<p class=\"wp-block-paragraph\">Karen Berenice Beltr\u00e1n Ozuna, feminista<\/p>\n\n\n\n<p class=\"wp-block-paragraph\">Edna Morales Bautista, feminista<\/p>\n\n\n\n<p class=\"wp-block-paragraph\">Stephan\u00eda Gonz\u00e1lez, feminista<\/p>\n\n\n\n<p class=\"wp-block-paragraph\">Martha Figueroa Mier, Mujeres Libres COLEM AC<\/p>\n","protected":false},"excerpt":{"rendered":"<p>El Observatorio Feminista Contra la Violencia a las Mujeres pide acciones al Rector  y demandan cese a la violencia contra alumnas y maestras<\/p>\n","protected":false},"author":3,"featured_media":33471,"comment_status":"open","ping_status":"open","sticky":false,"template":"","format":"standard","meta":{"_monsterinsights_skip_tracking":false,"footnotes":""},"categories":[692,54],"tags":[],"class_list":["post-33470","post","type-post","status-publish","format-standard","has-post-thumbnail","category-692","category-mujeres"],"_links":{"self":[{"href":"https:\/\/redsemlac.com\/semmexico\/wp-json\/wp\/v2\/posts\/33470","targetHints":{"allow":["GET"]}}],"collection":[{"href":"https:\/\/redsemlac.com\/semmexico\/wp-json\/wp\/v2\/posts"}],"about":[{"href":"https:\/\/redsemlac.com\/semmexico\/wp-json\/wp\/v2\/types\/post"}],"author":[{"embeddable":true,"href":"https:\/\/redsemlac.com\/semmexico\/wp-json\/wp\/v2\/users\/3"}],"replies":[{"embeddable":true,"href":"https:\/\/redsemlac.com\/semmexico\/wp-json\/wp\/v2\/comments?post=33470"}],"version-history":[{"count":0,"href":"https:\/\/redsemlac.com\/semmexico\/wp-json\/wp\/v2\/posts\/33470\/revisions"}],"wp:featuredmedia":[{"embeddable":true,"href":"https:\/\/redsemlac.com\/semmexico\/wp-json\/wp\/v2\/media\/33471"}],"wp:attachment":[{"href":"https:\/\/redsemlac.com\/semmexico\/wp-json\/wp\/v2\/media?parent=33470"}],"wp:term":[{"taxonomy":"category","embeddable":true,"href":"https:\/\/redsemlac.com\/semmexico\/wp-json\/wp\/v2\/categories?post=33470"},{"taxonomy":"post_tag","embeddable":true,"href":"https:\/\/redsemlac.com\/semmexico\/wp-json\/wp\/v2\/tags?post=33470"}],"curies":[{"name":"wp","href":"https:\/\/api.w.org\/{rel}","templated":true}]}}