{"id":33442,"date":"2021-03-22T17:29:54","date_gmt":"2021-03-22T17:29:54","guid":{"rendered":"https:\/\/redsemlac.com\/semmexico\/?p=33442"},"modified":"2023-07-21T16:54:47","modified_gmt":"2023-07-21T21:54:47","slug":"periodistas-desplazados-morir-un-poco-primeros-estudios","status":"publish","type":"post","link":"https:\/\/redsemlac.com\/semmexico\/periodistas-desplazados-morir-un-poco-primeros-estudios\/","title":{"rendered":"Periodistas desplazados: morir un poco. Primeros estudios"},"content":{"rendered":"\n<h2 class=\"wp-block-heading\"><strong>Miradas de reportero<\/strong><\/h2>\n\n\n\n<p class=\"wp-block-paragraph\"><strong>Por Rogelio Hern\u00e1ndez L\u00f3pez<\/strong><\/p>\n\n\n\n<p class=\"wp-block-paragraph\">SemM\u00e9xico, Cd. de M\u00e9xico, 22 de marzo, 2021.- Atenci\u00f3n colegas en estados y municipios en alta violencia, que trabajan en medios peque\u00f1os, con mucha precariedad laboral, con pocas fortalezas profesionales y sin apoyo gremial o de sus empresas pero que insisten en hacer coberturas de pol\u00edticos corruptos, de pandillas organizadas para delinquir o de personas violentadas tienen que ver el foro sobre <em>desplazamiento forzoso interno de periodistas<\/em> que les ayudar\u00e1 a no tener que desterrarse, abandonar su empleo, romper lazos hasta familiares, cambiar h\u00e1bitos y hasta de profesi\u00f3n, o sea, hacerse invisibles y morir un poco.<\/p>\n\n\n\n<p class=\"wp-block-paragraph\">No son pocas las personas de otras entidades que hacen periodismo en M\u00e9xico y tienen que huir de la muerte y refugiarse en la Ciudad de M\u00e9xico por su cuenta y riesgo o solicitar la protecci\u00f3n federal.<\/p>\n\n\n\n<p class=\"wp-block-paragraph\">No hay un registro del total, pero desde 2019 las solicitudes de protecci\u00f3n al mecanismo de la Secretar\u00eda de Gobernaci\u00f3n siguen creciendo a un ritmo que desborda sus capacidades. En 2021 no ha muerto ning\u00fan periodista por asesinato.<\/p>\n\n\n\n<p class=\"wp-block-paragraph\">Las cifras oficiales del mecanismo federal al 20 de marzo indicaban que 65 periodistas bajo su protecci\u00f3n resid\u00edan en la Ciudad de M\u00e9xico (22 de ellas son mujeres) y de estas 44 cuentan con refugio para su seguridad porque provienen de varios estados de la rep\u00fablica (8 mujeres).<\/p>\n\n\n\n<p class=\"wp-block-paragraph\">Esto significa que al menos 44 personas que hac\u00edan periodismo han sido forzados a buscar asilo en los tiempos recientes. Se ignora cu\u00e1ntas otras se han asilado por su cuenta en esta u otras entidades. A todas estas personas se les llama <strong><em>Desplazados<\/em><\/strong> y trascend\u00eda muy poco de la vida que han perdido.<\/p>\n\n\n\n<h2 class=\"wp-block-heading\"><strong>Tres estudios<\/strong><\/h2>\n\n\n\n<p class=\"wp-block-paragraph\">Para prevenirse a s\u00ed mismos o alertar a colegas cercanos y no convertirse en Desplazados tendr\u00e1n una peque\u00f1a ayuda al mirar tres videos de un foro en la cuenta de Facebook de la Comisi\u00f3n de Derechos Humanos de la Ciudad de M\u00e9xico (1 y 2: <a href=\"http:\/\/bit.ly\/3c13O0b\">http:\/\/bit.ly\/3c13O0b<\/a>, 3: <a href=\"https:\/\/bit.ly\/3vPKkUn\">https:\/\/bit.ly\/3vPKkUn<\/a> y 3: bis <a href=\"http:\/\/bit.ly\/3bY3pM2\">http:\/\/bit.ly\/3bY3pM2<\/a>). All\u00ed se actualizar\u00e1n sobre las muchas limitantes para enfrentar lo dram\u00e1tico y triste de este fen\u00f3meno en M\u00e9xico y se percatar\u00e1n de novedades.<\/p>\n\n\n\n<p class=\"wp-block-paragraph\">Por ejemplo, sabr\u00e1n de tres novedosos estudios acad\u00e9micos que obtuvieron hallazgos de marcos legales y niveles de confianza en instancias del Estado; de que si funcionan para esto los mecanismos de protecci\u00f3n tanto el federal como el de la capital del pa\u00eds a pesar de sus muchas limitaciones; de la red de colaboraci\u00f3n de organismos internacionales como Reporteros sin Fronteras de Francia y del Comit\u00e9 de Protecci\u00f3n a Periodistas de Estados Unidos. Sobre todo, ver\u00e1n s\u00edntesis de los demasiados padeceres para sobrevivir de quienes est\u00e1n desplazados y muchos otros problemas de ellos y de autoridades para lograr que retornen a sus sitios originales o para hallarles otras formas de vida y trabajo.<\/p>\n\n\n\n<p class=\"wp-block-paragraph\">En las exposiciones tambi\u00e9n se confirma la indolencia y carencia de empat\u00eda de la mayor\u00eda de gobernadores, presidentes municipales y sus gabinetes con las y los periodistas agredidos; que los dos mecanismos de protecci\u00f3n que funcionan son esencialmente reactivos para la protecci\u00f3n cautelar porque avanza muy lentamente la prevenci\u00f3n de agravios, que aun no se logra una visi\u00f3n integral que reste vulnerabilidades a las y los periodistas. Y lo m\u00e1s triste de todo, se corrobora que la falta de unidad entre la enorme mayor\u00eda de colegas es quiz\u00e1 el factor que m\u00e1s facilita agresiones.<\/p>\n\n\n\n<h2 class=\"wp-block-heading\"><strong>El foro\u00a0<\/strong><\/h2>\n\n\n\n<p class=\"wp-block-paragraph\">Tiene que decirse que este el primer foro sobre desplazados con un alto nivel de expositores y que lo idearon dos conocedores: Brisa Maya Sol\u00eds, veterana defensora de la libertad de expresi\u00f3n que destac\u00f3 como directora del Centro de Comunicaci\u00f3n Social (Cencos) y Gerardo Albarr\u00e1n de Alba, veterano reportero, defensor de periodistas y de audiencias.<\/p>\n\n\n\n<p class=\"wp-block-paragraph\">El foro ocurri\u00f3 el jueves 18 de marzo por v\u00eda digital, tuvo tres mesas. La primera fue sobre <em>\u201cDesplazamiento forzado interno: investigaciones y hallazgos\u201d<\/em>. Moder\u00f3 Yennu\u00e9 Z\u00e1rate del <em>Programa de Periodismo del Centro de Investigaci\u00f3n y Docencia Econ\u00f3mica<\/em> (CIDE).<\/p>\n\n\n\n<p class=\"wp-block-paragraph\">Presentaron sus investigaciones acad\u00e9micas la consultora Mar\u00eda Edith L\u00f3pez Hern\u00e1ndez quien entreg\u00f3 un diagn\u00f3stico general para su difusi\u00f3n abierta y el ex reportero Marcelino Nieto Brizio quien mostr\u00f3 avances de su investigaci\u00f3n para doctorado en Comunicaci\u00f3n de la Universidad Iberoamericana (UIA).<\/p>\n\n\n\n<p class=\"wp-block-paragraph\">En la segunda sobre <em>El desplazamiento forzado interno en primera persona <\/em>moder\u00f3 Mireya M\u00e1rquez de la UIA. Quienes vean este segmento se sacudir\u00e1n con los testimonios de dos colegas que valientes contaron sus historias como desterrados: Violeta Santiago de Veracruz y Mart\u00edn Dur\u00e1n de Sinaloa quien probablemente sea el \u00fanico que ha podido regresar a su entidad.<\/p>\n\n\n\n<p class=\"wp-block-paragraph\">Ambos periodistas contaron con los comentarios y contextos de las acad\u00e9micas Celeste Gonz\u00e1lez profesora de la Escuela de Periodismo en la Universidad de Arizona que tambi\u00e9n present\u00f3 datos del tercer estudio sobre el tema y Grisel Salazar Rebolledo, coordinadora del Programa de Periodismo del CIDE, ella es quien m\u00e1s ha estudiado al periodismo de las entidades de la rep\u00fablica mexicana.<\/p>\n\n\n\n<p class=\"wp-block-paragraph\">La tercera mesa se llam\u00f3 <em>Los desaf\u00edos del desplazamiento forzado interno: de la sociedad civil a la pol\u00edtica<\/em>. Moder\u00f3 Gerardo Albarr\u00e1n. Expusieron Giovanna Garrido, responsable del \u00e1rea de prevenci\u00f3n del mecanismo de protecci\u00f3n federal y Tobyanne Ledesma, directora del mecanismo de la Ciudad de M\u00e9xico, \u00fanica entidad que tiene medidas sociales para atender a personas desplazadas que defienden derechos humanos y periodistas.<\/p>\n\n\n\n<p class=\"wp-block-paragraph\">Aqu\u00ed tambi\u00e9n, con sus cr\u00edticas y aportaciones expusieron los corresponsales de los dos organismos internacionales m\u00e1s veteranos, activos y efectivos en la defensa de periodistas: Balbina Flores de Reporteros Sin Fronteras (RSF) y Jan-Albert Hootsen del Committee to Protect Journalists (CPJ) de Estados Unidos.<\/p>\n\n\n\n<h2 class=\"wp-block-heading\"><strong>Urge prevenir<\/strong><\/h2>\n\n\n\n<p class=\"wp-block-paragraph\">Es probable que las y los colegas que vean completo este foro coincidan en que es altamente positivo, pero tambi\u00e9n coincidan en lo m\u00e1s preocupante: falta mucha prevenci\u00f3n.&nbsp;<\/p>\n\n\n\n<p class=\"wp-block-paragraph\">Falta prevenir entre nosotros. Muy pero muy pocas personas que ejercen el periodismo eval\u00faan sus vulnerabilidades, toman prevenciones al ejercer y menos se agrupan para reaccionar con rapidez cuando amenazan o agreden a sus colegas.<\/p>\n\n\n\n<p class=\"wp-block-paragraph\">Por ejemplo, se percibe muy poca comprensi\u00f3n y solidaridad, no solo de sectores sociales organizados de M\u00e9xico, sino tambi\u00e9n de nuestros pares m\u00e1s fuertes y menos de las grandes empresas.<\/p>\n\n\n\n<p class=\"wp-block-paragraph\">Las instancias del Estado no han construido una estrategia nacional de prevenci\u00f3n. Todos los \u00f3rganos oficiales son reactivos.<\/p>\n\n\n\n<p class=\"wp-block-paragraph\">Las pol\u00edticas p\u00fablicas que hacen falta, con leyes o sin ellas, tendr\u00edan que visualizar que las personas que ejercen el periodismo profesional requieren ser reconocidas como del inter\u00e9s p\u00fablico y ayudarles a disminuir vulnerabilidades que cada d\u00eda aumentan, como reconocieron todas y todos en el foro,<\/p>\n\n\n\n<p class=\"wp-block-paragraph\">Pero sobre todo las y los profesionales de la informaci\u00f3n tendremos que encontrar la manera de construir una medida nacional muy viable que ser\u00eda realmente efectiva para prevenir:<\/p>\n\n\n\n<p class=\"wp-block-paragraph\">Una red de redes de periodistas de todo el pa\u00eds para alertas tempranas y reacci\u00f3n r\u00e1pida ante amenazas o agresiones. Red que no funcionaria sin el concurso de los mecanismos e instancias relacionadas con autoridades de todos los niveles y los organismos civiles nacionales e internacionales.<\/p>\n\n\n\n<p class=\"wp-block-paragraph\">Es cierto que en lo que va de 2021 no hemos registrado ning\u00fan asesinato de periodistas, probablemente porque muchas y muchos amenazados han logrado huir o encontrar protecci\u00f3n, pero no lo sabemos realmente. Todav\u00eda sabemos muy poco de c\u00f3mo sobrellevan ese alto costo de hacer periodismo. Entre ellas y ellos dicen que ser desplazado forzoso, es como morir un poco. <\/p>\n","protected":false},"excerpt":{"rendered":"<p>tenci\u00f3n colegas en estados y municipios en alta violencia, que trabajan en medios peque\u00f1os, con mucha precariedad laboral, con pocas fortalezas profesionales y sin apoyo gremial<\/p>\n","protected":false},"author":3,"featured_media":8473,"comment_status":"open","ping_status":"open","sticky":false,"template":"","format":"standard","meta":{"_monsterinsights_skip_tracking":false,"footnotes":""},"categories":[692,106,35,85],"tags":[],"class_list":["post-33442","post","type-post","status-publish","format-standard","has-post-thumbnail","category-692","category-mirada-de-reportero","category-opinion","category-rogelio-hernandez-lopez"],"_links":{"self":[{"href":"https:\/\/redsemlac.com\/semmexico\/wp-json\/wp\/v2\/posts\/33442","targetHints":{"allow":["GET"]}}],"collection":[{"href":"https:\/\/redsemlac.com\/semmexico\/wp-json\/wp\/v2\/posts"}],"about":[{"href":"https:\/\/redsemlac.com\/semmexico\/wp-json\/wp\/v2\/types\/post"}],"author":[{"embeddable":true,"href":"https:\/\/redsemlac.com\/semmexico\/wp-json\/wp\/v2\/users\/3"}],"replies":[{"embeddable":true,"href":"https:\/\/redsemlac.com\/semmexico\/wp-json\/wp\/v2\/comments?post=33442"}],"version-history":[{"count":0,"href":"https:\/\/redsemlac.com\/semmexico\/wp-json\/wp\/v2\/posts\/33442\/revisions"}],"wp:featuredmedia":[{"embeddable":true,"href":"https:\/\/redsemlac.com\/semmexico\/wp-json\/wp\/v2\/media\/8473"}],"wp:attachment":[{"href":"https:\/\/redsemlac.com\/semmexico\/wp-json\/wp\/v2\/media?parent=33442"}],"wp:term":[{"taxonomy":"category","embeddable":true,"href":"https:\/\/redsemlac.com\/semmexico\/wp-json\/wp\/v2\/categories?post=33442"},{"taxonomy":"post_tag","embeddable":true,"href":"https:\/\/redsemlac.com\/semmexico\/wp-json\/wp\/v2\/tags?post=33442"}],"curies":[{"name":"wp","href":"https:\/\/api.w.org\/{rel}","templated":true}]}}