{"id":33436,"date":"2021-03-22T17:25:10","date_gmt":"2021-03-22T17:25:10","guid":{"rendered":"https:\/\/redsemlac.com\/semmexico\/?p=33436"},"modified":"2023-07-21T16:54:47","modified_gmt":"2023-07-21T21:54:47","slug":"acuerdo-entre-inmujeres-y-fgr-para-atender-eficaz-y-conforme-a-derecho-las-denuncias-por-violencia-contra-las-mujeres","status":"publish","type":"post","link":"https:\/\/redsemlac.com\/semmexico\/acuerdo-entre-inmujeres-y-fgr-para-atender-eficaz-y-conforme-a-derecho-las-denuncias-por-violencia-contra-las-mujeres\/","title":{"rendered":"Acuerdo entre INMUJERES y FGR para atender eficaz y conforme a derecho las denuncias por violencia contra las mujeres"},"content":{"rendered":"\n<p class=\"wp-block-paragraph\"><strong>Elda Montiel<\/strong><\/p>\n\n\n\n<p class=\"wp-block-paragraph\">SemM\u00e9xico. Ciudad de M\u00e9xico, 22 de marzo 2021.- El Instituto Nacional de las Mujeres (INMUJERES) y la Fiscal\u00eda General de la Rep\u00fablica (FGR) firmaron un Acuerdo de reconocimiento de competencias, entendimiento y colaboraci\u00f3n, que busca fortalecer la procuraci\u00f3n de justicia en los casos de violencia contra las mujeres y las ni\u00f1as para una respuesta eficaz y enfocada a los derechos.<\/p>\n\n\n\n<p class=\"wp-block-paragraph\">Durante la firma, Nadine Gasman Zilbermann, titular del INMUJERES, refiri\u00f3 que la falta de acceso a la justicia de las mujeres v\u00edctimas, asociada a la corrupci\u00f3n e impunidad tiene consecuencias profundas.<\/p>\n\n\n\n<p class=\"wp-block-paragraph\">Abund\u00f3 que este acuerdo se firma en el marco del PROIGUALDAD como una muestra de que lograr la igualdad entre mujeres y hombres requiere de la suma de esfuerzos, de la colaboraci\u00f3n estrat\u00e9gica y de la cooperaci\u00f3n entre los \u00f3rganos aut\u00f3nomos, los gobiernos estatales y municipales y los poderes de la uni\u00f3n.<\/p>\n\n\n\n<p class=\"wp-block-paragraph\">Destac\u00f3 que este Acuerdo de colaboraci\u00f3n representa un precedente muy importante de cara al cumplimiento del compromiso que tiene el Estado mexicano de realizar esfuerzos coordinados para garantizar los derechos de las mujeres al acceso a la justicia, la reparaci\u00f3n del da\u00f1o y a vivir libres, seguras en paz y sin violencia.<\/p>\n\n\n\n<p class=\"wp-block-paragraph\">La Fiscal\u00eda por su parte a trav\u00e9s de la titular de la Fiscal\u00eda Especializada en Materia de Derechos Humanos, Sara Irene Herrer\u00edas Guerra, acord\u00f3 participar en la implementaci\u00f3n conjunta de las acciones del PROIGUALDAD y de las estrategias que se desprendan del Sistema Nacional para la Igualdad entre Mujeres y Hombres, as\u00ed como promover la institucionalizaci\u00f3n y transversalizaci\u00f3n de la perspectiva de g\u00e9nero al interior de la FGR.<\/p>\n\n\n\n<p class=\"wp-block-paragraph\">Las acciones coordinadas que deriven de este acuerdo ser\u00e1n fundamentales para construir un pa\u00eds en donde nadie se quede atr\u00e1s y nadie se quede afuera, en donde el Estado de derecho y el acceso a la justicia sean una realidad para las mujeres y en donde la igualdad de g\u00e9nero sea un elemento constitutivo de nuestra vida democr\u00e1tica<\/p>\n","protected":false},"excerpt":{"rendered":"<p>La falta de acceso a la justicia de las mujeres v\u00edctimas, asociada a la corrupci\u00f3n e impunidad tiene consecuencias profundas.<\/p>\n","protected":false},"author":3,"featured_media":33437,"comment_status":"open","ping_status":"open","sticky":false,"template":"","format":"standard","meta":{"_monsterinsights_skip_tracking":false,"footnotes":""},"categories":[692,51],"tags":[],"class_list":["post-33436","post","type-post","status-publish","format-standard","has-post-thumbnail","category-692","category-ejecutivo"],"_links":{"self":[{"href":"https:\/\/redsemlac.com\/semmexico\/wp-json\/wp\/v2\/posts\/33436","targetHints":{"allow":["GET"]}}],"collection":[{"href":"https:\/\/redsemlac.com\/semmexico\/wp-json\/wp\/v2\/posts"}],"about":[{"href":"https:\/\/redsemlac.com\/semmexico\/wp-json\/wp\/v2\/types\/post"}],"author":[{"embeddable":true,"href":"https:\/\/redsemlac.com\/semmexico\/wp-json\/wp\/v2\/users\/3"}],"replies":[{"embeddable":true,"href":"https:\/\/redsemlac.com\/semmexico\/wp-json\/wp\/v2\/comments?post=33436"}],"version-history":[{"count":0,"href":"https:\/\/redsemlac.com\/semmexico\/wp-json\/wp\/v2\/posts\/33436\/revisions"}],"wp:featuredmedia":[{"embeddable":true,"href":"https:\/\/redsemlac.com\/semmexico\/wp-json\/wp\/v2\/media\/33437"}],"wp:attachment":[{"href":"https:\/\/redsemlac.com\/semmexico\/wp-json\/wp\/v2\/media?parent=33436"}],"wp:term":[{"taxonomy":"category","embeddable":true,"href":"https:\/\/redsemlac.com\/semmexico\/wp-json\/wp\/v2\/categories?post=33436"},{"taxonomy":"post_tag","embeddable":true,"href":"https:\/\/redsemlac.com\/semmexico\/wp-json\/wp\/v2\/tags?post=33436"}],"curies":[{"name":"wp","href":"https:\/\/api.w.org\/{rel}","templated":true}]}}