{"id":33428,"date":"2021-03-21T16:56:48","date_gmt":"2021-03-21T16:56:48","guid":{"rendered":"https:\/\/redsemlac.com\/semmexico\/?p=33428"},"modified":"2023-07-21T16:53:00","modified_gmt":"2023-07-21T21:53:00","slug":"documental-busca-visibilizar-la-violencia-del-acoso-callejero-en-mexico","status":"publish","type":"post","link":"https:\/\/redsemlac.com\/semmexico\/documental-busca-visibilizar-la-violencia-del-acoso-callejero-en-mexico\/","title":{"rendered":"Documental busca visibilizar la violencia del acoso callejero en M\u00e9xico"},"content":{"rendered":"\n<ul class=\"wp-block-list\"><li><strong>Siete de cada diez mujeres afirman que han cambiado su manera de vestir y sus rutinas de traslado para evitar el acoso de los hombres y en algunos casos hasta tocamientos; \u00abagresores tiene que responsabilizarse\u00bb, asegur\u00f3 su directora.<\/strong><\/li><\/ul>\n\n\n\n<p class=\"wp-block-paragraph\"><strong>Lenina Ramos\/Milenio<\/strong><\/p>\n\n\n\n<p class=\"wp-block-paragraph\">SemM\u00e9xico\/Milenio. Ciudad de M\u00e9xico. 21 de marzo 2021.- Seg\u00fan cifras del\u00a0<strong>Inmujeres<\/strong>, 6 de cada 10 mujeres refieren haber sido tocadas en espacios p\u00fablicos sin su consentimiento, mientras que el 70 por ciento de ellas han tenido que cambiar su\u00a0<strong>vestimenta<\/strong>, alternar recorridos,\u00a0<strong>horarios<\/strong>\u00a0y aumentar gastos para no sufrir acoso.\u00a0<strong>Patricia Balderas<\/strong>, directora del largometraje documental\u00a0<em><strong>Ahora que estamos juntas<\/strong><\/em>, busca visibilizar este tipo de violencia que viven d\u00eda a d\u00eda ni\u00f1as y mujeres, adem\u00e1s de mostrar lo necesario para que puedan defenderse y generar redes entre ellas y sostener la lucha contra esta constante.<\/p>\n\n\n\n<p class=\"wp-block-paragraph\">En entrevista para\u00a0MILENIO, cuenta que la idea surgi\u00f3 en un taller para mujeres de la organizaci\u00f3n\u00a0<strong>Habitajes<\/strong>, donde a trav\u00e9s del arte enfrentan al\u00a0<strong>acoso<\/strong>, ah\u00ed conoci\u00f3 a grandes mujeres: al colectivo \u00ab<strong>Las Hijas de la Violencia<\/strong>\u00ab, un grupo de mujeres que confrontaron a sus acosadores dispar\u00e1ndoles con una pistola de confeti;\u00a0<strong>M\u00f3nica Mayer<\/strong>, artista y cr\u00edtica de arte feminista, quien hizo una pieza muy famosa\u00a0<em>El Tendedero<\/em>, donde visibiliz\u00f3 la\u00a0<strong>violencia machista<\/strong>\u00a0que se vive en el espacio p\u00fablico;\u00a0<strong>Cerrucha<\/strong>, artista visual feminista, su proyecto fotogr\u00e1fico sobre mujeres fue instalado en vagones del Metro de la L\u00ednea 1.<\/p>\n\n\n\n<p class=\"wp-block-paragraph\">En el filme cuenta que la autodefensa es utilizada como herramienta para capacitarse y reaccionar ante el acoso, \u201cen&nbsp;<em>Ahora que estamos juntas<\/em>, vamos a encontrar mujeres que no se defend\u00edan, pero que ahora lo hacen al encontrar<strong>&nbsp;espacios seguros<\/strong>&nbsp;y acompa\u00f1amiento de otras mujeres, vamos a visibilizar el impacto de la defensa. Las mujeres tenemos que trabajar en la forma en que tenemos que actuar\u201d, dijo.&nbsp;<\/p>\n\n\n\n<p class=\"wp-block-paragraph\">Sin embargo, afirma que hay que entender que la responsabilidad es de los&nbsp;<strong>agresores<\/strong>, \u201clo hacen por una relaci\u00f3n de poder porque piensan que tenemos miedo, pero hay que romper con ello, es complicado pero el hecho de fortalecernos y apoyarnos entre nosotras para reaccionar, genera un cambio\u201d.<\/p>\n\n\n\n<figure class=\"wp-block-image\"><img decoding=\"async\" src=\"https:\/\/www.milenio.com\/uploads\/media\/2021\/03\/20\/respuestas-efectivas-contra-el-acoso.jpg\" alt=\"\"\/><\/figure>\n\n\n\n<p class=\"wp-block-paragraph\">Patricia comenz\u00f3 su investigaci\u00f3n desde la teor\u00eda pero finalmente sus experiencias trascendieron a su\u00a0<strong>documental<\/strong>, un trabajo que comenz\u00f3 en 2015 y que desde entonces, ha sumado los conocimientos, el trabajo y el esfuerzo voluntario de muchas mujeres, sin embargo, el proyecto se encuentra en postproducci\u00f3n por lo que\u00a0<a href=\"https:\/\/donadora.org\/campanas\/no-nos-separemos\" target=\"_blank\" rel=\"noreferrer noopener\">hay una campa\u00f1a en Donadora para obtener recursos y presentarlo en 2022<\/a>.<\/p>\n\n\n\n<p class=\"wp-block-paragraph\">Al finalizar el\u00a0<strong>documental<\/strong>, busca hacer una campa\u00f1a de impacto donde puedan armar espacios de di\u00e1logo y reflexi\u00f3n, proyecciones acompa\u00f1adas de actividades como\u00a0<strong>performance<\/strong>,\u00a0<strong>teatro<\/strong>,\u00a0<strong>tendederos<\/strong>\u00a0y\u00a0<strong>rodadas<\/strong>; adem\u00e1s de compartirlo con colectivos y grupos feministas para presentar funciones especiales a lo largo del territorio nacional.<\/p>\n","protected":false},"excerpt":{"rendered":"<p>Siete de cada diez mujeres afirman que han cambiado su manera de vestir y sus rutinas de traslado para evitar el acoso de los hombres y en algunos casos hasta tocamientos; \u00abagresores tiene que responsabilizarse\u00bb, asegur\u00f3 su directora.<\/p>\n","protected":false},"author":3,"featured_media":33429,"comment_status":"open","ping_status":"open","sticky":false,"template":"","format":"standard","meta":{"_monsterinsights_skip_tracking":false,"footnotes":""},"categories":[692,54],"tags":[],"class_list":["post-33428","post","type-post","status-publish","format-standard","has-post-thumbnail","category-692","category-mujeres"],"_links":{"self":[{"href":"https:\/\/redsemlac.com\/semmexico\/wp-json\/wp\/v2\/posts\/33428","targetHints":{"allow":["GET"]}}],"collection":[{"href":"https:\/\/redsemlac.com\/semmexico\/wp-json\/wp\/v2\/posts"}],"about":[{"href":"https:\/\/redsemlac.com\/semmexico\/wp-json\/wp\/v2\/types\/post"}],"author":[{"embeddable":true,"href":"https:\/\/redsemlac.com\/semmexico\/wp-json\/wp\/v2\/users\/3"}],"replies":[{"embeddable":true,"href":"https:\/\/redsemlac.com\/semmexico\/wp-json\/wp\/v2\/comments?post=33428"}],"version-history":[{"count":0,"href":"https:\/\/redsemlac.com\/semmexico\/wp-json\/wp\/v2\/posts\/33428\/revisions"}],"wp:featuredmedia":[{"embeddable":true,"href":"https:\/\/redsemlac.com\/semmexico\/wp-json\/wp\/v2\/media\/33429"}],"wp:attachment":[{"href":"https:\/\/redsemlac.com\/semmexico\/wp-json\/wp\/v2\/media?parent=33428"}],"wp:term":[{"taxonomy":"category","embeddable":true,"href":"https:\/\/redsemlac.com\/semmexico\/wp-json\/wp\/v2\/categories?post=33428"},{"taxonomy":"post_tag","embeddable":true,"href":"https:\/\/redsemlac.com\/semmexico\/wp-json\/wp\/v2\/tags?post=33428"}],"curies":[{"name":"wp","href":"https:\/\/api.w.org\/{rel}","templated":true}]}}