{"id":33425,"date":"2021-03-20T22:09:16","date_gmt":"2021-03-20T22:09:16","guid":{"rendered":"https:\/\/redsemlac.com\/semmexico\/?p=33425"},"modified":"2023-07-21T16:53:00","modified_gmt":"2023-07-21T21:53:00","slug":"por-amenaza-de-muerte-sale-adriana-urbina-corona-periodista-de-iguala","status":"publish","type":"post","link":"https:\/\/redsemlac.com\/semmexico\/por-amenaza-de-muerte-sale-adriana-urbina-corona-periodista-de-iguala\/","title":{"rendered":"Por amenaza de muerte sale Adriana Urbina Corona, periodista de Iguala"},"content":{"rendered":"\n<p class=\"wp-block-paragraph\"><strong>Por Agencia CEPROVYSA.COM<\/strong><\/p>\n\n\n\n<p class=\"wp-block-paragraph\">SemM\u00e9xico\/Ceprovysa. Chilpancingo, Guerrero. 20 de marzo 2021.- La periodista Adriana Urbina sali\u00f3 de Iguala, luego de que un presunto grupo delincuencial la amenazara de muerte.<\/p>\n\n\n\n<p class=\"wp-block-paragraph\">Adriana no sabe por qu\u00e9 \u201cme eligieron\u201d, cuando recibi\u00f3 el pasado 2 de marzo una llamada a trav\u00e9s de la cual le daban un plazo de 24 horas para salir de la ciudad, el 4 de mayo fue desplazada de su Ciudad.<\/p>\n\n\n\n<p class=\"wp-block-paragraph\">Adriana sali\u00f3 con sus hijas y una maleta. \u201cEso quer\u00edan, verme fuera\u201d, dice en un video que transmiti\u00f3 ese d\u00eda. Y a\u00fan llam\u00f3 a los presuntos grupos delincuenciales a dejarla en paz, a no involucrarla con nadie.<\/p>\n\n\n\n<p class=\"wp-block-paragraph\">En mayo de 2020 dej\u00f3 de cubrir y publicar nota roja, dej\u00f3 de colaborar en distintos medios, como otros m\u00e1s, tras el ambiente de inseguridad que dej\u00f3 agresiones a Medios y a reporteros de esa ciudad. Cre\u00f3 un Portal \u201cInf\u00f3rmate con Adriana Urbina\u201d a trav\u00e9s del cual daba a conocer la ciudad e informaci\u00f3n general.<\/p>\n\n\n\n<p class=\"wp-block-paragraph\">Para su sustento y el de sus hijas, busc\u00f3 un trabajo en Protecci\u00f3n Civil del Municipio y se enrol\u00f3 como voluntaria en la atenci\u00f3n a casos de COVID 19.<\/p>\n\n\n\n<p class=\"wp-block-paragraph\">Adriana se define como \u201cmuy chambeadora\u201d, est\u00e1 vendiendo sus cosas para ayudar a sus hijos.<\/p>\n\n\n\n<p class=\"wp-block-paragraph\">Es mujer de f\u00e9 \u201cdiario pido a DIOS me ayude, proteja y arregle esto\u201d.<\/p>\n\n\n\n<p class=\"wp-block-paragraph\">&nbsp;\u201cLlevaba ya 20 a\u00f1os ejerciendo y es dif\u00edcil todo esto\u201d dice una Periodista que se sum\u00f3 a Ceprovysa para dar cobertura a la transmisi\u00f3n especial que realizamos por el desastre natural provocado por el hurac\u00e1n y la tormenta tropical \u201cIngrid\u201d y \u201cManuel\u201d en el a\u00f1o 2013. Transmisi\u00f3n que fue obligada a ser cerrada con una amenaza. Tambi\u00e9n nos dieron plazo.<\/p>\n\n\n\n<p class=\"wp-block-paragraph\">En Iguala, el gobierno del Estado inform\u00f3 de la creaci\u00f3n de un grupo de reacci\u00f3n inmediata para atender la violencia luego de una marcha de Periodistas el 14 de octubre, los disparos a un peri\u00f3dico, el asesinato de un periodista.<\/p>\n\n\n\n<p class=\"wp-block-paragraph\">Adriana Urbina Corona dice \u201cme voy con la frente en alto, porque s\u00e9 que no soy una delincuente\u201d.<\/p>\n\n\n\n<p class=\"wp-block-paragraph\">Al salir, el estado pierde a una gran periodista.<\/p>\n","protected":false},"excerpt":{"rendered":"<p>La periodista Adriana Urbina sali\u00f3 de Iguala, luego de que un presunto grupo delincuencial la amenazara de muerte.<\/p>\n","protected":false},"author":3,"featured_media":33426,"comment_status":"open","ping_status":"open","sticky":false,"template":"","format":"standard","meta":{"_monsterinsights_skip_tracking":false,"footnotes":""},"categories":[692,55],"tags":[],"class_list":["post-33425","post","type-post","status-publish","format-standard","has-post-thumbnail","category-692","category-periodistas"],"_links":{"self":[{"href":"https:\/\/redsemlac.com\/semmexico\/wp-json\/wp\/v2\/posts\/33425","targetHints":{"allow":["GET"]}}],"collection":[{"href":"https:\/\/redsemlac.com\/semmexico\/wp-json\/wp\/v2\/posts"}],"about":[{"href":"https:\/\/redsemlac.com\/semmexico\/wp-json\/wp\/v2\/types\/post"}],"author":[{"embeddable":true,"href":"https:\/\/redsemlac.com\/semmexico\/wp-json\/wp\/v2\/users\/3"}],"replies":[{"embeddable":true,"href":"https:\/\/redsemlac.com\/semmexico\/wp-json\/wp\/v2\/comments?post=33425"}],"version-history":[{"count":0,"href":"https:\/\/redsemlac.com\/semmexico\/wp-json\/wp\/v2\/posts\/33425\/revisions"}],"wp:featuredmedia":[{"embeddable":true,"href":"https:\/\/redsemlac.com\/semmexico\/wp-json\/wp\/v2\/media\/33426"}],"wp:attachment":[{"href":"https:\/\/redsemlac.com\/semmexico\/wp-json\/wp\/v2\/media?parent=33425"}],"wp:term":[{"taxonomy":"category","embeddable":true,"href":"https:\/\/redsemlac.com\/semmexico\/wp-json\/wp\/v2\/categories?post=33425"},{"taxonomy":"post_tag","embeddable":true,"href":"https:\/\/redsemlac.com\/semmexico\/wp-json\/wp\/v2\/tags?post=33425"}],"curies":[{"name":"wp","href":"https:\/\/api.w.org\/{rel}","templated":true}]}}