{"id":33423,"date":"2021-03-21T00:00:00","date_gmt":"2021-03-21T00:00:00","guid":{"rendered":"https:\/\/redsemlac.com\/semmexico\/?p=33423"},"modified":"2023-07-21T16:53:00","modified_gmt":"2023-07-21T21:53:00","slug":"la-cruz-roja-mexicana-institucion-mas-que-centenaria","status":"publish","type":"post","link":"https:\/\/redsemlac.com\/semmexico\/la-cruz-roja-mexicana-institucion-mas-que-centenaria\/","title":{"rendered":"La Cruz Roja Mexicana, instituci\u00f3n m\u00e1s que Centenaria"},"content":{"rendered":"\n<h2 class=\"wp-block-heading\"><strong>R \u00c1 F A G A<\/strong><\/h2>\n\n\n\n<p class=\"wp-block-paragraph\"><strong>Jorge Herrera Valenzuela<\/strong><\/p>\n\n\n\n<p class=\"has-text-align-right wp-block-paragraph\"><strong><em>EVITEMOS EL CONTAGIO Y SER TRANSMISORES, AY\u00daDEMOS<\/em><\/strong><\/p>\n\n\n\n<p class=\"wp-block-paragraph\">SemM\u00e9xico. Cd. de M\u00e9xico. 21 de marzo 2021.- Una zacatecana, profesora de Instrucci\u00f3n Primaria, esposa de un oftalm\u00f3logo, con esp\u00edritu de protectora de los ni\u00f1os hu\u00e9rfanos y de las madres desamparadas, convoc\u00f3 a las damas de la sociedad para organizar una instituci\u00f3n que fundamentalmente prestara &nbsp;asistencia alimentaria y atenci\u00f3n m\u00e9dica a los ni\u00f1os sin padres y a las mujeres sin empleo. As\u00ed el 5 de junio 1909 empez\u00f3 a proyectarse la <strong>Cruz Roja Mexicana<\/strong> y como tal fue reconocida, el 12 de marzo de 1910,&nbsp; por el presidente Porfirio D\u00edaz, al expedir el correspondiente decreto y ordenar su publicaci\u00f3n en el Diario Oficial.<\/p>\n\n\n\n<p class=\"wp-block-paragraph\">Esta noble instituci\u00f3n no lucrativa atiende, en la Ciudad de M\u00e9xico y en sus delegaciones estatales, a todo ser humano que lo requiere, durante los 365 d\u00edas del a\u00f1o, las 24 horas. El pasado viernes 12 cumpli\u00f3 111 a\u00f1os de prestar servicios, sin distinci\u00f3n de razas, religi\u00f3n, condici\u00f3n econ\u00f3mica o credo pol\u00edtico. Su creadora fue la se\u00f1ora <strong>Luz Gonz\u00e1lez Cos\u00edo Acosta<\/strong>, apoyada por el oftalm\u00f3logo y m\u00e9dico cirujano del Hospital Militar <strong>Fernando L\u00f3pez y San Rom\u00e1n<\/strong>, quien siempre apoy\u00f3 a su esposa en las altruistas tareas y de auxilio a la sociedad, mismas que comenzaron el 3 de septiembre del citado 1909, cuando una tromba arras\u00f3 gran parte de la ciudad de Monterrey.<\/p>\n\n\n\n<p class=\"wp-block-paragraph\">Aun no se constitu\u00eda jur\u00eddicamente la Cruz Roja Mexicana, pero do\u00f1a Luz y su esposo reunieron a las damas voluntarias y partieron hacia la capital de Nuevo Le\u00f3n, donde la furiosa corriente de agua destruy\u00f3 casas habitaci\u00f3n, establecimientos comerciales, edificios de oficinas. Se inform\u00f3 entonces que los muertos fueron&nbsp; entre 3 mil y 5 mil. Todas las construcciones de las Colonias Santa Catarina, Independencia y Centro de Monterrey, se vinieron por tierra.<\/p>\n\n\n\n<p class=\"wp-block-paragraph\">La labor de esa \u201cdelegaci\u00f3n de la Ciudad de M\u00e9xico\u201d, como se refiere en noticias period\u00edsticas de la \u00e9poca, dur\u00f3 varias semanas. El gobierno federal envi\u00f3 un apoyo econ\u00f3mico para distribuirlo entre las familias que perdieron absolutamente todo. Se crearon comisiones de auxilios m\u00e9dicos y la dram\u00e1tica tarea de inhumar a mujeres, hombres y ni\u00f1os, tambi\u00e9n ocup\u00f3 tiempo. Es una de las tragedias m\u00e1s recordadas, ocurridas al desbordarse el r\u00edo Santa Catarina. (Recu\u00e9rdese que en la segunda mitad del siglo pasado hubo otra cat\u00e1strofe al salirse las aguas del mismo r\u00edo).<\/p>\n\n\n\n<p class=\"wp-block-paragraph\"><strong>SURGE LA BENEM\u00c9RITA CRUZ ROJA<\/strong><\/p>\n\n\n\n<p class=\"wp-block-paragraph\">Debo comentar que do\u00f1a Luz fue nieta e hija de los gobernadores de Zacatecas que tuvieron el mismo nombre, Manuel Gonz\u00e1lez Cos\u00edo y ambos fueron generales. El abuelo combati\u00f3 durante la Guerra de Reforma; gobernador en 1834 y con Porfirio D\u00edaz fue secretario de Gobernaci\u00f3n y de Guerra y Marina. El pap\u00e1 gobern\u00f3 del 23 de octubre de 1871 al 29 de enero de1872. Tambi\u00e9n pele\u00f3 contra los invasores franceses.<\/p>\n\n\n\n<p class=\"wp-block-paragraph\">El trabajo realizado en Monterrey por la profesora Gonz\u00e1lez Cos\u00edo y su esposo Fernando L\u00f3pez, coordinando el auxilio a los damnificados, trascendi\u00f3 nacionalmente. El matrimonio se propuso ayudar a la ni\u00f1ez y a las madres solas. Crearon el <strong>Asilo Col\u00f3n para Ni\u00f1os Hu\u00e9rfanos<\/strong>, en la Ciudad de M\u00e9xico, al tiempo que continuaban con su plan de darle vida a la Cruz Roja Mexicana. Inicialmente solo daban atenci\u00f3n m\u00e9dica en una casa de la calle Rosales 20 (entre las hoy Avenidas Hidalgo y Ju\u00e1rez, en pleno Centro Hist\u00f3rico de la Ciudad de M\u00e9xico), encarg\u00e1ndose del consultorio el doctor Leandro Cuevas.<\/p>\n\n\n\n<p class=\"wp-block-paragraph\">La se\u00f1ora Gonz\u00e1lez Cos\u00edo de L\u00f3pez tambi\u00e9n emprendi\u00f3, a nivel nacional, el establecimiento de la Asociaci\u00f3n Mexicana <strong>La Gota de leche<\/strong>, cuyo principal motivo fue que los ni\u00f1os tuvieran una sana alimentaci\u00f3n. Uno de esos edificios a\u00fan se conserva en la calle Hidalgo, en el centro de la ciudad de Toluca, Estado de M\u00e9xico. Fund\u00f3 la <strong>Asociaci\u00f3n de las Madres Mexicanas<\/strong>, con el objetivo de colocarlas en empleos de f\u00e1bricas, de oficina e inclusive del servicio dom\u00e9stico. Adem\u00e1s convoc\u00f3 a la organizaci\u00f3n de la <strong>Sociedad Femenil Iberoamericana.<\/strong><\/p>\n\n\n\n<p class=\"wp-block-paragraph\"><strong>BRIGADAS A CAMPOS DE BATALLA<\/strong><\/p>\n\n\n\n<p class=\"wp-block-paragraph\">El presidente D\u00edaz el 21 de febrero de 1910 firm\u00f3 el decreto que dio pas\u00f3 a la fundaci\u00f3n de la Cruz Roja Mexicana, reconociendo el auxilio que prestaron los rescatistas en Monterrey. Para el 10 de mayo siguiente se integr\u00f3 el primer comit\u00e9 directivo, fueron redactados los estatutos y empez\u00f3 a trabajar el Comit\u00e9 de Damas Voluntarias. Hab\u00eda estallado el movimiento armado de 1910, los combates entre federales y rurales se extendieron pronto por diversos puntos de la Rep\u00fablica. Muertos y heridos quedaban en los campos de batalla.<\/p>\n\n\n\n<p class=\"wp-block-paragraph\">Ya estaba m\u00e1s organizada la instituci\u00f3n de auxilio y asistencia. La profesora zacatecana no daba reposo a su tarea. Organiz\u00f3 una brigada que fue hasta Ciudad Ju\u00e1rez, Chihuahua, para atender a las v\u00edctimas. Llevaban el equipo necesario y personal capacitado para curar a los heridos que sumaban cientos, seg\u00fan las cr\u00f3nicas. M\u00e1s adelante actuaron otras brigadas en la tristemente recordada \u201cDecena Tr\u00e1gica\u201d, que tuvo como escenario de combate la Plaza de la Constituci\u00f3n, La Ciudadela y otros puntos de la Capital Mexicana.<\/p>\n\n\n\n<p class=\"wp-block-paragraph\">Elementos de la Cruz Roja Mexicana tambi\u00e9n hicieron acto de presencia cuando las fuerzas navales y militares norteamericanas invadieron a M\u00e9xico, por el Golfo de M\u00e9xico, en abril de 1914. No hab\u00eda descanso, pues intervino la Cruz Roja Mexicana para apoyar en la guerra contra epidemias de tifoidea y la de \u201cgripe espa\u00f1ola\u201d que comenz\u00f3 en 1918 y otra acci\u00f3n muy humana fue cuando acudieron a Morelia, Michoac\u00e1n, para dar atenci\u00f3n a los Ni\u00f1os Espa\u00f1oles que hab\u00eda recibido el presidente L\u00e1zaro C\u00e1rdenas. En 1943 los brigadistas de la Cruz Roja asistieron a San Juan Parangaricutiro, al nacimiento del volc\u00e1n Paricut\u00edn que dej\u00f3 miles de v\u00edctimas.<\/p>\n\n\n\n<p class=\"wp-block-paragraph\">La historia sigue y ahora encontramos las delegaciones en toda la Rep\u00fablica. El apoyo de la sociedad, en las colectas anuales, es muy importante. Creci\u00f3 la instituci\u00f3n. En 1912 fue reconocida la instituci\u00f3n por el Comit\u00e9 Internacional de Cruz Roja y le dio acceso a pertenecer a las Sociedades Nacionales de la Cruz Roja y la Media Luna Roja. Once a\u00f1os despu\u00e9s qued\u00f3 afiliada a la Federaci\u00f3n Internacional de esos mismos organismos.<\/p>\n\n\n\n<p class=\"wp-block-paragraph\">A partir de 1968 el Hospital de la Cruz Roja Mexicana est\u00e1 ubicado en la Avenida Ej\u00e9rcito Nacional 1032, en Polanco. Durante muchas d\u00e9cadas estuvo en un edificio localizado en la esquina de las calles Monterrey y Colima, a corta distancia de la Avenida Insurgentes Sur, Colonia Roma. Miles de m\u00e9dicos y enfermeras han desfilado, al igual que choferes de ambulancias, camilleros, voluntarios. Cada uno ha dejado una historia.<\/p>\n\n\n\n<p class=\"wp-block-paragraph\">Uno de los presidentes de la CRM, el empresario <strong>Jos\u00e9 Barroso Ch\u00e1vez (<\/strong>qepd), de 1965 a 1977 fue el presidente Interamericano de las Sociedades de la Cruz Roja y de la Media Luna Roja. En esa \u00e9poca tres j\u00f3venes m\u00e9dicos atendieron a decenas de personas lesionadas en diferentes sucesos, <strong>Ra\u00fal M. Simancas, Jorge Saavedra Fern\u00e1ndez y Jorge Malouly Mois\u00e9s <\/strong>(qepd) y para iniciar las actas de investigaci\u00f3n, en la adscrita agencia del Ministerio P\u00fablico, por a\u00f1os, actuaron los abogados <strong>Heriberto Prado Res\u00e9ndiz y Enrique Priego Rodr\u00edguez <\/strong>(qepd)<strong>.<\/strong><\/p>\n\n\n\n<p class=\"wp-block-paragraph\"><strong>jherrerav@live.com.mx<\/strong>&nbsp;&nbsp;<\/p>\n","protected":false},"excerpt":{"rendered":"<p>Esta noble instituci\u00f3n no lucrativa atiende, en la Ciudad de M\u00e9xico y en sus delegaciones estatales<\/p>\n","protected":false},"author":3,"featured_media":7843,"comment_status":"open","ping_status":"open","sticky":false,"template":"","format":"standard","meta":{"_monsterinsights_skip_tracking":false,"footnotes":""},"categories":[692,94,35,107],"tags":[],"class_list":["post-33423","post","type-post","status-publish","format-standard","has-post-thumbnail","category-692","category-jorge-herrera-valenzuela","category-opinion","category-rafaga"],"_links":{"self":[{"href":"https:\/\/redsemlac.com\/semmexico\/wp-json\/wp\/v2\/posts\/33423","targetHints":{"allow":["GET"]}}],"collection":[{"href":"https:\/\/redsemlac.com\/semmexico\/wp-json\/wp\/v2\/posts"}],"about":[{"href":"https:\/\/redsemlac.com\/semmexico\/wp-json\/wp\/v2\/types\/post"}],"author":[{"embeddable":true,"href":"https:\/\/redsemlac.com\/semmexico\/wp-json\/wp\/v2\/users\/3"}],"replies":[{"embeddable":true,"href":"https:\/\/redsemlac.com\/semmexico\/wp-json\/wp\/v2\/comments?post=33423"}],"version-history":[{"count":0,"href":"https:\/\/redsemlac.com\/semmexico\/wp-json\/wp\/v2\/posts\/33423\/revisions"}],"wp:featuredmedia":[{"embeddable":true,"href":"https:\/\/redsemlac.com\/semmexico\/wp-json\/wp\/v2\/media\/7843"}],"wp:attachment":[{"href":"https:\/\/redsemlac.com\/semmexico\/wp-json\/wp\/v2\/media?parent=33423"}],"wp:term":[{"taxonomy":"category","embeddable":true,"href":"https:\/\/redsemlac.com\/semmexico\/wp-json\/wp\/v2\/categories?post=33423"},{"taxonomy":"post_tag","embeddable":true,"href":"https:\/\/redsemlac.com\/semmexico\/wp-json\/wp\/v2\/tags?post=33423"}],"curies":[{"name":"wp","href":"https:\/\/api.w.org\/{rel}","templated":true}]}}