{"id":33420,"date":"2021-03-21T00:50:00","date_gmt":"2021-03-21T00:50:00","guid":{"rendered":"https:\/\/redsemlac.com\/semmexico\/?p=33420"},"modified":"2023-07-21T16:53:00","modified_gmt":"2023-07-21T21:53:00","slug":"trasladan-a-jeanine-anez-a-otra-prision-de-mujeres","status":"publish","type":"post","link":"https:\/\/redsemlac.com\/semmexico\/trasladan-a-jeanine-anez-a-otra-prision-de-mujeres\/","title":{"rendered":"Trasladan a Jeanine \u00c1\u00f1ez a otra prisi\u00f3n de mujeres"},"content":{"rendered":"\n<p class=\"wp-block-paragraph\">Redacci\u00f3n<\/p>\n\n\n\n<p class=\"wp-block-paragraph\">SemM\u00e9xico\/Billie Parker Noticias. Bolivia. 21 de marzo 2021.- Luego de que la Justicia boliviana dict\u00f3 prisi\u00f3n por 4 meses para la expresidenta interina de Bolivia Jeanine \u00c1\u00f1ez y sus exministros, por un supuesto golpe de Estado en 2019 contra el exmandatario Evo Morales, fue trasladada este s\u00e1bado de madrugada a otra prisi\u00f3n de mujeres en La Paz, seg\u00fan indic\u00f3 la detenida y confirmaron las autoridades.<\/p>\n\n\n\n<p class=\"wp-block-paragraph\">\u201cMe sacaron dici\u00e9ndome que iba a la cl\u00ednica del Sur\u201d, declar\u00f3 a los medios la exmandataria al momento de llegar al penal de mujeres de Miraflores, lugar donde seguir\u00e1 cumpliendo los cuatro meses de prisi\u00f3n preventiva decretados en su contra mientras dura la investigaci\u00f3n de la Fiscal\u00eda.<\/p>\n\n\n\n<p class=\"wp-block-paragraph\">A\u00f1ez fue trasladada en una ambulancia a ese recinto penitenciario, despu\u00e9s de dos jornadas alegando problemas de salud, y su hija acus\u00f3 que \u201ctal parece que la quieren ver muerta\u201d.<\/p>\n\n\n\n<p class=\"wp-block-paragraph\">La Direcci\u00f3n General de R\u00e9gimen Penitenciario inform\u00f3 en un comunicado que el cambio al Centro Penitenciario Femenino de Miraflores se realiz\u00f3 porque ese recinto \u201ccuenta con instalaci\u00f3n m\u00e9dica, equipos y personal m\u00e9dico acorde al tratamiento espec\u00edfico y recomendado que requiere la privada de libertad\u201d.<\/p>\n\n\n\n<p class=\"wp-block-paragraph\">El viernes por la tarde, tres jueces de La Paz dispusieron \u201cla salida judicial\u201d de A\u00f1ez a una cl\u00ednica para su valoraci\u00f3n m\u00e9dica por especialistas de cardiolog\u00eda. Sin embargo, poco despu\u00e9s, otro juez revoc\u00f3 esa autorizaci\u00f3n disponiendo que fuera atendida por el personal m\u00e9dico del Instituto de Investigaci\u00f3n Forense.<\/p>\n\n\n\n<p class=\"wp-block-paragraph\">La hija de A\u00f1ez, Carolina Ribera, hab\u00eda solicitado el traslado de su madre a un centro m\u00e9dico para tratarle una \u201chipertensi\u00f3n arterial sist\u00e9mica\u201d. Seg\u00fan ella, las autoridades del penal incumplieron la decisi\u00f3n judicial negando \u201ctoda asistencia de salud\u201d a su madre.<\/p>\n\n\n\n<p class=\"wp-block-paragraph\">En un v\u00eddeo publicado en la red social Twitter, Ribera se\u00f1al\u00f3 que la negativa a trasladar a \u00c1\u00f1ez a un centro m\u00e9dico en lugar de al nuevo presidio supone un \u201catentado contra la vida\u201d de la expresidenta interina.<\/p>\n\n\n\n<p class=\"wp-block-paragraph\">\u201cEsto es un abuso, una injusticia y est\u00e1n atentando contra la vida de mi madre, que necesita con urgencia atenci\u00f3n m\u00e9dica\u201d, destac\u00f3 la hija de \u00c1\u00f1ez.<\/p>\n\n\n\n<p class=\"wp-block-paragraph\">Jeanine \u00c1\u00f1ez pide a la UE y OEA que \u201ceval\u00faen\u201d su \u201cilegal aprehensi\u00f3n\u201d en Bolivia<br>Para la ma\u00f1ana de este s\u00e1bado est\u00e1 prevista una nueva audiencia de apelaci\u00f3n de estas detenciones preventivas.<\/p>\n\n\n\n<h2 class=\"wp-block-heading\">Las imputaciones<\/h2>\n\n\n\n<p class=\"wp-block-paragraph\">Sobre A\u00f1ez, que ejerci\u00f3 el poder desde noviembre de 2019 a noviembre 2020, pesa una denuncia por sedici\u00f3n, terrorismo y conspiraci\u00f3n presentada por la exdiputada del gobernante Movimiento Al Socialismo (MAS) Lidia Patty.<\/p>\n\n\n\n<p class=\"wp-block-paragraph\">La denuncia se refiere a los hechos que llevaron a la renuncia de Morales a la presidencia en noviembre de 2019, tras 14 a\u00f1os en el poder.<\/p>\n\n\n\n<p class=\"wp-block-paragraph\">El l\u00edder izquierdista abandon\u00f3 su cargo a ra\u00edz de violentas protestas impulsadas por opositores, que acusaron a Morales de haber ganado de forma fraudulenta las presidenciales de octubre de 2019, en las que buscaba un cuarto mandato.<\/p>\n","protected":false},"excerpt":{"rendered":"<p>Luego de que la Justicia boliviana dict\u00f3 prisi\u00f3n por 4 meses para la expresidenta interina de Bolivia Jeanine \u00c1\u00f1ez y sus exministros, por un supuesto golpe de Estado en 2019<\/p>\n","protected":false},"author":3,"featured_media":33421,"comment_status":"open","ping_status":"open","sticky":false,"template":"","format":"standard","meta":{"_monsterinsights_skip_tracking":false,"footnotes":""},"categories":[692,53],"tags":[],"class_list":["post-33420","post","type-post","status-publish","format-standard","has-post-thumbnail","category-692","category-internacional"],"_links":{"self":[{"href":"https:\/\/redsemlac.com\/semmexico\/wp-json\/wp\/v2\/posts\/33420","targetHints":{"allow":["GET"]}}],"collection":[{"href":"https:\/\/redsemlac.com\/semmexico\/wp-json\/wp\/v2\/posts"}],"about":[{"href":"https:\/\/redsemlac.com\/semmexico\/wp-json\/wp\/v2\/types\/post"}],"author":[{"embeddable":true,"href":"https:\/\/redsemlac.com\/semmexico\/wp-json\/wp\/v2\/users\/3"}],"replies":[{"embeddable":true,"href":"https:\/\/redsemlac.com\/semmexico\/wp-json\/wp\/v2\/comments?post=33420"}],"version-history":[{"count":0,"href":"https:\/\/redsemlac.com\/semmexico\/wp-json\/wp\/v2\/posts\/33420\/revisions"}],"wp:featuredmedia":[{"embeddable":true,"href":"https:\/\/redsemlac.com\/semmexico\/wp-json\/wp\/v2\/media\/33421"}],"wp:attachment":[{"href":"https:\/\/redsemlac.com\/semmexico\/wp-json\/wp\/v2\/media?parent=33420"}],"wp:term":[{"taxonomy":"category","embeddable":true,"href":"https:\/\/redsemlac.com\/semmexico\/wp-json\/wp\/v2\/categories?post=33420"},{"taxonomy":"post_tag","embeddable":true,"href":"https:\/\/redsemlac.com\/semmexico\/wp-json\/wp\/v2\/tags?post=33420"}],"curies":[{"name":"wp","href":"https:\/\/api.w.org\/{rel}","templated":true}]}}