{"id":33414,"date":"2021-03-20T21:47:12","date_gmt":"2021-03-20T21:47:12","guid":{"rendered":"https:\/\/redsemlac.com\/semmexico\/?p=33414"},"modified":"2023-07-21T16:53:01","modified_gmt":"2023-07-21T21:53:01","slug":"dos-mujeres-y-un-hombre-en-la-terna-para-presidir-la-ceav-determina-el-senado","status":"publish","type":"post","link":"https:\/\/redsemlac.com\/semmexico\/dos-mujeres-y-un-hombre-en-la-terna-para-presidir-la-ceav-determina-el-senado\/","title":{"rendered":"Dos mujeres y un hombre en la terna para presidir la CEAV, determina el Senado"},"content":{"rendered":"\n<p class=\"wp-block-paragraph\"><strong>Elda Montiel<\/strong><\/p>\n\n\n\n<p class=\"wp-block-paragraph\">SemM\u00e9xico, Ciudad de M\u00e9xico, 20 de marzo, 2021.-Los aspirantes a presidir la Comisi\u00f3n Ejecutiva de Atenci\u00f3n a V\u00edctimas (CEAV), Martha Yuriria Rodr\u00edguez Estrada, Claudia Lilia Cruz Salgado y Luis Fernando Rosas Ram\u00edrez re\u00fanen los requisitos exigidos por el art\u00edculo 86 de la Ley General de V\u00edctimas de acuerdo a las comisiones unidas de Gobernaci\u00f3n y Derechos Humanos del Senado de la Rep\u00fablica.<\/p>\n\n\n\n<p class=\"wp-block-paragraph\">Los tres aspirantes, propuestos por el titular del Ejecutivo Federal, comparecieron ante las comisiones el pasado 16 de marzo. Quien sea elegida o elegido ostentar\u00e1 el cargo durante un periodo de cinco a\u00f1os, sin posibilidad de reelecci\u00f3n.<\/p>\n\n\n\n<p class=\"wp-block-paragraph\">El dictamen de elegibilidad se aprob\u00f3 con 10 votos a favor en la Comisi\u00f3n de Gobernaci\u00f3n y con 12 votos a favor por parte de los integrantes de la Derechos Humanos.<\/p>\n\n\n\n<p class=\"wp-block-paragraph\">Tanto la presidenta de la Comisi\u00f3n de Gobernaci\u00f3n, M\u00f3nica Fern\u00e1ndez Balboa, como la senadora Kenia L\u00f3pez Rabad\u00e1n, presidenta de la Comisi\u00f3n de Derechos Humanos expresaron confianza en que la decisi\u00f3n del pleno sea la m\u00e1s afortunada para la instituci\u00f3n, para las v\u00edctimas y para el Estado Mexicano, despu\u00e9s cumplir los aspirantes con la etapa de comparecencias.<\/p>\n\n\n\n<p class=\"wp-block-paragraph\">Fue la senadora priista, Claudia Ruiz Massieu Salinas, que destac\u00f3 que la CEAV atraviesa por un momento dif\u00edcil y cr\u00edtico, al estar ac\u00e9fala desde hace tiempo, por lo que pidi\u00f3 a las y los legisladores acompa\u00f1ar la gesti\u00f3n de dicho \u00f3rgano.<\/p>\n\n\n\n<p class=\"wp-block-paragraph\">Mientras que el senador Jos\u00e9 Alfredo Botello Montes indic\u00f3 que el tema presupuestal es un limitante para que la Comisi\u00f3n Ejecutiva pueda realizar sus actividades correspondientes, por lo que confi\u00f3 en que la C\u00e1mara de Diputados atienda este problema.<\/p>\n\n\n\n<p class=\"wp-block-paragraph\">&nbsp;Finalmente, Martha Luc\u00eda Micher Camarena, senadora del Grupo Parlamentario de Morena, se\u00f1al\u00f3 que la CEAV ha cometido muchos errores, por lo que consider\u00f3 necesario que aprendan de ellos para que no se vuelvan a cometer omisiones en la atenci\u00f3n a las v\u00edctimas.<\/p>\n","protected":false},"excerpt":{"rendered":"<p>Los tres aspirantes, propuestos por el titular del Ejecutivo Federal, comparecieron ante las comisiones el pasado 16 de marzo. Quien sea elegida o elegido ostentar\u00e1 el cargo durante un periodo de cinco a\u00f1os, sin posibilidad de reelecci\u00f3n.<\/p>\n","protected":false},"author":3,"featured_media":33415,"comment_status":"open","ping_status":"open","sticky":false,"template":"","format":"standard","meta":{"_monsterinsights_skip_tracking":false,"footnotes":""},"categories":[692,50],"tags":[],"class_list":["post-33414","post","type-post","status-publish","format-standard","has-post-thumbnail","category-692","category-congreso"],"_links":{"self":[{"href":"https:\/\/redsemlac.com\/semmexico\/wp-json\/wp\/v2\/posts\/33414","targetHints":{"allow":["GET"]}}],"collection":[{"href":"https:\/\/redsemlac.com\/semmexico\/wp-json\/wp\/v2\/posts"}],"about":[{"href":"https:\/\/redsemlac.com\/semmexico\/wp-json\/wp\/v2\/types\/post"}],"author":[{"embeddable":true,"href":"https:\/\/redsemlac.com\/semmexico\/wp-json\/wp\/v2\/users\/3"}],"replies":[{"embeddable":true,"href":"https:\/\/redsemlac.com\/semmexico\/wp-json\/wp\/v2\/comments?post=33414"}],"version-history":[{"count":0,"href":"https:\/\/redsemlac.com\/semmexico\/wp-json\/wp\/v2\/posts\/33414\/revisions"}],"wp:featuredmedia":[{"embeddable":true,"href":"https:\/\/redsemlac.com\/semmexico\/wp-json\/wp\/v2\/media\/33415"}],"wp:attachment":[{"href":"https:\/\/redsemlac.com\/semmexico\/wp-json\/wp\/v2\/media?parent=33414"}],"wp:term":[{"taxonomy":"category","embeddable":true,"href":"https:\/\/redsemlac.com\/semmexico\/wp-json\/wp\/v2\/categories?post=33414"},{"taxonomy":"post_tag","embeddable":true,"href":"https:\/\/redsemlac.com\/semmexico\/wp-json\/wp\/v2\/tags?post=33414"}],"curies":[{"name":"wp","href":"https:\/\/api.w.org\/{rel}","templated":true}]}}