{"id":33411,"date":"2021-03-20T19:29:05","date_gmt":"2021-03-20T19:29:05","guid":{"rendered":"https:\/\/redsemlac.com\/semmexico\/?p=33411"},"modified":"2023-07-21T16:53:01","modified_gmt":"2023-07-21T21:53:01","slug":"instalan-ya-19-centros-de-procuracion-de-justicia-en-quintana-roo","status":"publish","type":"post","link":"https:\/\/redsemlac.com\/semmexico\/instalan-ya-19-centros-de-procuracion-de-justicia-en-quintana-roo\/","title":{"rendered":"Instalan ya 19 Centros de Procuraci\u00f3n de Justicia en Quintana Roo"},"content":{"rendered":"\n<ul class=\"wp-block-list\"><li><strong> En Carrillo Puerto se ubica en la Casa de la Mujer Ind\u00edgena<\/strong><\/li><\/ul>\n\n\n\n<ul class=\"wp-block-list\"><li><strong> Buscan que las personas quintanarroenses accedan a la justicia<\/strong><\/li><\/ul>\n\n\n\n<p class=\"wp-block-paragraph\"><strong>\u00c1ngeles G\u00f3mez<\/strong><\/p>\n\n\n\n<p class=\"wp-block-paragraph\">SemM\u00e9xico, Felipe Carrillo Puerto, Quintana Roo, 20 de marzo, 2021.- En la Casa de la Mujer Ind\u00edgena de esta ciudad se instal\u00f3 el Comit\u00e9 de Procuraci\u00f3n de Justicia n\u00famero 19, que de acuerdo con el Fiscal General, Oscar Montes de Oca, establece mecanismos \u00e1giles, seguros y de acercamiento para que la ciudadan\u00eda pueda denunciar y consecuentemente, la Fiscal\u00eda act\u00fae e investigue conforme a lo que establece la ley.<\/p>\n\n\n\n<p class=\"wp-block-paragraph\">En este municipio, el funcionario destac\u00f3 la importancia de crear v\u00ednculos de confianza ciudadana -a trav\u00e9s de la Direcci\u00f3n de Prevenci\u00f3n del Delito, Participaci\u00f3n Ciudadana y Servicios a la Comunidad- para establecer mecanismos \u00e1giles, seguros y de acercamiento para que los ciudadanos puedan denunciar y consecuentemente, la FGE de Quintana Roo act\u00fae e investigue conforme a lo que establece la ley.<\/p>\n\n\n\n<p class=\"wp-block-paragraph\">El Fiscal Montes de Oca Rosales dijo que la instituci\u00f3n cumple con su obligaci\u00f3n constitucional de proporcionar el acceso efectivo a la justicia y como parte de esta estrategia, continuar\u00e1 con la creaci\u00f3n de los Comit\u00e9s en las comunidades y zonas m\u00e1s apartadas de la entidad para facilitar este derecho a todos los habitantes de Quintana Roo.<\/p>\n\n\n\n<p class=\"wp-block-paragraph\">En la Casa de la Mujer Ind\u00edgena ubicada en la cabecera municipal de Felipe Carrillo Puerto, -previo a la instalaci\u00f3n del XIX comit\u00e9 de Procuraci\u00f3n de Justicia-, &nbsp;destac\u00f3 la importancia de crear v\u00ednculos de confianza ciudadana -a trav\u00e9s de la Direcci\u00f3n de Prevenci\u00f3n del Delito, Participaci\u00f3n Ciudadana y Servicios a la&nbsp; Comunidad- para establecer mecanismos \u00e1giles, seguros y de acercamiento para que los ciudadanos puedan denunciar y consecuentemente, la FGE de Quintana Roo act\u00fae e investigue conforme a lo que establece la ley.<\/p>\n\n\n\n<p class=\"wp-block-paragraph\">La directora de la Casa de la Mujer Ind\u00edgena, Mar\u00eda del Carmen Yeh Chan, extern\u00f3 su agradecimiento al Fiscal General del Estado y dijo que la constituci\u00f3n del comit\u00e9 significa \u201cun caminar juntos y juntas para lograr que nuestras hermanas mayas sean atendidas en la presentaci\u00f3n de sus denuncias y con ello procurar justicia\u201d.<\/p>\n\n\n\n<p class=\"wp-block-paragraph\">Montes de Oca Rosales entreg\u00f3 nombramientos a las integrantes del Comit\u00e9 de Procuraci\u00f3n de Justicia a la presidenta, la Mtra. Maritza del Carmen Yeh Chan, a Sof\u00eda Marisol Berlin&nbsp; Villafa\u00f1a como secretaria y como vocales Karina Marisol&nbsp; Canch\u00e9 Kauil, Magda Sugey Luna Aguayo y Juana L\u00f3pez Mendoza.<\/p>\n\n\n\n<p class=\"wp-block-paragraph\">SEM\/ag\/sj<\/p>\n","protected":false},"excerpt":{"rendered":"<p> Buscan que las personas quintanarroenses accedan a la justicia<\/p>\n","protected":false},"author":3,"featured_media":33412,"comment_status":"open","ping_status":"open","sticky":false,"template":"","format":"standard","meta":{"_monsterinsights_skip_tracking":false,"footnotes":""},"categories":[692,54],"tags":[],"class_list":["post-33411","post","type-post","status-publish","format-standard","has-post-thumbnail","category-692","category-mujeres"],"_links":{"self":[{"href":"https:\/\/redsemlac.com\/semmexico\/wp-json\/wp\/v2\/posts\/33411","targetHints":{"allow":["GET"]}}],"collection":[{"href":"https:\/\/redsemlac.com\/semmexico\/wp-json\/wp\/v2\/posts"}],"about":[{"href":"https:\/\/redsemlac.com\/semmexico\/wp-json\/wp\/v2\/types\/post"}],"author":[{"embeddable":true,"href":"https:\/\/redsemlac.com\/semmexico\/wp-json\/wp\/v2\/users\/3"}],"replies":[{"embeddable":true,"href":"https:\/\/redsemlac.com\/semmexico\/wp-json\/wp\/v2\/comments?post=33411"}],"version-history":[{"count":0,"href":"https:\/\/redsemlac.com\/semmexico\/wp-json\/wp\/v2\/posts\/33411\/revisions"}],"wp:featuredmedia":[{"embeddable":true,"href":"https:\/\/redsemlac.com\/semmexico\/wp-json\/wp\/v2\/media\/33412"}],"wp:attachment":[{"href":"https:\/\/redsemlac.com\/semmexico\/wp-json\/wp\/v2\/media?parent=33411"}],"wp:term":[{"taxonomy":"category","embeddable":true,"href":"https:\/\/redsemlac.com\/semmexico\/wp-json\/wp\/v2\/categories?post=33411"},{"taxonomy":"post_tag","embeddable":true,"href":"https:\/\/redsemlac.com\/semmexico\/wp-json\/wp\/v2\/tags?post=33411"}],"curies":[{"name":"wp","href":"https:\/\/api.w.org\/{rel}","templated":true}]}}