{"id":33409,"date":"2021-03-20T19:27:51","date_gmt":"2021-03-20T19:27:51","guid":{"rendered":"https:\/\/redsemlac.com\/semmexico\/?p=33409"},"modified":"2023-07-21T16:53:01","modified_gmt":"2023-07-21T21:53:01","slug":"terrorismo-y-muerte-de-mujeres-en-eso-se-convierte-oaxaca","status":"publish","type":"post","link":"https:\/\/redsemlac.com\/semmexico\/terrorismo-y-muerte-de-mujeres-en-eso-se-convierte-oaxaca\/","title":{"rendered":"Terrorismo y muerte de mujeres, en eso se convierte Oaxaca"},"content":{"rendered":"\n<ul class=\"wp-block-list\"><li><strong> Directora jur\u00eddica de Consorcio Oaxaca condena el crimen<\/strong><\/li><\/ul>\n\n\n\n<ul class=\"wp-block-list\"><li><strong>Con este nuevo feminicidio a prueba la efectividad del nuevo fiscal<\/strong><\/li><\/ul>\n\n\n\n<p class=\"wp-block-paragraph\"><strong>Paulina R\u00edos<\/strong><\/p>\n\n\n\n<p class=\"wp-block-paragraph\">SemM\u00e9xico\/P\u00e1gina3, Oaxaca, 20 de marzo, 2021.- Consorcio para el Di\u00e1logo Parlamentario y la Equidad conden\u00f3 la ejecuci\u00f3n de la candidata independiente a la presidencia municipal de Ocotl\u00e1n de Morelos.<\/p>\n\n\n\n<p class=\"wp-block-paragraph\">En entrevista, la integrante de la agrupaci\u00f3n feminista, Y\u00e9sica S\u00e1nchez Maya, sostuvo que el asesinato de Ivonne Gallegos pone de manifiesto que \u201cOaxaca se est\u00e1 volviendo de terrorismo y muerte para todas las mujeres\u201d.<\/p>\n\n\n\n<p class=\"wp-block-paragraph\">El asesinato de Ivonne Gallegos es otro feminicidio m\u00e1s en Oaxaca que fractura una familia y el tejido social.<\/p>\n\n\n\n<p class=\"wp-block-paragraph\">La organizaci\u00f3n feminista conden\u00f3 el crimen y exigi\u00f3 una investigaci\u00f3n pronta y objetiva, que d\u00e9 con los responsables de dicho crimen.<\/p>\n\n\n\n<p class=\"wp-block-paragraph\">Y record\u00f3 que se suma al reci\u00e9n ocurrido de Maricruz, en la regi\u00f3n del Istmo.<\/p>\n\n\n\n<p class=\"wp-block-paragraph\">\u00a1Las mujeres necesitamos garant\u00edas!, insisti\u00f3 categ\u00f3ricamente.<\/p>\n\n\n\n<p class=\"wp-block-paragraph\">S\u00e1nchez Maya advirti\u00f3 que con este feminicidio \u201cvamos a poner a prueba la efectividad del fiscal reci\u00e9n nombrado por el congreso local\u201d.<\/p>\n\n\n\n<p class=\"wp-block-paragraph\">Ivonne Gallegos fue ejecutada la ma\u00f1ana de este s\u00e1bado, a un costado de la carretera federal 175, a la altura de Santo Tom\u00e1s Jalietza.<\/p>\n\n\n\n<p class=\"wp-block-paragraph\">SEM-P\u00e1gina3\/pr<\/p>\n","protected":false},"excerpt":{"rendered":"<p>Con este nuevo feminicidio a prueba la efectividad del nuevo fiscal<\/p>\n","protected":false},"author":3,"featured_media":31706,"comment_status":"open","ping_status":"open","sticky":false,"template":"","format":"standard","meta":{"_monsterinsights_skip_tracking":false,"footnotes":""},"categories":[692,54],"tags":[],"class_list":["post-33409","post","type-post","status-publish","format-standard","has-post-thumbnail","category-692","category-mujeres"],"_links":{"self":[{"href":"https:\/\/redsemlac.com\/semmexico\/wp-json\/wp\/v2\/posts\/33409","targetHints":{"allow":["GET"]}}],"collection":[{"href":"https:\/\/redsemlac.com\/semmexico\/wp-json\/wp\/v2\/posts"}],"about":[{"href":"https:\/\/redsemlac.com\/semmexico\/wp-json\/wp\/v2\/types\/post"}],"author":[{"embeddable":true,"href":"https:\/\/redsemlac.com\/semmexico\/wp-json\/wp\/v2\/users\/3"}],"replies":[{"embeddable":true,"href":"https:\/\/redsemlac.com\/semmexico\/wp-json\/wp\/v2\/comments?post=33409"}],"version-history":[{"count":0,"href":"https:\/\/redsemlac.com\/semmexico\/wp-json\/wp\/v2\/posts\/33409\/revisions"}],"wp:featuredmedia":[{"embeddable":true,"href":"https:\/\/redsemlac.com\/semmexico\/wp-json\/wp\/v2\/media\/31706"}],"wp:attachment":[{"href":"https:\/\/redsemlac.com\/semmexico\/wp-json\/wp\/v2\/media?parent=33409"}],"wp:term":[{"taxonomy":"category","embeddable":true,"href":"https:\/\/redsemlac.com\/semmexico\/wp-json\/wp\/v2\/categories?post=33409"},{"taxonomy":"post_tag","embeddable":true,"href":"https:\/\/redsemlac.com\/semmexico\/wp-json\/wp\/v2\/tags?post=33409"}],"curies":[{"name":"wp","href":"https:\/\/api.w.org\/{rel}","templated":true}]}}