{"id":33406,"date":"2021-03-20T19:24:54","date_gmt":"2021-03-20T19:24:54","guid":{"rendered":"https:\/\/redsemlac.com\/semmexico\/?p=33406"},"modified":"2023-07-21T16:53:01","modified_gmt":"2023-07-21T21:53:01","slug":"asesinan-a-ivonne-carreno-aspirante-a-presidenta-municipal-de-ocotlan-oaxaca","status":"publish","type":"post","link":"https:\/\/redsemlac.com\/semmexico\/asesinan-a-ivonne-carreno-aspirante-a-presidenta-municipal-de-ocotlan-oaxaca\/","title":{"rendered":"Asesinan a Ivonne Carre\u00f1o aspirante a presidenta municipal de Ocotl\u00e1n, Oaxaca"},"content":{"rendered":"\n<ul class=\"wp-block-list\"><li><strong>Fue diputada local en la LXI Legislatura, donde presidi\u00f3 la Comisi\u00f3n de Equidad y G\u00e9nero<\/strong><\/li><\/ul>\n\n\n\n<ul class=\"wp-block-list\"><li><strong>Otra persona result\u00f3 con heridas de gravedad durante el ataque<\/strong><\/li><\/ul>\n\n\n\n<p class=\"wp-block-paragraph\"><strong>Patricia Brise\u00f1o<\/strong><\/p>\n\n\n\n<p class=\"wp-block-paragraph\">SemM\u00e9xico, Oaxaca, 20 de marzo, 2021.- Ivonne Gallegos Carre\u00f1o, aspirante a candidata a presidenta municipal de Ocotl\u00e1n de Morelos, en la regi\u00f3n de Valles Centrales fue asesinada esta ma\u00f1ana por disparos de arma de fuego, sobre la carretera federal 175, en el tramo de Santo Tom\u00e1s Jalieza, a unos 50 minutos al sur de la ciudad de Oaxaca.<\/p>\n\n\n\n<p class=\"wp-block-paragraph\">Ex diputada local del Partido Acci\u00f3n Nacional y aspirante por segunda vez a la presidencia municipal de Ocotl\u00e1n de Morelos, al momento del ataque armado viajaba en su veh\u00edculo acompa\u00f1ada de otra persona quien result\u00f3 con heridas graves, por lo que fue ingresada de inmediato a urgencias m\u00e9dicas<\/p>\n\n\n\n<p class=\"wp-block-paragraph\">De acuerdo con personas cercanas a Gallegos Carre\u00f1o hab\u00eda sufrido amenazas de muerte tras anunciar su pretensi\u00f3n como aspirante a la presidencia municipal.<\/p>\n\n\n\n<p class=\"wp-block-paragraph\">En fecha reciente, Gallegos Carre\u00f1o se desempe\u00f1\u00f3 como coordinadora de Identidades Culturales y Desarrollo de Capacidades de la Secretar\u00eda de Pueblos Ind\u00edgenas y Afromexicano (SEPIA), sin embargo, dej\u00f3 el cargo a partir de su aspiraci\u00f3n de encabezar la alcald\u00eda de su comunidad de origen.<\/p>\n\n\n\n<p class=\"wp-block-paragraph\">De acuerdo con documentos compartidos a este medio informativo por la dirigencia estatal del PAN, Gallegos Carre\u00f1o contaba con el respaldo de este instituto pol\u00edtico para encabezar la planilla a la alcald\u00eda.<\/p>\n\n\n\n<p class=\"wp-block-paragraph\">Fue legisladora en la 61 legislatura del Congreso del Estado, en 2010, ocup\u00f3 la curul que dej\u00f3 el vacante, Manuel Ben\u00edtez Manzanares, quien fue secuestrado, y despu\u00e9s asesinado.<\/p>\n\n\n\n<p class=\"wp-block-paragraph\">Como diputada local presidi\u00f3 la Comisi\u00f3n de Equidad y G\u00e9nero, tiempo en el que en Oaxaca fue aprobado el delito de feminicidio.<\/p>\n\n\n\n<p class=\"wp-block-paragraph\">Ivonne Gallegos Carre\u00f1o era odont\u00f3loga de profesi\u00f3n y ten\u00eda una maestr\u00eda en Salud P\u00fablica. Su esposo Jos\u00e9 Luis M\u00e9ndez tambi\u00e9n fue asesinado en marzo de 2015 en el mismo municipio.<\/p>\n\n\n\n<p class=\"wp-block-paragraph\">Tras su trabajo como legisladora realiz\u00f3 diversas actividades en la administraci\u00f3n p\u00fablica durante el gobierno de Gabino Cu\u00e9 Monteagudo, como directora del Instituto de Capacitaci\u00f3n y Productividad para el Trabajo, marzo de 2014 y hasta abril de 2015 fue encargada del Despacho de la Secretar\u00eda del Trabajo. En agosto 2017 a marzo de 2018 fue encargada asesora de la Fiscal\u00eda General del Estado.<\/p>\n\n\n\n<p class=\"wp-block-paragraph\">Cabe se\u00f1alar que Ivonne Carre\u00f1o Gallegos, quien renunciara a su cargo en el Secretar\u00eda de Pueblos Ind\u00edgenas y Afromexicano, es la segunda trabajadora asesinada adem\u00e1s en tiempos electorales. Recordemos que en el proceso electoral 2018 fue asesinada Mar\u00eda del Sol Cruz Jarqu\u00edn, cuyo feminicidio sigue en la impunidad.<\/p>\n\n\n\n<p class=\"wp-block-paragraph\">SEM\/pb\/sj<\/p>\n","protected":false},"excerpt":{"rendered":"<p>Fue diputada local en la LXI Legislatura, donde presidi\u00f3 la Comisi\u00f3n de Equidad y G\u00e9nero<\/p>\n","protected":false},"author":3,"featured_media":33407,"comment_status":"open","ping_status":"open","sticky":false,"template":"","format":"standard","meta":{"_monsterinsights_skip_tracking":false,"footnotes":""},"categories":[692,141],"tags":[],"class_list":["post-33406","post","type-post","status-publish","format-standard","has-post-thumbnail","category-692","category-elecciones-2020-2021"],"_links":{"self":[{"href":"https:\/\/redsemlac.com\/semmexico\/wp-json\/wp\/v2\/posts\/33406","targetHints":{"allow":["GET"]}}],"collection":[{"href":"https:\/\/redsemlac.com\/semmexico\/wp-json\/wp\/v2\/posts"}],"about":[{"href":"https:\/\/redsemlac.com\/semmexico\/wp-json\/wp\/v2\/types\/post"}],"author":[{"embeddable":true,"href":"https:\/\/redsemlac.com\/semmexico\/wp-json\/wp\/v2\/users\/3"}],"replies":[{"embeddable":true,"href":"https:\/\/redsemlac.com\/semmexico\/wp-json\/wp\/v2\/comments?post=33406"}],"version-history":[{"count":0,"href":"https:\/\/redsemlac.com\/semmexico\/wp-json\/wp\/v2\/posts\/33406\/revisions"}],"wp:featuredmedia":[{"embeddable":true,"href":"https:\/\/redsemlac.com\/semmexico\/wp-json\/wp\/v2\/media\/33407"}],"wp:attachment":[{"href":"https:\/\/redsemlac.com\/semmexico\/wp-json\/wp\/v2\/media?parent=33406"}],"wp:term":[{"taxonomy":"category","embeddable":true,"href":"https:\/\/redsemlac.com\/semmexico\/wp-json\/wp\/v2\/categories?post=33406"},{"taxonomy":"post_tag","embeddable":true,"href":"https:\/\/redsemlac.com\/semmexico\/wp-json\/wp\/v2\/tags?post=33406"}],"curies":[{"name":"wp","href":"https:\/\/api.w.org\/{rel}","templated":true}]}}