{"id":33397,"date":"2021-03-19T19:46:29","date_gmt":"2021-03-19T19:46:29","guid":{"rendered":"https:\/\/redsemlac.com\/semmexico\/?p=33397"},"modified":"2023-07-21T16:53:01","modified_gmt":"2023-07-21T21:53:01","slug":"prioritario-atender-la-pandemia-en-la-sombra-la-violencia-contra-las-mujeres-pidio-maria-noel-vaeza-de-onu-mujeres","status":"publish","type":"post","link":"https:\/\/redsemlac.com\/semmexico\/prioritario-atender-la-pandemia-en-la-sombra-la-violencia-contra-las-mujeres-pidio-maria-noel-vaeza-de-onu-mujeres\/","title":{"rendered":"Prioritario atender la \u201cpandemia en la sombra\u201d la violencia contra las mujeres pidi\u00f3 Mar\u00eda Noel Vaeza de ONU MUJERES"},"content":{"rendered":"\n<p class=\"wp-block-paragraph\"><strong>La voz de las mujeres, un tango que apenas empieza<\/strong><\/p>\n\n\n\n<p class=\"wp-block-paragraph\"><strong>126 millones de mujeres en la informalidad y 12 millones de trabajadoras dom\u00e9sticas remuneradas en AL<\/strong><\/p>\n\n\n\n<p class=\"wp-block-paragraph\">Elda Montiel&nbsp;<\/p>\n\n\n\n<p class=\"wp-block-paragraph\">SemM\u00e9xico. Cd. de M\u00e9xico. 19 de marzo 2021.- Mar\u00eda Noel Vaeza pidi\u00f3 a todos los gobiernos de la regi\u00f3n de Am\u00e9rica Latina, como primera medida, atender \u201cla pandemia en la sombra\u201d la violencia contra las mujeres. \u201cNo podemos seguir viendo como mueren las mujeres solo por el hecho de ser mujeres\u201d.<\/p>\n\n\n\n<p class=\"wp-block-paragraph\">Exigi\u00f3 a los gobiernos ponerle presupuesto y emprender acciones concretas para erradicar la violencia que sufren las mujeres desde que son ni\u00f1as hasta ser mayores y que son agredidas desde que salen de casa, en todos los espacios hasta en los ciberespacios.&nbsp;<\/p>\n\n\n\n<p class=\"wp-block-paragraph\">La directora regional para las Am\u00e9ricas y el Caribe de ONU Mujeres, expres\u00f3 que \u201cla voz de las mujeres es un tango que apenas empieza\u201d al referirse a la reuni\u00f3n en M\u00e9xico del Foro Generaci\u00f3n Igualdad 2021 a realizarse los d\u00edas 29 y 30 de marzo, y advirti\u00f3 que \u201csi no ponemos el foco en las mujeres no salimos de esta crisis\u201d.<\/p>\n\n\n\n<p class=\"wp-block-paragraph\">En su intervenci\u00f3n en la reuni\u00f3n virtual de \u201cMinistras de la Mujer liderando la reactivaci\u00f3n econ\u00f3mica en tiempos de covid 19\u201d, el pasado 16 de marzo en el marco de la 65 Cesi\u00f3n de la Comisi\u00f3n Jur\u00eddica y Social de la Mujer (CSW), que se lleva a cabo del 15 al 26 de marzo.&nbsp;&nbsp;&nbsp;&nbsp;<\/p>\n\n\n\n<p class=\"wp-block-paragraph\">Refiri\u00f3 que en el seguimiento que hicieron desde el observatorio de la CEPAL y ONUMUJERES durante el 2020 vieron que las medidas macroecon\u00f3micas que fueron&nbsp;&nbsp;&nbsp;tomando los pa\u00edses como las transferencias econ\u00f3micas, las beneficiarias eran las mujeres, pero no por un enfoque de g\u00e9nero, sino por casualidad, porque las mujeres estaban ah\u00ed en los niveles m\u00e1s bajos, la feminizaci\u00f3n de la pobreza, eran las beneficiarias de las transferencias econ\u00f3micas.&nbsp;<\/p>\n\n\n\n<p class=\"wp-block-paragraph\">Hay que felicitar, dijo, a los gobiernos por estas medidas porque el aumento en la pobreza y en la pobreza extrema hubiera sido mayor sin estas intervenciones, y aumentado la feminizaci\u00f3n de la pobreza.&nbsp;<\/p>\n\n\n\n<p class=\"wp-block-paragraph\"><strong>126 millones de mujeres en la informalidad&nbsp;<\/strong><\/p>\n\n\n\n<p class=\"wp-block-paragraph\">Record\u00f3 que son 126 millones de mujeres que trabajan en la informalidad por lo que hay que reforzar la obtenci\u00f3n del trabajo formal de las mujeres, que es muy importante.&nbsp;<\/p>\n\n\n\n<p class=\"wp-block-paragraph\">Las m\u00e1s afectadas durante la pandemia fueron las trabajadoras dom\u00e9sticas remuneradas, 12 millones en la regi\u00f3n, las m\u00e1s vulnerables porque generalmente son afrodescendientes, ind\u00edgenas, varios pa\u00edses ya han ratificado el Convenio 189 de la OIT al respecto, pero hay pa\u00edses que no han actualizado los c\u00f3digos laborales para darles una cobertura de protecci\u00f3n contractual para que los ministerios del Trabajo las protejan.&nbsp;<\/p>\n\n\n\n<p class=\"wp-block-paragraph\">Las mujeres cuentapropistas, las que trabajan por cuenta propia, que de acuerdo a los reg\u00edmenes tributarios son plausibles de impuestos, pero est\u00e1n en medio del trabajo informal y formal, tambi\u00e9n hay que protegerlas.<\/p>\n\n\n\n<p class=\"wp-block-paragraph\">Las mujeres migrantes en la regi\u00f3n tambi\u00e9n son vulnerables, son 20 pa\u00edses como M\u00e9xico, Centroam\u00e9rica, y Venezuela que tienen este problema, que adem\u00e1s est\u00e1n expuestas al flagelo de la trata de personas, y expres\u00f3 su confianza que estas mujeres sean vacunadas contra el COVID.&nbsp;<\/p>\n\n\n\n<p class=\"wp-block-paragraph\">Pero el sector donde hay m\u00e1s discriminaci\u00f3n hacia la mujer e impide su participaci\u00f3n en la econom\u00eda es el sector financiero, donde hay mayor desigualdad y discriminaci\u00f3n de la mujer desde que abre una cuenta y que de los microcr\u00e9ditos no pasa.&nbsp;&nbsp;<\/p>\n\n\n\n<p class=\"wp-block-paragraph\">Hay que crear una iniciativa de emprendimiento con enfoque de g\u00e9nero porque hay que apoyar a todas las mujeres transformadoras.&nbsp;&nbsp;<\/p>\n\n\n\n<p class=\"wp-block-paragraph\">Se refiri\u00f3 al sistema de cuidados como la principal barrera que impide a las mujeres salir a trabajar que visibilizo la pandemia.&nbsp;<\/p>\n\n\n\n<p class=\"wp-block-paragraph\"><strong>Brecha tecnol\u00f3gica<\/strong><\/p>\n\n\n\n<p class=\"wp-block-paragraph\">Demand\u00f3 eliminar la brecha tecnol\u00f3gica para que las mujeres no sean desplazadas a la informalidad, crear trabajos decentes en el \u00e1rea tecnol\u00f3gica y hablar con las empresas.\u00a0<\/p>\n\n\n\n<p class=\"wp-block-paragraph\">Felicit\u00f3 la propuesta de CEPAL, OIT y ONUMUJERES\u00a0\u00a0de la creaci\u00f3n de la canasta b\u00e1sica digital, compuesta por un tel\u00e9fono m\u00f3vil, una Tablet y facilidades para comprar datos,\u00a0\u00a0para mujeres sin acceso a la tecnolog\u00eda, propuesta a la que ya se est\u00e1n sumando Uruguay, Costa Rica, y Panam\u00e1.\u00a0<\/p>\n\n\n\n<p class=\"wp-block-paragraph\">El 75 por ciento de los trabajos est\u00e1n relacionados con las carreras de Ciencias, Tecnolog\u00eda, Ingenier\u00eda y Matem\u00e1ticas, las llamadas STEM por sus siglas en ingl\u00e9s, donde hay una desproporci\u00f3n entre mujeres y hombres. Por lo que planteo que las mujeres se preparen para participar en el sector tecnol\u00f3gico.&nbsp;<\/p>\n\n\n\n<p class=\"wp-block-paragraph\">Se refiri\u00f3 a los expresado por Alicia B\u00e1rcena, la Secretaria Ejecutiva de la CEPAL en el sentido de que la pandemia visibiliz\u00f3 la brecha digital de m\u00e1s de 40 millones de hogares que no est\u00e1n conectados a internet.&nbsp;<\/p>\n\n\n\n<p class=\"wp-block-paragraph\">La posibilidad de trabajar de las mujeres es mayor que la de los hombres, pero la falta de conectividad no les permite hacerlo, acot\u00f3.&nbsp;<\/p>\n\n\n\n<p class=\"wp-block-paragraph\">Noel Vaeza, llam\u00f3 a los gobiernos a pensar en la mujer, en la diversidad de las mujeres porque enfatiz\u00f3 \u201cno todas las mujeres son iguales\u201d, las afrodescendientes, las ind\u00edgenas, las discapacitadas, las mujeres con orientaci\u00f3n sexual distinta que sufren discriminaciones cruzadas, dejar de silenciarlas de las pol\u00edticas p\u00fablicas que las pueden beneficiar.&nbsp;<\/p>\n","protected":false},"excerpt":{"rendered":"<p>La voz de las mujeres, un tango que apenas empieza 126 millones de mujeres en la informalidad y 12 millones de trabajadoras dom\u00e9sticas remuneradas en AL Elda Montiel&nbsp; SemM\u00e9xico. Cd. de M\u00e9xico. 19 de marzo 2021.- Mar\u00eda Noel Vaeza pidi\u00f3 a todos los gobiernos de la regi\u00f3n de Am\u00e9rica Latina, como primera medida, atender \u201cla [&hellip;]<\/p>\n","protected":false},"author":3,"featured_media":33398,"comment_status":"open","ping_status":"open","sticky":false,"template":"","format":"standard","meta":{"_monsterinsights_skip_tracking":false,"footnotes":""},"categories":[692,135],"tags":[],"class_list":["post-33397","post","type-post","status-publish","format-standard","has-post-thumbnail","category-692","category-emergencia-sanitaria-covid-19"],"_links":{"self":[{"href":"https:\/\/redsemlac.com\/semmexico\/wp-json\/wp\/v2\/posts\/33397","targetHints":{"allow":["GET"]}}],"collection":[{"href":"https:\/\/redsemlac.com\/semmexico\/wp-json\/wp\/v2\/posts"}],"about":[{"href":"https:\/\/redsemlac.com\/semmexico\/wp-json\/wp\/v2\/types\/post"}],"author":[{"embeddable":true,"href":"https:\/\/redsemlac.com\/semmexico\/wp-json\/wp\/v2\/users\/3"}],"replies":[{"embeddable":true,"href":"https:\/\/redsemlac.com\/semmexico\/wp-json\/wp\/v2\/comments?post=33397"}],"version-history":[{"count":0,"href":"https:\/\/redsemlac.com\/semmexico\/wp-json\/wp\/v2\/posts\/33397\/revisions"}],"wp:featuredmedia":[{"embeddable":true,"href":"https:\/\/redsemlac.com\/semmexico\/wp-json\/wp\/v2\/media\/33398"}],"wp:attachment":[{"href":"https:\/\/redsemlac.com\/semmexico\/wp-json\/wp\/v2\/media?parent=33397"}],"wp:term":[{"taxonomy":"category","embeddable":true,"href":"https:\/\/redsemlac.com\/semmexico\/wp-json\/wp\/v2\/categories?post=33397"},{"taxonomy":"post_tag","embeddable":true,"href":"https:\/\/redsemlac.com\/semmexico\/wp-json\/wp\/v2\/tags?post=33397"}],"curies":[{"name":"wp","href":"https:\/\/api.w.org\/{rel}","templated":true}]}}