{"id":33379,"date":"2021-03-19T16:47:43","date_gmt":"2021-03-19T16:47:43","guid":{"rendered":"https:\/\/redsemlac.com\/semmexico\/?p=33379"},"modified":"2023-07-21T16:53:01","modified_gmt":"2023-07-21T21:53:01","slug":"por-delito-electoral-denunciaran-a-adela-roman-ruth-zavaleta","status":"publish","type":"post","link":"https:\/\/redsemlac.com\/semmexico\/por-delito-electoral-denunciaran-a-adela-roman-ruth-zavaleta\/","title":{"rendered":"Por delito electoral denunciar\u00e1n a Adela Rom\u00e1n: Ruth Zavaleta"},"content":{"rendered":"\n<p class=\"wp-block-paragraph\">Por Agencia CEPROVYSA.COM<\/p>\n\n\n\n<p class=\"wp-block-paragraph\">Chilpancingo, Guerrero. Marzo 19-2021.- La Alcaldesa Adela Rom\u00e1n Ocampo \u201cdebe ser destituida inmediatamente por cometer delito electoral al hacer uso de los recursos p\u00fablicos que son las vacunas\u201d.<\/p>\n\n\n\n<p class=\"wp-block-paragraph\">As\u00ed se manifest\u00f3 Ruth Zavaleta Salgado, Candidata a la gubernatura de Guerrero por Movimiento Ciudadano y agreg\u00f3 que la denuncia ante FEPADE \u201cser\u00e1 como partido y se denunciar\u00e1 a todos aquellos que est\u00e9n cometiendo delito electoral\u201d.<\/p>\n\n\n\n<p class=\"wp-block-paragraph\">En Conferencia de prensa, acompa\u00f1ada del Dirigente Estatal de MC, Adri\u00e1n Wences, la Candidata dijo que la denuncia contra Adela Rom\u00e1n Ocampo es por realizar actividades de proselitismo en centros de vacunacion contra el COVID 19.<\/p>\n","protected":false},"excerpt":{"rendered":"<p>Por Agencia CEPROVYSA.COM Chilpancingo, Guerrero. Marzo 19-2021.- La Alcaldesa Adela Rom\u00e1n Ocampo \u201cdebe ser destituida inmediatamente por cometer delito electoral al hacer uso de los recursos p\u00fablicos que son las vacunas\u201d. As\u00ed se manifest\u00f3 Ruth Zavaleta Salgado, Candidata a la gubernatura de Guerrero por Movimiento Ciudadano y agreg\u00f3 que la denuncia ante FEPADE \u201cser\u00e1 como [&hellip;]<\/p>\n","protected":false},"author":3,"featured_media":33380,"comment_status":"open","ping_status":"open","sticky":false,"template":"","format":"standard","meta":{"_monsterinsights_skip_tracking":false,"footnotes":""},"categories":[692,141],"tags":[],"class_list":["post-33379","post","type-post","status-publish","format-standard","has-post-thumbnail","category-692","category-elecciones-2020-2021"],"_links":{"self":[{"href":"https:\/\/redsemlac.com\/semmexico\/wp-json\/wp\/v2\/posts\/33379","targetHints":{"allow":["GET"]}}],"collection":[{"href":"https:\/\/redsemlac.com\/semmexico\/wp-json\/wp\/v2\/posts"}],"about":[{"href":"https:\/\/redsemlac.com\/semmexico\/wp-json\/wp\/v2\/types\/post"}],"author":[{"embeddable":true,"href":"https:\/\/redsemlac.com\/semmexico\/wp-json\/wp\/v2\/users\/3"}],"replies":[{"embeddable":true,"href":"https:\/\/redsemlac.com\/semmexico\/wp-json\/wp\/v2\/comments?post=33379"}],"version-history":[{"count":0,"href":"https:\/\/redsemlac.com\/semmexico\/wp-json\/wp\/v2\/posts\/33379\/revisions"}],"wp:featuredmedia":[{"embeddable":true,"href":"https:\/\/redsemlac.com\/semmexico\/wp-json\/wp\/v2\/media\/33380"}],"wp:attachment":[{"href":"https:\/\/redsemlac.com\/semmexico\/wp-json\/wp\/v2\/media?parent=33379"}],"wp:term":[{"taxonomy":"category","embeddable":true,"href":"https:\/\/redsemlac.com\/semmexico\/wp-json\/wp\/v2\/categories?post=33379"},{"taxonomy":"post_tag","embeddable":true,"href":"https:\/\/redsemlac.com\/semmexico\/wp-json\/wp\/v2\/tags?post=33379"}],"curies":[{"name":"wp","href":"https:\/\/api.w.org\/{rel}","templated":true}]}}