{"id":33377,"date":"2021-03-19T02:00:17","date_gmt":"2021-03-19T02:00:17","guid":{"rendered":"https:\/\/redsemlac.com\/semmexico\/?p=33377"},"modified":"2023-07-21T16:53:02","modified_gmt":"2023-07-21T21:53:02","slug":"ahora-exhibir-a-los-funcionarios","status":"publish","type":"post","link":"https:\/\/redsemlac.com\/semmexico\/ahora-exhibir-a-los-funcionarios\/","title":{"rendered":"Ahora\u2026.!Exhibir a los Funcionarios!"},"content":{"rendered":"\n<p class=\"wp-block-paragraph\">*Natalia Vidales de Bitterlin<\/p>\n\n\n\n<p class=\"wp-block-paragraph\">SemM\u00e9xico. Sonora. 18 de marzo de 2021.- De veras que quisi\u00e9ramos no criticar al presidente un d\u00eda s\u00ed y otro tambi\u00e9n. Pero no hay manera de\u00a0\u00a0evitarlo porque cada ma\u00f1anera nos sorprende con una nueva aberraci\u00f3n.\u00a0<\/p>\n\n\n\n<p class=\"wp-block-paragraph\">No terminamos de asombrarnos por la descalificaci\u00f3n que hizo, por ejemplo,&nbsp;&nbsp;del Auditor Superior de la Federaci\u00f3n \u2013muy molesto&nbsp;&nbsp;porque las cuentas de su gobierno&nbsp;&nbsp;no salieron como \u00e9l quer\u00eda-&nbsp;&nbsp;y de los jueces que le pusieron el alto en su reforma energ\u00e9tica inconstitucional, cuando ahora anuncia que presentar\u00e1 una iniciativa para hacer p\u00fablicos los expedientes&nbsp;&nbsp;de corrupci\u00f3n&nbsp;&nbsp;sobre los funcionarios p\u00fablicos, en vez guardar la reserva al menos hasta que la investigaci\u00f3n se consigne a un juez.&nbsp;&nbsp;&nbsp;<\/p>\n\n\n\n<p class=\"wp-block-paragraph\">As\u00ed, tal como lo lee, estimado lector. Pretende eso \u00a8Para que no haya secreto, para que no se guarden los expedientes cuando se trata de servidores p\u00fablicos que cometan actos de corrupci\u00f3n\u00a8.<\/p>\n\n\n\n<p class=\"wp-block-paragraph\">Olvida el presidente, o ignora con toda intenci\u00f3n, que, conforme a los derechos humanos que prev\u00e9 la Constituci\u00f3n en M\u00e9xico, as\u00ed como todos los pa\u00edses civilizados del mundo,&nbsp;&nbsp;las personas son inocentes\u2026hasta que se demuestre lo contrario.&nbsp;&nbsp;&nbsp;Es un principio legal que se llama \u00a8presunci\u00f3n de inocencia\u00a8 y cualquier&nbsp;&nbsp;estudiante&nbsp;&nbsp;de derecho&nbsp;&nbsp;lo sabe.<\/p>\n\n\n\n<p class=\"wp-block-paragraph\">\u00bfPor qu\u00e9&nbsp;&nbsp;pretende entonces AMLO&nbsp;&nbsp;crucificar, se\u00f1alar, desprestigiar a quien est\u00e9 apenas&nbsp;&nbsp;siendo investigado por un delito sin comprobar; por una acusaci\u00f3n todav\u00eda sin mayor sustento o incluso falsa, fabricada o malintencionada? La investigaci\u00f3n es eso: la b\u00fasqueda de informaci\u00f3n y pruebas que pudieran&nbsp;&nbsp;llevar a que el acusado sea culpable o inocente.&nbsp;&nbsp;<\/p>\n\n\n\n<p class=\"wp-block-paragraph\">Por otra parte la intenci\u00f3n del Presidente violar\u00eda&nbsp;&nbsp;la garant\u00eda individual al&nbsp;&nbsp;debido proceso del indiciado&nbsp;&nbsp;y, contraproducentemente,&nbsp;&nbsp;una acusaci\u00f3n posterior bien sustentada ser\u00eda anulada por un juez revisor; pero adem\u00e1s, va en contra del sigilo que toda averiguaci\u00f3n previa requiere para evitar que el se\u00f1alado se sustraiga a la acci\u00f3n de la justicia.&nbsp;&nbsp;<\/p>\n\n\n\n<p class=\"wp-block-paragraph\">El presidente, como un juez arbitrario , pretende dar&nbsp;&nbsp;por hecho que un acusado es culpable&nbsp;&nbsp;&nbsp;conden\u00e1ndolo&nbsp;&nbsp;p\u00fablicamente sin un juicio previo, sin derecho a defensa, sin presunci\u00f3n de inocencia. O sea \u2013como suele decirse coloquialmente&#8211;&nbsp;&nbsp;\u201cpor sus pistolas\u201d, como en aquella pel\u00edcula de Cantinflas.&nbsp;<\/p>\n\n\n\n<p class=\"wp-block-paragraph\">Protestamos en\u00e9rgicamente por este nuevo atropello que pretende realizar y por el peligro que ello encerrar\u00eda, no solo para los funcionarios p\u00fablicos, como ocurri\u00f3 con el titular de la Auditor\u00eda de la Federaci\u00f3n y con los jueces se\u00f1alados, sino enseguida&nbsp;&nbsp;para cualquier cr\u00edtico, oponente o enemigo del presidente que, de inicio y aunque posteriormente se pruebe su inocencia, ser\u00eda manchado en su honra y credibilidad.&nbsp;&nbsp;<\/p>\n\n\n\n<p class=\"wp-block-paragraph\">Se trata de otro absurdo y disparate&nbsp;&nbsp;esta&nbsp;&nbsp;propuesta populistas,&nbsp;&nbsp;donde lo que busca es crear pol\u00e9mica y divisi\u00f3n. Y, desde luego, entretenimiento&nbsp;&nbsp;y circo para distraer al pueblo de las verdaderas necesidades y graves apuros por los que M\u00e9xico est\u00e1 pasando en materia de salud&nbsp;&nbsp;con apenas el 3% de la poblaci\u00f3n vacunada) y econ\u00f3mica ( con la falta de apoyo a quienes se quedaron sin ingresos por la Pandemia) y con aumentos en la gasolina, el gas y la luz que se asegur\u00f3 no aumentar\u00edan y que est\u00e1n disparando la inflaci\u00f3n, m\u00e1s conocido como el impuesto a los pobres m\u00e1s caro del mundo.&nbsp;&nbsp;&nbsp;<\/p>\n\n\n\n<p class=\"wp-block-paragraph\">No salimos de una cuando ya estamos en otra.&nbsp;<\/p>\n\n\n\n<p class=\"wp-block-paragraph\"><strong>*Periodista desde hace mas de 30 a\u00f1os. Directora de la revista de an\u00e1lisis pol\u00edtico MujeryPoder.\u00a0<\/strong><a href=\"http:\/\/www.mujerypoder.com.mx\/\"><strong>www.mujerypoder.com.mx<\/strong><\/a><strong>. <\/strong><\/p>\n","protected":false},"excerpt":{"rendered":"<p>*Natalia Vidales de Bitterlin SemM\u00e9xico. Sonora. 18 de marzo de 2021.- De veras que quisi\u00e9ramos no criticar al presidente un d\u00eda s\u00ed y otro tambi\u00e9n. Pero no hay manera de\u00a0\u00a0evitarlo porque cada ma\u00f1anera nos sorprende con una nueva aberraci\u00f3n.\u00a0 No terminamos de asombrarnos por la descalificaci\u00f3n que hizo, por ejemplo,&nbsp;&nbsp;del Auditor Superior de la Federaci\u00f3n [&hellip;]<\/p>\n","protected":false},"author":3,"featured_media":29883,"comment_status":"open","ping_status":"open","sticky":false,"template":"","format":"standard","meta":{"_monsterinsights_skip_tracking":false,"footnotes":""},"categories":[692,100,72,35],"tags":[],"class_list":["post-33377","post","type-post","status-publish","format-standard","has-post-thumbnail","category-692","category-mujer-y-poder","category-natalia-vidales","category-opinion"],"_links":{"self":[{"href":"https:\/\/redsemlac.com\/semmexico\/wp-json\/wp\/v2\/posts\/33377","targetHints":{"allow":["GET"]}}],"collection":[{"href":"https:\/\/redsemlac.com\/semmexico\/wp-json\/wp\/v2\/posts"}],"about":[{"href":"https:\/\/redsemlac.com\/semmexico\/wp-json\/wp\/v2\/types\/post"}],"author":[{"embeddable":true,"href":"https:\/\/redsemlac.com\/semmexico\/wp-json\/wp\/v2\/users\/3"}],"replies":[{"embeddable":true,"href":"https:\/\/redsemlac.com\/semmexico\/wp-json\/wp\/v2\/comments?post=33377"}],"version-history":[{"count":0,"href":"https:\/\/redsemlac.com\/semmexico\/wp-json\/wp\/v2\/posts\/33377\/revisions"}],"wp:featuredmedia":[{"embeddable":true,"href":"https:\/\/redsemlac.com\/semmexico\/wp-json\/wp\/v2\/media\/29883"}],"wp:attachment":[{"href":"https:\/\/redsemlac.com\/semmexico\/wp-json\/wp\/v2\/media?parent=33377"}],"wp:term":[{"taxonomy":"category","embeddable":true,"href":"https:\/\/redsemlac.com\/semmexico\/wp-json\/wp\/v2\/categories?post=33377"},{"taxonomy":"post_tag","embeddable":true,"href":"https:\/\/redsemlac.com\/semmexico\/wp-json\/wp\/v2\/tags?post=33377"}],"curies":[{"name":"wp","href":"https:\/\/api.w.org\/{rel}","templated":true}]}}