{"id":33365,"date":"2021-03-18T22:05:17","date_gmt":"2021-03-18T22:05:17","guid":{"rendered":"https:\/\/redsemlac.com\/semmexico\/?p=33365"},"modified":"2023-07-21T16:53:02","modified_gmt":"2023-07-21T21:53:02","slug":"detras-del-boicot-a-campana-de-salgado-esta-el-gobernador-de-guerrero-morena","status":"publish","type":"post","link":"https:\/\/redsemlac.com\/semmexico\/detras-del-boicot-a-campana-de-salgado-esta-el-gobernador-de-guerrero-morena\/","title":{"rendered":"Detr\u00e1s del \u201cboicot\u201d a campa\u00f1a de Salgado, est\u00e1 el gobernador de Guerrero: Morena"},"content":{"rendered":"\n<p class=\"wp-block-paragraph\">* Suspende hoy acto de campa\u00f1a en Teloloapan, ayer fue Taxco<\/p>\n\n\n\n<p class=\"wp-block-paragraph\">* Tambi\u00e9n acusa al municipe y al candidato del PRI-PRD<\/p>\n\n\n\n<p class=\"wp-block-paragraph\">Josefina Aguilar Pastor&nbsp;&nbsp;<\/p>\n\n\n\n<p class=\"wp-block-paragraph\">SemM\u00e9xico, Chilpancingo, Gro., 18 de marzo, 2021.- Morena busca responsabilizar a autoridades estatales y municipales, as\u00ed como al candidato del PRI-PRD- Mario Moreno Arcos, de estar detr\u00e1s de supuestos boicots de parte de feministas en contra de su candidato, F\u00e9lix Salgado Macedonio.<\/p>\n\n\n\n<p class=\"wp-block-paragraph\">Luego de que este mi\u00e9rcoles, F\u00e9lix Salgado Macedonio, acusado de por lo menos cinco presuntos delitos de violencia sexual, anunci\u00f3 que por falta de condiciones de seguridad, cancelar\u00eda su evento proselitista en Taxco, donde seg\u00fan Morena, habr\u00eda grupos de feministas apostados desde la entrada, este jueves anunci\u00f3 un posible boicot, ahora en el municipio de Teloloapan.&nbsp;&nbsp;<\/p>\n\n\n\n<p class=\"wp-block-paragraph\">El comit\u00e9 Ejecutivo Municipal de Morena en Teloloapan, municipio de la regi\u00f3n de Tierra Caliente, emiti\u00f3 este comunicado en el que responsabiliza al gobernador H\u00e9ctor Astudillo Flores; al presidente municipal, Efr\u00e9n \u00c1ngel Romero Sotelo; al candidato de la coalici\u00f3n PRI-PRD, Mario Morena Arcos, as\u00ed como a su esposa,&nbsp;&nbsp;de lo que pudiera ocurren en la visita de Salgado Macedonio programada para este jueves.<\/p>\n\n\n\n<p class=\"wp-block-paragraph\">Seg\u00fan Morena, aseguran que dichos actores pol\u00edticos, \u201cest\u00e1n incitando a realizar actos de desestabilizaci\u00f3n social y pol\u00edtica en vuestro municipio mediante supuestos grupos de feministas\u201d.<\/p>\n\n\n\n<p class=\"wp-block-paragraph\">Sin embargo, el evento programado por Salgado Macedonio se llev\u00f3 a cabo sin mayores contratiempo, por lo que los pronunciamientos de Morena, fueron calificados como una estrategia para genera una estela de propaganda a favor de su candidato, generar m\u00e1s simpat\u00edas al colocarlo como v\u00edctima de ataques de sus contrincantes, cuando no es as\u00ed.<\/p>\n\n\n\n<p class=\"wp-block-paragraph\">SEM\/jap\/sj<\/p>\n\n\n\n<figure class=\"wp-block-image size-large\"><a href=\"https:\/\/redsemlac.com\/semmexico\/wp-content\/uploads\/2021\/03\/798a8908-e5a4-4268-b860-ce949d149696.jpg\"><img decoding=\"async\" src=\"https:\/\/redsemlac.com\/semmexico\/wp-content\/uploads\/2021\/03\/798a8908-e5a4-4268-b860-ce949d149696-920x1024.jpg\" alt=\"\" class=\"wp-image-33368\"\/><\/a><\/figure>\n","protected":false},"excerpt":{"rendered":"<p>* Suspende hoy acto de campa\u00f1a en Teloloapan, ayer fue Taxco * Tambi\u00e9n acusa al municipe y al candidato del PRI-PRD Josefina Aguilar Pastor&nbsp;&nbsp; SemM\u00e9xico, Chilpancingo, Gro., 18 de marzo, 2021.- Morena busca responsabilizar a autoridades estatales y municipales, as\u00ed como al candidato del PRI-PRD- Mario Moreno Arcos, de estar detr\u00e1s de supuestos boicots de [&hellip;]<\/p>\n","protected":false},"author":3,"featured_media":33366,"comment_status":"open","ping_status":"open","sticky":false,"template":"","format":"standard","meta":{"_monsterinsights_skip_tracking":false,"footnotes":""},"categories":[692,141],"tags":[],"class_list":["post-33365","post","type-post","status-publish","format-standard","has-post-thumbnail","category-692","category-elecciones-2020-2021"],"_links":{"self":[{"href":"https:\/\/redsemlac.com\/semmexico\/wp-json\/wp\/v2\/posts\/33365","targetHints":{"allow":["GET"]}}],"collection":[{"href":"https:\/\/redsemlac.com\/semmexico\/wp-json\/wp\/v2\/posts"}],"about":[{"href":"https:\/\/redsemlac.com\/semmexico\/wp-json\/wp\/v2\/types\/post"}],"author":[{"embeddable":true,"href":"https:\/\/redsemlac.com\/semmexico\/wp-json\/wp\/v2\/users\/3"}],"replies":[{"embeddable":true,"href":"https:\/\/redsemlac.com\/semmexico\/wp-json\/wp\/v2\/comments?post=33365"}],"version-history":[{"count":0,"href":"https:\/\/redsemlac.com\/semmexico\/wp-json\/wp\/v2\/posts\/33365\/revisions"}],"wp:featuredmedia":[{"embeddable":true,"href":"https:\/\/redsemlac.com\/semmexico\/wp-json\/wp\/v2\/media\/33366"}],"wp:attachment":[{"href":"https:\/\/redsemlac.com\/semmexico\/wp-json\/wp\/v2\/media?parent=33365"}],"wp:term":[{"taxonomy":"category","embeddable":true,"href":"https:\/\/redsemlac.com\/semmexico\/wp-json\/wp\/v2\/categories?post=33365"},{"taxonomy":"post_tag","embeddable":true,"href":"https:\/\/redsemlac.com\/semmexico\/wp-json\/wp\/v2\/tags?post=33365"}],"curies":[{"name":"wp","href":"https:\/\/api.w.org\/{rel}","templated":true}]}}