{"id":33362,"date":"2021-03-18T16:35:20","date_gmt":"2021-03-18T16:35:20","guid":{"rendered":"https:\/\/redsemlac.com\/semmexico\/?p=33362"},"modified":"2023-07-21T16:53:02","modified_gmt":"2023-07-21T21:53:02","slug":"mujeres-en-guerrero-se-unen-para-enfrentar-violencia-politica","status":"publish","type":"post","link":"https:\/\/redsemlac.com\/semmexico\/mujeres-en-guerrero-se-unen-para-enfrentar-violencia-politica\/","title":{"rendered":"Mujeres en Guerrero se unen para enfrentar violencia pol\u00edtica"},"content":{"rendered":"\n<p class=\"wp-block-paragraph\">Josefina Aguilar Pastor&nbsp;&nbsp;&nbsp;<\/p>\n\n\n\n<p class=\"wp-block-paragraph\">SemM\u00e9xico. Chilpancingo, Guerrero, 18 de marzo de 2021.- Al menos cuatro denuncias por violencia pol\u00edtica en contra de mujeres han sido presentadas en el Instituto Electoral y Participaci\u00f3n Ciudadana (IEPC), de las cuales solo una se encuentra en sustanciaci\u00f3n y el resto, fueron declaradas improcedentes.&nbsp;<\/p>\n\n\n\n<p class=\"wp-block-paragraph\">En el marco del Programa Nacional para el Impulso de la Participaci\u00f3n Pol\u00edtica de las Mujeres a trav\u00e9s de las Organizaciones de la Sociedad Civil, a cargo del Instituto Nacional Electoral (INE), las organizaciones Equipos Feministas, A.C., en coordinaci\u00f3n con la Red para el Avance Pol\u00edtico de las Mujeres Guerrerenses, instalaron este mi\u00e9rcoles, el Nodo Regi\u00f3n Centro, contra la Violencia Pol\u00edtica contra las Mujeres en raz\u00f3n de G\u00e9nero (VPMRG).&nbsp;<\/p>\n\n\n\n<p class=\"wp-block-paragraph\">A esta presentaci\u00f3n asistieron representantes del IEPC e INE, quienes explicaron la actuaci\u00f3n que cada una de las instancias tienen en la atenci\u00f3n de la VPMRG, as\u00ed como el procedimiento y requisitos que deben cumplir para presentar una denuncia.&nbsp;<\/p>\n\n\n\n<p class=\"wp-block-paragraph\">Araceli de Le\u00f3n S\u00e1nchez, consejera presidenta del consejo distrital 02 del IEPC, dio a conocer que hasta el momento en dicha instancia, han sido presentadas cuatro denuncias por VPMRG, de las cuales, una fue desechada por no haber acreditado&nbsp;la violencia pol\u00edtica, una m\u00e1s, fue devuelta por el TEEGRO, para una mejor sustanciaci\u00f3n, y dos m\u00e1s, fueron resueltas no favorables.&nbsp;<\/p>\n\n\n\n<p class=\"wp-block-paragraph\">Marisol Cuevas Serrano, Coordinadora Regional de la Red para el Avance Pol\u00edtico de las Mujeres Guerrerenses en la zona Centro, dio a conocer que el INE, impulsa el proyecto: denominado, \u201cEstrategia Participativa para la Prevenci\u00f3n y Atenci\u00f3n de la Violencia Pol\u00edtica contra las Mujeres en raz\u00f3n de G\u00e9nero (VPMRG) en el Proceso Electoral 2020-2021 del Estado de Guerrero,\u201d.&nbsp;<\/p>\n\n\n\n<p class=\"wp-block-paragraph\">En la que tambi\u00e9n coadyuvan, la Junta Local Ejecutiva del INE en Guerrero, el Instituto Electoral y de Participaci\u00f3n Ciudadana (IEPC), la Secretar\u00eda de la Mujer (Semujer), y el Tribunal Electoral del Estado de Guerrero (TEEGRO).&nbsp;<\/p>\n\n\n\n<p class=\"wp-block-paragraph\">Dentro de esta estrategia electoral, las organizaciones Equipos Feministas, A.C., en coordinaci\u00f3n con la Red para el Avance Pol\u00edtico de las Mujeres Guerrerenses, lograron captar la convocatoria, para la capacitaci\u00f3n de mujeres militantes y aspirantes a alg\u00fan cargo de elecci\u00f3n popular.&nbsp;<\/p>\n\n\n\n<p class=\"wp-block-paragraph\">Las capacitaciones, fueron divididas a trav\u00e9s de los llamados nodos regionales, este mi\u00e9rcoles se realiz\u00f3 el de la regi\u00f3n centro, al que fueron convocadas precandidatas y candidatas y militantes de distintos partidos pol\u00edticos, luego de que la Red para el Avance Pol\u00edtico de las Mujeres Guerrerenses, da acompa\u00f1amiento antes, durante y despu\u00e9s del proceso electoral.&nbsp;<\/p>\n\n\n\n<p class=\"wp-block-paragraph\">\u201cEl prop\u00f3sito es hacer una sinergia, avanzar unidas y sacar una agenda pol\u00edtica de g\u00e9nero en&nbsp;beneficio de todas\u201d, precis\u00f3 Cuevas Serrano.&nbsp;<\/p>\n\n\n\n<p class=\"wp-block-paragraph\">Al momento dijo, han desplegado un conjunto de acciones que tuvieron como punto de partida la capacitaci\u00f3n un proceso formativo y de actualizaci\u00f3n dirigido a defensoras de los derechos de las mujeres, abogadas, militantes, funcionarias y funcionarios de los \u00f3rganos electorales, durante 8 sesiones virtuales, sobre la normatividad que rige y protege los derechos humanos de las mujeres respecto de la violencia pol\u00edtica en contra de las mujeres.&nbsp;<\/p>\n\n\n\n<p class=\"wp-block-paragraph\">Luego de estas acciones virtuales, este mi\u00e9rcoles, de manera presencial, se llev\u00f3 a cabo el Nodo Regional para la Prevenci\u00f3n y Atenci\u00f3n de la Violencia Pol\u00edtica contra las Mujeres en raz\u00f3n de G\u00e9nero en la Regi\u00f3n Centro, en el que presentaron la \u201cGu\u00eda de Actuaci\u00f3n ciudadana para identificar y denunciar la VPMRG.&nbsp;<\/p>\n","protected":false},"excerpt":{"rendered":"<p>Josefina Aguilar Pastor&nbsp;&nbsp;&nbsp; SemM\u00e9xico. Chilpancingo, Guerrero, 18 de marzo de 2021.- Al menos cuatro denuncias por violencia pol\u00edtica en contra de mujeres han sido presentadas en el Instituto Electoral y Participaci\u00f3n Ciudadana (IEPC), de las cuales solo una se encuentra en sustanciaci\u00f3n y el resto, fueron declaradas improcedentes.&nbsp; En el marco del Programa Nacional para [&hellip;]<\/p>\n","protected":false},"author":3,"featured_media":33363,"comment_status":"open","ping_status":"open","sticky":false,"template":"","format":"standard","meta":{"_monsterinsights_skip_tracking":false,"footnotes":""},"categories":[692,141],"tags":[],"class_list":["post-33362","post","type-post","status-publish","format-standard","has-post-thumbnail","category-692","category-elecciones-2020-2021"],"_links":{"self":[{"href":"https:\/\/redsemlac.com\/semmexico\/wp-json\/wp\/v2\/posts\/33362","targetHints":{"allow":["GET"]}}],"collection":[{"href":"https:\/\/redsemlac.com\/semmexico\/wp-json\/wp\/v2\/posts"}],"about":[{"href":"https:\/\/redsemlac.com\/semmexico\/wp-json\/wp\/v2\/types\/post"}],"author":[{"embeddable":true,"href":"https:\/\/redsemlac.com\/semmexico\/wp-json\/wp\/v2\/users\/3"}],"replies":[{"embeddable":true,"href":"https:\/\/redsemlac.com\/semmexico\/wp-json\/wp\/v2\/comments?post=33362"}],"version-history":[{"count":0,"href":"https:\/\/redsemlac.com\/semmexico\/wp-json\/wp\/v2\/posts\/33362\/revisions"}],"wp:featuredmedia":[{"embeddable":true,"href":"https:\/\/redsemlac.com\/semmexico\/wp-json\/wp\/v2\/media\/33363"}],"wp:attachment":[{"href":"https:\/\/redsemlac.com\/semmexico\/wp-json\/wp\/v2\/media?parent=33362"}],"wp:term":[{"taxonomy":"category","embeddable":true,"href":"https:\/\/redsemlac.com\/semmexico\/wp-json\/wp\/v2\/categories?post=33362"},{"taxonomy":"post_tag","embeddable":true,"href":"https:\/\/redsemlac.com\/semmexico\/wp-json\/wp\/v2\/tags?post=33362"}],"curies":[{"name":"wp","href":"https:\/\/api.w.org\/{rel}","templated":true}]}}