{"id":33359,"date":"2021-03-18T16:31:18","date_gmt":"2021-03-18T16:31:18","guid":{"rendered":"https:\/\/redsemlac.com\/semmexico\/?p=33359"},"modified":"2023-07-21T16:53:02","modified_gmt":"2023-07-21T21:53:02","slug":"cancela-salgado-macedonio-evento-proselitista-en-taxco-argumenta-que-no-hay-condiciones-de-seguridad","status":"publish","type":"post","link":"https:\/\/redsemlac.com\/semmexico\/cancela-salgado-macedonio-evento-proselitista-en-taxco-argumenta-que-no-hay-condiciones-de-seguridad\/","title":{"rendered":"Cancela Salgado Macedonio evento proselitista en Taxco, argumenta que no hay condiciones de seguridad"},"content":{"rendered":"\n<p class=\"wp-block-paragraph\">Josefina Aguilar Pastor&nbsp;&nbsp;<\/p>\n\n\n\n<p class=\"wp-block-paragraph\">SemM\u00e9xico. Chilpancingo, Guerrero, 17 de marzo de 2021.- Ante supuestas manifestaciones de feministas, F\u00e9lix Salgado Macedonio, candidato de Morena al gobierno del Estado de Guerrero, cancel\u00f3 su evento proselitista que llevar\u00eda cabo este mi\u00e9rcoles en Taxco, bajo el argumento de falta de condiciones de seguridad.<\/p>\n\n\n\n<p class=\"wp-block-paragraph\">El Comit\u00e9 Ejecutivo Estatal Guerrero, de Morena, emiti\u00f3 un comunicado dirigido al gobernador H\u00e9ctor Astudillo Flores, al presidente del Instituto Nacional Electoral (INE).&nbsp;Lorenzo C\u00f3rdova, al presidente del Instituto Electoral y de Participaci\u00f3n Ciudadana (IEPC), as\u00ed como a la opini\u00f3n p\u00fablica en el que daba a conocer el motivo de la cancelaci\u00f3n.<\/p>\n\n\n\n<p class=\"wp-block-paragraph\">\u201cHemos sido informados de que un grupo de personas, varias de ellas provenientes de otros estados de la Rep\u00fablica, han bloqueado el acceso a la ciudad de Taxco con el objeto de impedir la realizaci\u00f3n de un acto de campa\u00f1a en esa ciudad programado el d\u00eda de hoy a las cuatro de la tarde\u201d.<\/p>\n\n\n\n<p class=\"wp-block-paragraph\">Por ello, anunci\u00f3 que reagendar\u00e1n el evento, para una fecha pr\u00f3xima, sin embargo, exigen a las autoridades del gobierno del Estado de Guerrero y las electorales federal y estatal, les otorguen garant\u00edas para desarrollar su campa\u00f1a en un ambiente de respeto y de democracia.<\/p>\n\n\n\n<p class=\"wp-block-paragraph\">Al filo de las 14 horas de este mi\u00e9rcoles, a trav\u00e9s de sus redes sociales, el aspirante a gobernador dio a conocer la cancelaci\u00f3n del evento proselitista anunciado para la tarde en Taxco.<\/p>\n\n\n\n<p class=\"wp-block-paragraph\">\u201cAmigas y amigos, ante la falta de condiciones para poder llevar a cabo el evento programado para el d\u00eda de hoy por la tarde en Taxco, hemos decidido posponer dicha actividad hasta nuevo aviso, considerando que hay grupos cuyos intereses y fines son los de crear inestabilidad social y pol\u00edtica en nuestro estado\u201d, escribi\u00f3 Salgado Macedonio en Facebook.<\/p>\n\n\n\n<p class=\"wp-block-paragraph\">Se\u00f1al\u00f3 que hoy m\u00e1s que nunca, el Estado de Guerrero, requiere de la paz y la unidad de todos los guerrerenses para salir adelante.<\/p>\n\n\n\n<p class=\"wp-block-paragraph\">Horas antes, Salgado Macedonio hab\u00eda asistido a un acto proselitista en la comunidad de Santa Teresa, del municipio de Iguala, sin ning\u00fan tipo de contratiempos.<\/p>\n","protected":false},"excerpt":{"rendered":"<p>Josefina Aguilar Pastor&nbsp;&nbsp; SemM\u00e9xico. Chilpancingo, Guerrero, 17 de marzo de 2021.- Ante supuestas manifestaciones de feministas, F\u00e9lix Salgado Macedonio, candidato de Morena al gobierno del Estado de Guerrero, cancel\u00f3 su evento proselitista que llevar\u00eda cabo este mi\u00e9rcoles en Taxco, bajo el argumento de falta de condiciones de seguridad. El Comit\u00e9 Ejecutivo Estatal Guerrero, de Morena, [&hellip;]<\/p>\n","protected":false},"author":3,"featured_media":33360,"comment_status":"open","ping_status":"open","sticky":false,"template":"","format":"standard","meta":{"_monsterinsights_skip_tracking":false,"footnotes":""},"categories":[692,141],"tags":[],"class_list":["post-33359","post","type-post","status-publish","format-standard","has-post-thumbnail","category-692","category-elecciones-2020-2021"],"_links":{"self":[{"href":"https:\/\/redsemlac.com\/semmexico\/wp-json\/wp\/v2\/posts\/33359","targetHints":{"allow":["GET"]}}],"collection":[{"href":"https:\/\/redsemlac.com\/semmexico\/wp-json\/wp\/v2\/posts"}],"about":[{"href":"https:\/\/redsemlac.com\/semmexico\/wp-json\/wp\/v2\/types\/post"}],"author":[{"embeddable":true,"href":"https:\/\/redsemlac.com\/semmexico\/wp-json\/wp\/v2\/users\/3"}],"replies":[{"embeddable":true,"href":"https:\/\/redsemlac.com\/semmexico\/wp-json\/wp\/v2\/comments?post=33359"}],"version-history":[{"count":0,"href":"https:\/\/redsemlac.com\/semmexico\/wp-json\/wp\/v2\/posts\/33359\/revisions"}],"wp:featuredmedia":[{"embeddable":true,"href":"https:\/\/redsemlac.com\/semmexico\/wp-json\/wp\/v2\/media\/33360"}],"wp:attachment":[{"href":"https:\/\/redsemlac.com\/semmexico\/wp-json\/wp\/v2\/media?parent=33359"}],"wp:term":[{"taxonomy":"category","embeddable":true,"href":"https:\/\/redsemlac.com\/semmexico\/wp-json\/wp\/v2\/categories?post=33359"},{"taxonomy":"post_tag","embeddable":true,"href":"https:\/\/redsemlac.com\/semmexico\/wp-json\/wp\/v2\/tags?post=33359"}],"curies":[{"name":"wp","href":"https:\/\/api.w.org\/{rel}","templated":true}]}}