{"id":33356,"date":"2021-03-18T16:26:44","date_gmt":"2021-03-18T16:26:44","guid":{"rendered":"https:\/\/redsemlac.com\/semmexico\/?p=33356"},"modified":"2023-07-21T16:53:02","modified_gmt":"2023-07-21T21:53:02","slug":"serenidad-y-paciencia-andres","status":"publish","type":"post","link":"https:\/\/redsemlac.com\/semmexico\/serenidad-y-paciencia-andres\/","title":{"rendered":"Serenidad y paciencia, Andr\u00e9s\u2026"},"content":{"rendered":"\n<p class=\"wp-block-paragraph\"><strong>Te abrazo, Manlio<\/strong><\/p>\n\n\n\n<p class=\"wp-block-paragraph\"><strong>MOIS\u00c9S S\u00c1NCHEZ LIM\u00d3N<\/strong><\/p>\n\n\n\n<p class=\"wp-block-paragraph\">SemM\u00e9xico. Cd. de M\u00e9xico. 17 de marzo de 2021.- Imagine usted a Alejandro Junco de la Vega y Juan Francisco Ealy Ortiz \u201cjal\u00e1ndose los pelos\u201d, v\u00edctimas de la impotencia en la batalla contra el licenciado L\u00f3pez Obrador, de acuerdo con quien es, al un\u00edsono, guionista, actor y director de escena de la ma\u00f1anera.<\/p>\n\n\n\n<p class=\"wp-block-paragraph\">Y es que, el inquilino de Palacio, en una jaculatoria de las tantas que nutren a la ma\u00f1anera, sostuvo que va ganando la partida a los neoliberales. Y despu\u00e9s de que en homil\u00eda anterior ondeara su pa\u00f1uelito blanco, s\u00edmbolo de que ya no hay corrupci\u00f3n en M\u00e9xico porque el presidente, es decir, \u00e9l no es corrupto, ayer sostuvo:<\/p>\n\n\n\n<p class=\"wp-block-paragraph\">\u201cSe jalan los pelos nuestros adversarios: \u00bfc\u00f3mo es? Si todos los d\u00edas primeras planas en contra, del&nbsp;<em>Reforma<\/em>, de&nbsp;<em>El Universal<\/em>, etc\u00e9tera, etc\u00e9tera, etc\u00e9tera, programas de radio, televisi\u00f3n.\u2019<\/p>\n\n\n\n<p class=\"wp-block-paragraph\">\u201cY ya no salen encuestas, no publican encuestas, los mariachis callaron, porque, con toda la campa\u00f1a, la gente nos est\u00e1 apoyando. Imag\u00ednense, si no tuvi\u00e9semos el apoyo del pueblo, todos los d\u00edas estar\u00edan sacando encuestas\u201d.<\/p>\n\n\n\n<p class=\"wp-block-paragraph\">En serio, no se r\u00eda, as\u00ed lo presumi\u00f3 el licenciado Andr\u00e9s Manuel, en un desplante de aquella m\u00e1xima que describe a quien nunca pierde, porque m\u00ednimo empata. Vayamos por partes y preguntar\u00eda a quien de pronto se compara con Francisco I Madero y luego se asume calca de Benito Ju\u00e1rez Garc\u00eda:&nbsp;<\/p>\n\n\n\n<p class=\"wp-block-paragraph\">\u00bfA qu\u00e9 sabe la victoria p\u00edrrica con olor a petr\u00f3leo y barnizada de corrupto e impune pedigr\u00ed sindical?&nbsp;<\/p>\n\n\n\n<p class=\"wp-block-paragraph\">\u00bfLa renuncia de Carlos Romero Deschamps es hacer justicia y alzar su cabeza cual trofeo de combate al neoliberalismo, en el centro del Sal\u00f3n de la Tesorer\u00eda en Palacio Nacional?&nbsp;<\/p>\n\n\n\n<p class=\"wp-block-paragraph\">Antonio Ortega Mart\u00ednez, diputado federal del PRD, que conoce bastante bien al licenciado presidente, coment\u00f3 a ese respecto en alusi\u00f3n a lo ocurrido, en su momento con el entonces ministro de la Suprema Corte de Justicia de la Naci\u00f3n, Eduardo Medina Mora, quien renunci\u00f3 s\u00fabitamente, cuando cumpl\u00eda cuatro de los 15 a\u00f1os para los que fue elegido por el Senado, a propuesta de Enrique Pe\u00f1a Nieto.<\/p>\n\n\n\n<p class=\"wp-block-paragraph\">Ortega refresc\u00f3 la memoria pol\u00edtica y puntualiz\u00f3 que Andr\u00e9s Manuel L\u00f3pez Obrador ha dado cuenta a la opini\u00f3n p\u00fablica y repiti\u00f3 con Romero Deschamps el \u201cestilo Medina Mora\u201d que es el de la amenaza, el chantaje y la impunidad: \u201cte vas y hay olvido\u201d, con todo y las imputaciones que pudieran tener sobre s\u00ed como enriquecimiento il\u00edcito, corrupci\u00f3n y tr\u00e1fico de influencias, entre otros.<\/p>\n\n\n\n<p class=\"wp-block-paragraph\">\u00bfQu\u00e9 la parece? Porque, coincidir\u00e1 usted conmigo, el se\u00f1or presidente lleva dos a\u00f1os y pico en el exceso de puro \u00eddem. Blofea, amenaza, estigmatiza, lincha desde el p\u00falpito, dizque denuncia acuerdos turbios y etc\u00e9tera, etc\u00e9tera pero, punto sustancial, en prisi\u00f3n s\u00f3lo est\u00e1n, por cierto en condiciones harto diferentes, do\u00f1a Rosario Robles y el joven Emilio Lozoya Austin, pero ning\u00fan pez gordo, lo que se dice gordo.<\/p>\n\n\n\n<p class=\"wp-block-paragraph\">A Rosario, quien le acerc\u00f3 bastantes dineros cuando aspir\u00f3 a ser jefe de Gobierno del entonces Distrito Federal, Andr\u00e9s Manuel la tiene recluida en el penal de Santa Martha Acatitla, en tanto al ni\u00f1o cantor que ha dado p\u00e9simas interpretaciones acusatorias, le dio el chance de continuar con su vida de machuch\u00f3n disfrutando de sus carrazos y sus casotas y su lanchota, un vulgar yate surto en aguas del Mar de Cort\u00e9s.<\/p>\n\n\n\n<p class=\"wp-block-paragraph\">Pero, \u00bfalguien m\u00e1s en prisi\u00f3n? \u00a1Ah!, el empresario Alonso Ancira Elizondo, detenido en Espa\u00f1a en 2019 y extraditado a M\u00e9xico, el pasado mes de febrero, acusado&nbsp;de da\u00f1os patrimoniales a Pemex mediante la venta de una planta de fertilizantes que AHMSA Agro Nitrogenados, transacci\u00f3n hecha cuando el joven Emilio Lozoya dirig\u00eda Petr\u00f3leos Mexicanos.<\/p>\n\n\n\n<p class=\"wp-block-paragraph\">Y nadie m\u00e1s. Ning\u00fan empresario de los que seg\u00fan el licenciado Andr\u00e9s Manuel estaban metidos en la obra del Aeropuerto de Texcoco y aquel enorme desarrollo comercial e inmobiliario que se pretend\u00eda construir en terrenos del actual Aeropuerto Internacional Benito Ju\u00e1rez de la Ciudad de M\u00e9xico.<\/p>\n\n\n\n<p class=\"wp-block-paragraph\">De acuerdo con sus denuncias de recurrente uso pol\u00edtico y para presumir que se combate a la corrupci\u00f3n y delincuencia de cuello blanco, L\u00f3pez Obrador podr\u00eda presumir en este momento de la aprehensi\u00f3n de Enrique Pe\u00f1a Nieto, Luis Videgaray, Felipe Calder\u00f3n, Vicente Fox, Carlos Salinas, Ernesto Zedillo y, bueno, bueno, a todos los perversos neoliberales que llevaron a M\u00e9xico a ser reconocido como una de las principales econom\u00edas del orbe, pero hicieron del poder veh\u00edculo para amasar insultantes fortunas. \u00bfPor qu\u00e9 andan libres y carcaje\u00e1ndose de las ma\u00f1aneras?<\/p>\n\n\n\n<p class=\"wp-block-paragraph\">Por cierto. En la ma\u00f1anera de ayer, el licenciado presidente escribi\u00f3, dirigi\u00f3 y protagoniz\u00f3 el segundo cap\u00edtulo de este desencuentro con su amigazo \u2013\u00e9l lo presumi\u00f3 del brazo y por la calle\u2014el ministro presidente de la Suprema Corte de Justicia de la Naci\u00f3n, Arturo Zald\u00edvar Lelo de Larrea.<\/p>\n\n\n\n<p class=\"wp-block-paragraph\">Una colega le pregunt\u00f3 acerca de cu\u00e1l es el objetivo de la que podr\u00eda considerarse recurso de obtener por lo menos un empate en su diferendo con la Corte, aunque quiz\u00e1 en una de esas en el Senado le dan el visto bueno a su iniciativa de reforma de la Ley Org\u00e1nica del Poder Judicial de la Federaci\u00f3n.<\/p>\n\n\n\n<p class=\"wp-block-paragraph\"><strong>&#8212;<\/strong><strong>No hay nada en especial \u2013blofe\u00f3 el licenciado L\u00f3pez Obrador&#8211;, la reforma que se aprob\u00f3 del Poder Judicial tiene como prop\u00f3sito -garantizando su autonom\u00eda, su independencia- mejorar el funcionamiento de ese poder y sobre todo combatir la corrupci\u00f3n, eso es lo que se tiene b\u00e1sicamente. (\u2026) Entonces, por eso es la pol\u00e9mica, porque estamos corrigiendo todos estos excesos, abusos. Ven\u00edan empresas extranjeras a hacer su agosto, nos ve\u00edan como pa\u00eds de conquista y eso ya cambi\u00f3. Pero como son intereses que tienen que ver con grupos financieros, con grupos empresariales, con los medios de comunicaci\u00f3n, con los intelectuales org\u00e1nicos, desde luego con jueces, con magistrados, con ministros, con legisladores\u2026<\/strong><\/p>\n\n\n\n<p class=\"wp-block-paragraph\">Pero, sin despeinarse, mediante su cuenta de Twitter el ministro presidente Zald\u00edvar Lelo de Larrea respondi\u00f3: \u201cQue no haya duda. El #CJF seguir\u00e1 garantizando que las y los jueves federales act\u00faen con independencia, autonom\u00eda y libertad. La #IndependenciaJudicial y la divisi\u00f3n de poderes son parte esencial de la democracia constitucional\u201d.<\/p>\n\n\n\n<p class=\"wp-block-paragraph\">En buen romance la respuesta al se\u00f1orpresidente fue: \u00bfpara qu\u00e9 tanto brinco, estando el suelo tan parejo.<\/p>\n\n\n\n<p class=\"wp-block-paragraph\">Lo cierto, es que Andr\u00e9s Manuel debi\u00f3 hacer otro berrinche con la noticia de que la Juez Cuarto de Distrito, con sede en el estado de Yucat\u00e1n, otorg\u00f3&nbsp;<strong>tres suspensiones tres<\/strong>&nbsp;definitivas de igual n\u00famero de amparos \u201cen contra de la aprobaci\u00f3n de la Manifestaci\u00f3n de Impacto Ambiental\u201d que emiti\u00f3 la Secretar\u00eda de Medio Ambiente y Recursos Naturales (Semarnat) para el Tramo 3 del Tren Maya.&nbsp;<\/p>\n\n\n\n<p class=\"wp-block-paragraph\">\u00bfQui\u00e9nes interpusieron los amparos? Seguramente quienes no estuvieron en aquella ceremonia, \u00bfrecuerda usted?, celebrada en la pista a\u00e9rea de un abandonado campo a\u00e9reo para pedir permiso a la madre naturaleza y emprender esa obra que traer\u00e1 beneficios a la familia presidencial. Bueeeno.<\/p>\n\n\n\n<p class=\"wp-block-paragraph\">\u00bfC\u00f3mo terminar\u00e1 este berrinche presidencial provocado por un juez a quien le han sacado todos sus trapitos al sol en la idea de descalificarlo con ma\u00f1osos reportajes en la tele p\u00fablica?<\/p>\n\n\n\n<p class=\"wp-block-paragraph\">\u201cNosotros siempre pensamos que lo m\u00e1s importante es la revoluci\u00f3n de las conciencias \u2013acot\u00f3 el iluminado inquilino de Palacio&#8211;. Cuando hay un cambio de mentalidad, cambia todo. Eso es lo que afortunadamente est\u00e1 sucediendo, esa es la bendici\u00f3n, el despertar como nunca de los mexicanos. Es un pueblo completamente despierto, politizado, consciente, que est\u00e1 ayudando mucho para llevar a cabo la transformaci\u00f3n.<\/p>\n\n\n\n<p class=\"wp-block-paragraph\">\u201c(\u2026) Entonces, yo estoy muy contento por eso, porque el pueblo de M\u00e9xico est\u00e1 a altura de las circunstancias. Y, como dec\u00eda el presidente Ju\u00e1rez, con el pueblo todo, sin el pueblo nada. Si no fuese por la gente, si no fuese por el pueblo, no se avanzar\u00eda\u201d.<\/p>\n\n\n\n<p class=\"wp-block-paragraph\"><strong>&#8212;<\/strong>Presidente, ya son entre 25, 27 suspensiones provisionales que se han otorgado, se sum\u00f3 otro juez que otorg\u00f3 otras tantas\u2014insisti\u00f3 la colega.<\/p>\n\n\n\n<p class=\"wp-block-paragraph\"><strong>&#8212;<\/strong>Y las que se acumulen\u2014respondi\u00f3 despectivo el licenciado Andr\u00e9s Manuel. \u00bfEn serio? Entonces por qu\u00e9 el enojo. Serenidad y paciencia, licenciado; le puede hacer da\u00f1o y luego los m\u00e9dicos andan como loquitos en Palacio a deshoras de la madrugada. Digo.<\/p>\n\n\n\n<p class=\"wp-block-paragraph\"><a href=\"mailto:sanchezlimon@gmail.com\" target=\"_blank\" rel=\"noreferrer noopener\">sanchezlimon@gmail.com<\/a><\/p>\n\n\n\n<p class=\"wp-block-paragraph\"><a href=\"http:\/\/www.entresemana.mx\/\" target=\"_blank\" rel=\"noreferrer noopener\">www.entresemana.mx<\/a><\/p>\n\n\n\n<p class=\"wp-block-paragraph\"><strong>@msanchezlimon @msanchezlimon1<\/strong><\/p>\n","protected":false},"excerpt":{"rendered":"<p>Te abrazo, Manlio MOIS\u00c9S S\u00c1NCHEZ LIM\u00d3N SemM\u00e9xico. Cd. de M\u00e9xico. 17 de marzo de 2021.- Imagine usted a Alejandro Junco de la Vega y Juan Francisco Ealy Ortiz \u201cjal\u00e1ndose los pelos\u201d, v\u00edctimas de la impotencia en la batalla contra el licenciado L\u00f3pez Obrador, de acuerdo con quien es, al un\u00edsono, guionista, actor y director de [&hellip;]<\/p>\n","protected":false},"author":3,"featured_media":15805,"comment_status":"open","ping_status":"open","sticky":false,"template":"","format":"standard","meta":{"_monsterinsights_skip_tracking":false,"footnotes":""},"categories":[692,105,83,35],"tags":[],"class_list":["post-33356","post","type-post","status-publish","format-standard","has-post-thumbnail","category-692","category-entresemana","category-moises-sanchez-limon","category-opinion"],"_links":{"self":[{"href":"https:\/\/redsemlac.com\/semmexico\/wp-json\/wp\/v2\/posts\/33356","targetHints":{"allow":["GET"]}}],"collection":[{"href":"https:\/\/redsemlac.com\/semmexico\/wp-json\/wp\/v2\/posts"}],"about":[{"href":"https:\/\/redsemlac.com\/semmexico\/wp-json\/wp\/v2\/types\/post"}],"author":[{"embeddable":true,"href":"https:\/\/redsemlac.com\/semmexico\/wp-json\/wp\/v2\/users\/3"}],"replies":[{"embeddable":true,"href":"https:\/\/redsemlac.com\/semmexico\/wp-json\/wp\/v2\/comments?post=33356"}],"version-history":[{"count":0,"href":"https:\/\/redsemlac.com\/semmexico\/wp-json\/wp\/v2\/posts\/33356\/revisions"}],"wp:featuredmedia":[{"embeddable":true,"href":"https:\/\/redsemlac.com\/semmexico\/wp-json\/wp\/v2\/media\/15805"}],"wp:attachment":[{"href":"https:\/\/redsemlac.com\/semmexico\/wp-json\/wp\/v2\/media?parent=33356"}],"wp:term":[{"taxonomy":"category","embeddable":true,"href":"https:\/\/redsemlac.com\/semmexico\/wp-json\/wp\/v2\/categories?post=33356"},{"taxonomy":"post_tag","embeddable":true,"href":"https:\/\/redsemlac.com\/semmexico\/wp-json\/wp\/v2\/tags?post=33356"}],"curies":[{"name":"wp","href":"https:\/\/api.w.org\/{rel}","templated":true}]}}