{"id":33335,"date":"2021-03-17T18:58:31","date_gmt":"2021-03-17T18:58:31","guid":{"rendered":"https:\/\/redsemlac.com\/semmexico\/?p=33335"},"modified":"2023-07-21T16:53:02","modified_gmt":"2023-07-21T21:53:02","slug":"csw65-la-cim-oea-propone-a-las-ministras-de-la-mujer-como-protagonistas-en-la-reactivacion-economica","status":"publish","type":"post","link":"https:\/\/redsemlac.com\/semmexico\/csw65-la-cim-oea-propone-a-las-ministras-de-la-mujer-como-protagonistas-en-la-reactivacion-economica\/","title":{"rendered":"CSW65: La CIM\/OEA propone a las Ministras de la Mujer como protagonistas en la reactivaci\u00f3n econ\u00f3mica"},"content":{"rendered":"\n<p class=\"wp-block-paragraph\"><strong>Redacci\u00f3n\u00a0<br><\/strong>SemM\u00e9xico. Washington DC, 17 de marzo del 2021<em>.\u00a0<\/em>La Comisi\u00f3n Interamericana de Mujeres CIM \/OEA, en alianza con algunas Ministras de la Mujer de la regi\u00f3n, ONU Mujeres y CEPAL, llev\u00f3 a cabo un di\u00e1logo ministerial de alto nivel para reflexionar sobre la importancia del liderazgo de estos Mecanismos Nacionales en la recuperaci\u00f3n econ\u00f3mica post COVID-19. El evento se enmarc\u00f3 en la 65\u00aa sesi\u00f3n de la Comisi\u00f3n de la Condici\u00f3n Jur\u00eddica y Social de la Mujer (CSW).\u00a0<\/p>\n\n\n\n<p class=\"wp-block-paragraph\">En el encuentro se abordaron las alianzas, oportunidades y estrategias usadas por algunos Mecanismos para colocar la agenda de las mujeres en el centro de la respuesta a la crisis. Asimismo, se plante\u00f3 la interacci\u00f3n entre los organismos nacionales e internacionales para el logro del empoderamiento econ\u00f3mico de las mujeres y su visibilidad en la reactivaci\u00f3n y recuperaci\u00f3n econ\u00f3mica.&nbsp;<\/p>\n\n\n\n<p class=\"wp-block-paragraph\">El evento cont\u00f3 con la participaci\u00f3n de Mayra Jim\u00e9nez, Presidenta de la CIM\/OEA y Ministra de la Mujer de Rep\u00fablica Dominicana; &nbsp;M\u00f3nica Zalaquett, Ministra de la Mujer y la Equidad de G\u00e9nero de Chile; Marcela Guerrero, Ministra de la Condici\u00f3n de la Mujer del INAMU de Costa Rica; Nadine Gasman, Presidenta del Instituto Nacional de las Mujeres de M\u00e9xico; M\u00f3nica Bottero, Directora del Instituto Nacional de las Mujeres de Uruguay; Maria Noel Vaeza, Directora Regional de ONU Mujeres para las Am\u00e9ricas y el Caribe; Ana G\u00fcezmes Garc\u00eda, Directora de Divisi\u00f3n de Asuntos de G\u00e9nero de CEPAL; y con la facilitaci\u00f3n de Alejandra Mora Mora, Secretaria Ejecutiva de la CIM\/OEA.&nbsp;<\/p>\n\n\n\n<p class=\"wp-block-paragraph\">Desde el inicio de la pandemia, la CIM\/OEA ha identificado los impactos diferenciados del COVID-19 en la vida de las mujeres, particularmente en el contexto de la crisis econ\u00f3mica global. Los sectores m\u00e1s golpeados por la pandemia son precisamente los grupos con alt\u00edsima participaci\u00f3n de mujeres: sector de servicios, econom\u00eda informal, trabajo dom\u00e9stico y turismo.&nbsp;<\/p>\n\n\n\n<p class=\"wp-block-paragraph\">Esta situaci\u00f3n ha agudizado la ya existente crisis de los cuidados, la pobreza de las mujeres, la informalidad, la participaci\u00f3n pol\u00edtica de las mujeres, entre otros, por lo que su inserci\u00f3n en el espacio de lo p\u00fablico y remunerado implica acciones afirmativas en cada una de las brechas existentes, una profunda voluntad pol\u00edtica y alianzas p\u00fablico\/privadas.&nbsp;<\/p>\n\n\n\n<p class=\"wp-block-paragraph\">Revisa&nbsp;<a rel=\"noreferrer noopener\" href=\"https:\/\/oas.us7.list-manage.com\/track\/click?u=f4f9c21ffdd25a4e4ef06e3c2&amp;id=52bbcc143b&amp;e=3898fdfea1\" target=\"_blank\">aqu\u00ed<\/a>&nbsp;el contenido elaborado por la CIM\/OEA sobre los impactos diferenciados del COVID-19 en la vida de las mujeres. &nbsp;<\/p>\n","protected":false},"excerpt":{"rendered":"<p>En el encuentro se abordaron las alianzas, oportunidades y estrategias usadas por algunos Mecanismos para colocar la agenda de las mujeres en el centro de la respuesta a la crisis. <\/p>\n","protected":false},"author":3,"featured_media":33336,"comment_status":"open","ping_status":"open","sticky":false,"template":"","format":"standard","meta":{"_monsterinsights_skip_tracking":false,"footnotes":""},"categories":[692,53],"tags":[],"class_list":["post-33335","post","type-post","status-publish","format-standard","has-post-thumbnail","category-692","category-internacional"],"_links":{"self":[{"href":"https:\/\/redsemlac.com\/semmexico\/wp-json\/wp\/v2\/posts\/33335","targetHints":{"allow":["GET"]}}],"collection":[{"href":"https:\/\/redsemlac.com\/semmexico\/wp-json\/wp\/v2\/posts"}],"about":[{"href":"https:\/\/redsemlac.com\/semmexico\/wp-json\/wp\/v2\/types\/post"}],"author":[{"embeddable":true,"href":"https:\/\/redsemlac.com\/semmexico\/wp-json\/wp\/v2\/users\/3"}],"replies":[{"embeddable":true,"href":"https:\/\/redsemlac.com\/semmexico\/wp-json\/wp\/v2\/comments?post=33335"}],"version-history":[{"count":0,"href":"https:\/\/redsemlac.com\/semmexico\/wp-json\/wp\/v2\/posts\/33335\/revisions"}],"wp:featuredmedia":[{"embeddable":true,"href":"https:\/\/redsemlac.com\/semmexico\/wp-json\/wp\/v2\/media\/33336"}],"wp:attachment":[{"href":"https:\/\/redsemlac.com\/semmexico\/wp-json\/wp\/v2\/media?parent=33335"}],"wp:term":[{"taxonomy":"category","embeddable":true,"href":"https:\/\/redsemlac.com\/semmexico\/wp-json\/wp\/v2\/categories?post=33335"},{"taxonomy":"post_tag","embeddable":true,"href":"https:\/\/redsemlac.com\/semmexico\/wp-json\/wp\/v2\/tags?post=33335"}],"curies":[{"name":"wp","href":"https:\/\/api.w.org\/{rel}","templated":true}]}}