{"id":33332,"date":"2021-03-17T18:56:12","date_gmt":"2021-03-17T18:56:12","guid":{"rendered":"https:\/\/redsemlac.com\/semmexico\/?p=33332"},"modified":"2023-07-21T16:53:03","modified_gmt":"2023-07-21T21:53:03","slug":"la-cobertura-mediatica-de-la-covid-19-ha-vuelto-a-obviar-a-las-mujeres","status":"publish","type":"post","link":"https:\/\/redsemlac.com\/semmexico\/la-cobertura-mediatica-de-la-covid-19-ha-vuelto-a-obviar-a-las-mujeres\/","title":{"rendered":"La cobertura medi\u00e1tica de la Covid-19 ha vuelto a obviar a las mujeres"},"content":{"rendered":"\n<ul class=\"wp-block-list\"><li><strong>La cooperativa feminista Almena lanza el informe \u2018Ganando espacios\u2019 que concluye que la cobertura medi\u00e1tica de la pandemia no ha incluido la perspectiva feminista y que el discurso sobre la igualdad de g\u00e9nero ha estado pr\u00e1cticamente ausente en los medios mayoritarios<\/strong><\/li><\/ul>\n\n\n\n<p class=\"wp-block-paragraph\"><strong>Por Redacci\u00f3n\/Pikara Magazine<\/strong><\/p>\n\n\n\n<p class=\"wp-block-paragraph\">SemM\u00e9xico\/AmecoPress. Madrid, 17 mar. 21. En medio de la pandemia global sanitaria, con consecuencias sociales y econ\u00f3micas, es crucial analizar el rol de los medios y el acceso a la informaci\u00f3n por parte de la ciudadan\u00eda. Con este objetivo principal, Almena Cooperativa Feminista ha elaborado el informe \u2018Ganando espacios: el impacto de g\u00e9nero y la prensa durante la Covid-19\u2032. Financiado por Oxfam Interm\u00f3n, parte de una serie de preguntas iniciales: \u00bfcu\u00e1les de las tem\u00e1ticas relevantes desde una perspectiva de g\u00e9nero se han visibilizado y cu\u00e1les han sido las grandes ausencias? \u00bfLos medios de comunicaci\u00f3n son un motor de las transformaciones pol\u00edticas o, por el contrario, son receptores acr\u00edticos de las informaciones que les hacen llegar las instituciones? \u00bfA qui\u00e9nes dan voz? \u00bfContextualizan suficiente? \u00bfCu\u00e1les son las principales estrategias de las entidades feministas para incidir en los medios? \u00bfHa mejorado su relaci\u00f3n? \u00bfSe ha abierto alguna ventana de oportunidad para los discursos feministas? Finalmente, \u00bflas periodistas han tenido un marco laboral favorable?<\/p>\n\n\n\n<p class=\"wp-block-paragraph\">Para dar respuesta a estas y otras cuestiones, se ha realizado una b\u00fasqueda cuantitativa de informaciones publicadas en las versiones digitales de los diarios Ara, El Pa\u00eds, El Peri\u00f3dico, La Vanguardia y P\u00fablico, entre el 14 de marzo de 2020, fecha en la que se decret\u00f3 el estado de alarma, y el 31 de mayo, cuando se empezaron a relajar algunas restricciones. Los resultados de este an\u00e1lisis inicial se han abordado posteriormente con diversas fuentes, adem\u00e1s de un trabajo de campo con entidades feministas, periodistas y expertas en comunicaci\u00f3n. Y es que otro de los objetivos de \u2018Ganando espacios\u2019 es poner en valor el trabajo de incidencia social y pol\u00edtica de las entidades feministas, m\u00e1s all\u00e1 de la crisis actual, as\u00ed como fomentar una mayor demanda social de pol\u00edticas que incorporen la perspectiva de g\u00e9nero de manera transversal.<\/p>\n\n\n\n<h2 class=\"wp-block-heading\">Cobertura sin perspectiva feminista<\/h2>\n\n\n\n<p class=\"wp-block-paragraph\">A pesar de representar al 51 por ciento de la poblaci\u00f3n, las mujeres no protagonizamos las secciones que marcan la agenda medi\u00e1tica. Esta tendencia no ha cambiado con la Covid-19, ya que la cobertura que se ha hecho no incluye una perspectiva feminista, obviando las necesidades de las mujeres, nuestras expectativas y preocupaciones, cuentan desde Almena. Por lo tanto, aunque la pandemia ha amplificado las desigualdades ya existentes, el discurso sobre la igualdad de g\u00e9nero ha estado pr\u00e1cticamente ausente en los medios mayoritarios. \u00abEl reto a partir de ahora es explicar la pandemia de otro modo, desde la diversidad y con an\u00e1lisis que profundicen en las causas estructurales de la misma\u00bb, dicen las autoras del informe.<\/p>\n\n\n\n<h2 class=\"wp-block-heading\">Visibilizar y profundizar, \u00bfes posible?<\/h2>\n\n\n\n<p class=\"wp-block-paragraph\">La percepci\u00f3n general que muestra el estudio es que las tem\u00e1ticas m\u00e1s tratadas por los medios con las mujeres como protagonistas ya eran tambi\u00e9n las m\u00e1s visibilizadas antes de la aparici\u00f3n del coronavirus. Las violencias machistas, las trabajadoras del hogar y los cuidados y las consecuencias econ\u00f3micas y laborales de la pandemia para las mujeres han centrado casi la mitad de las informaciones analizadas, seg\u00fan la investigaci\u00f3n cuantitativa de este estudio. Sin embargo, ha evidenciado el informe que este tratamiento suele ser superficial, adem\u00e1s de la falta de interseccionalidad para abordar las informaciones no solo desde una perspectiva de g\u00e9nero, sino tambi\u00e9n de clase y etnia. Y sin olvidar la invisibilizaci\u00f3n de colectivos de mujeres especialmente afectadas por la crisis que estamos viviendo, como las migrantes, las trabajadoras sexuales, las sin hogar o las presas, entre otras. Algunas de las causas que se apuntan en el informe son el sensacionalismo, la inmediatez y la preponderancia de las fuentes institucionales, que no suelen ser cuestionadas ni complementadas con otras voces.<\/p>\n\n\n\n<h2 class=\"wp-block-heading\">El periodismo en pandemia, un sector a\u00fan m\u00e1s precario<\/h2>\n\n\n\n<p class=\"wp-block-paragraph\">Finalmente, el informe analiza c\u00f3mo la crisis pand\u00e9mica ha afectado a la situaci\u00f3n laboral de las y los periodistas, ya precaria de por s\u00ed, especialmente en el caso de freelance y fotoperiodistas. As\u00ed, se tienen en cuenta las consecuencias econ\u00f3micas y de salud por las horas extra y la falta de un horario estable, que perjudica en mayor medida a las mujeres por el hecho de que la responsabilidad de los cuidados suele recaer sobre nosotras. Finalmente, se repasan las reivindicaciones de sindicatos y asociaciones de periodistas para revertir la precariedad del sector.<\/p>\n","protected":false},"excerpt":{"rendered":"<p>La cooperativa feminista Almena lanza el informe \u2018Ganando espacios\u2019 que concluye que la cobertura medi\u00e1tica de la pandemia no ha incluido la perspectiva feminista y que el discurso sobre la igualdad de g\u00e9nero ha estado pr\u00e1cticamente ausente en los medios mayoritarios<\/p>\n","protected":false},"author":3,"featured_media":33333,"comment_status":"open","ping_status":"open","sticky":false,"template":"","format":"standard","meta":{"_monsterinsights_skip_tracking":false,"footnotes":""},"categories":[692,135],"tags":[],"class_list":["post-33332","post","type-post","status-publish","format-standard","has-post-thumbnail","category-692","category-emergencia-sanitaria-covid-19"],"_links":{"self":[{"href":"https:\/\/redsemlac.com\/semmexico\/wp-json\/wp\/v2\/posts\/33332","targetHints":{"allow":["GET"]}}],"collection":[{"href":"https:\/\/redsemlac.com\/semmexico\/wp-json\/wp\/v2\/posts"}],"about":[{"href":"https:\/\/redsemlac.com\/semmexico\/wp-json\/wp\/v2\/types\/post"}],"author":[{"embeddable":true,"href":"https:\/\/redsemlac.com\/semmexico\/wp-json\/wp\/v2\/users\/3"}],"replies":[{"embeddable":true,"href":"https:\/\/redsemlac.com\/semmexico\/wp-json\/wp\/v2\/comments?post=33332"}],"version-history":[{"count":0,"href":"https:\/\/redsemlac.com\/semmexico\/wp-json\/wp\/v2\/posts\/33332\/revisions"}],"wp:featuredmedia":[{"embeddable":true,"href":"https:\/\/redsemlac.com\/semmexico\/wp-json\/wp\/v2\/media\/33333"}],"wp:attachment":[{"href":"https:\/\/redsemlac.com\/semmexico\/wp-json\/wp\/v2\/media?parent=33332"}],"wp:term":[{"taxonomy":"category","embeddable":true,"href":"https:\/\/redsemlac.com\/semmexico\/wp-json\/wp\/v2\/categories?post=33332"},{"taxonomy":"post_tag","embeddable":true,"href":"https:\/\/redsemlac.com\/semmexico\/wp-json\/wp\/v2\/tags?post=33332"}],"curies":[{"name":"wp","href":"https:\/\/api.w.org\/{rel}","templated":true}]}}