{"id":33329,"date":"2021-03-17T18:46:41","date_gmt":"2021-03-17T18:46:41","guid":{"rendered":"https:\/\/redsemlac.com\/semmexico\/?p=33329"},"modified":"2023-07-21T16:53:03","modified_gmt":"2023-07-21T21:53:03","slug":"el-aborto-en-europa-un-derecho-por-conquistar","status":"publish","type":"post","link":"https:\/\/redsemlac.com\/semmexico\/el-aborto-en-europa-un-derecho-por-conquistar\/","title":{"rendered":"El aborto en Europa, un derecho por conquistar"},"content":{"rendered":"\n<ul class=\"wp-block-list\"><li><strong>La pandemia ha supuesto una merma en la salud sexual de las mujeres y ni\u00f1as<\/strong><\/li><\/ul>\n\n\n\n<p class=\"wp-block-paragraph\"><strong>Por Nerea Mart\u00ednez<\/strong><\/p>\n\n\n\n<p class=\"wp-block-paragraph\">SemM\u00e9xico\/Amecopress. Madrid, 17 mar. 21. El Tribunal Constitucional de Polonia prohibi\u00f3 recientemente abortar en caso de malformaci\u00f3n del feto, un retroceso en materia de derechos sexuales y reproductivos acontecido en Europa. Y es que a pesar de los avances y de la aprobaci\u00f3n de leyes favorables, las mujeres no tienen total autonom\u00eda para decidir sobre su cuerpo. Abortar de forma legal, segura y gratuita, sigue siendo un privilegio del que pocas mujeres gozan. Adem\u00e1s, los confinamientos decretados para hacer frente a la pandemia del covid-19 se han traducido en dificultades para acceder a la salud y los derechos sexuales y reproductivos.<\/p>\n\n\n\n<p class=\"wp-block-paragraph\">En la Uni\u00f3n Europea el \u00abConvenio del Consejo de Europa sobre prevenci\u00f3n y lucha contra la violencia contra las mujeres y la violencia dom\u00e9stica\u00bb, m\u00e1s conocido como el Convenio de Estambul, se estableci\u00f3 en 2011 con el fin de proteger a las mujeres de todas las formas de violencia. Este convenio identifica la violencia hacia las mujeres como un ataque a los derechos humanos y los pa\u00edses que lo ratifican se comprometen a trabajar para eliminarla.<\/p>\n\n\n\n<p class=\"wp-block-paragraph\">A la vez, en Europa, cada pa\u00eds tiene autonom\u00eda para legislar en materia de derechos sexuales y reproductivos, incluyendo el derecho a la interrupci\u00f3n voluntaria del embarazo. Finlandia, Reino Unido, Irlanda del Norte, Gales, Irlanda, M\u00f3naco, Chipre permiten practicar el aborto en caso de incesto, violaci\u00f3n, malformaci\u00f3n en el feto o salud mental de la madre. En San Marino, El Vaticano, Malta y Andorra, interrumpir el embarazo de forma voluntaria es ilegal, en este \u00faltimo imponen penas de hasta dos a\u00f1os de c\u00e1rcel por abortar o ser c\u00f3mplice. Gibraltar aplica la cadena perpetua a la mujer que aborte dentro de su territorio.<\/p>\n\n\n\n<p class=\"wp-block-paragraph\">En el resto de los pa\u00edses europeos, aunque abortar es legal, tienen situaciones muy diversas. En Italia y Grecia las mujeres pueden abortar voluntariamente durante los primeros 90 d\u00edas de embarazo. En Francia dentro de las primeras 21 semanas. En Reino Unido el aborto se puede practicar hasta la 24 semana de gestaci\u00f3n, pero si hay peligro para la salud del feto o de la mujer se puede interrumpir el embarazo en cualquier momento. En Austria se puede abortar antes de que se cumplan las 16 semanas de gestaci\u00f3n y para las menores de 14 a\u00f1os el plazo es m\u00e1s flexible. En Dinamarca es posible abortar hasta el segundo trimestre. En Suecia hasta las 18 semanas, pero si hay problemas de salud en la mujer o en el feto se hace una evaluaci\u00f3n. En Portugal se puede abortar con consulta previa de psicolog\u00eda y asistentes sociales y pagando una tasa.<\/p>\n\n\n\n<p class=\"wp-block-paragraph\">En Espa\u00f1a la ley actual del aborto fue aprobada en 2010 y permite que las mujeres puedan interrumpir voluntariamente su embarazo en las primeras 14 semanas. Si hay una enfermedad puede hacerse a las 22 o 24 semanas, sobre todo si la mujer corre riesgo o si hay malformaciones en el feto. Las menores de 16 y 17 a\u00f1os necesitan el consentimiento de las madres, padres o tutores legales.<\/p>\n\n\n\n<p class=\"wp-block-paragraph\">Dentro de los pa\u00edses que cuentan con legislaciones que protegen el derecho al aborto, se producen cada vez con m\u00e1s frecuencia reacciones por parte de antiabortistas. En \u201cEl Jard\u00edn de los \u00c1ngeles\u201d, un cementerio situado en la ciudad de Roma, en noviembre de 2020, una mujer encontr\u00f3 una tumba con su nombre, donde se supone que se encontraban los restos del feto que tuvo que abortar por razones m\u00e9dicas, y que fue creada sin su conocimiento. Al igual que esta tumba muchas otras son creadas por las asociaciones cat\u00f3licas para los \u201cni\u00f1os no nacidos\u201d que las mujeres han abortado, seg\u00fan explica Elisa Ercoli, de la organizaci\u00f3n Diferenza Donna para la BBC.<\/p>\n\n\n\n<p class=\"wp-block-paragraph\">En Alemania, aunque es uno de los pa\u00edses en los que el aborto se encuentra legalizado, las mujeres que quieran interrumpir su embarazo tienen que superar diversos obst\u00e1culos. En primer lugar, deber\u00e1n asistir a una sesi\u00f3n de orientaci\u00f3n con el fin de \u201cproteger\u201d la vida del feto, hecho con el que se pretende, y en muchos casos se consigue, que la mujer se retire del proceso. Adem\u00e1s, es frecuente que, superado este tr\u00e1mite, no les resulte f\u00e1cil encontrar a un m\u00e9dico o m\u00e9dica que quiera practicarles un aborto. De hecho, las facultades de Medicina del pa\u00eds no incluyen esta pr\u00e1ctica en sus planes de estudio, algo que han venido denunciando asociaciones como Estudiantes por la Elecci\u00f3n.<\/p>\n\n\n\n<p class=\"wp-block-paragraph\">En Espa\u00f1a, a pesar de que la ley de plazos entr\u00f3 en vigor para todo el estado en 2010, las situaciones que enfrentan las mujeres que deciden abortar var\u00edan seg\u00fan la comunidad aut\u00f3noma en la que vivan, llegando a producirse situaciones tan contradictorias como la de La Rioja, donde no se pr\u00e1ctica el aborto ni en centros privados ni p\u00fablicos porque todo el personal m\u00e9dico se ha declarado \u201cobjetor de conciencia\u201d. Pikaramagazine realiz\u00f3 un documentado reportaje en el que explica los obst\u00e1culos -fallos administrativos, retrasos en los plazos, objeci\u00f3n de conciencia, falta de informaci\u00f3n- que afrontan las mujeres que quieren abortar en esta comunidad, que se ven obligadas a viajar a Zaragoza, Bilbao o Pamplona para interrumpir su embarazo.<\/p>\n\n\n\n<p class=\"wp-block-paragraph\">Tambi\u00e9n son frecuentes las campa\u00f1as de acoso por parte de grupos antiabortistas hacia profesionales y mujeres a las puertas de las cl\u00ednicas donde se practican las interrupciones de embarazos, en varias ciudades del territorio espa\u00f1ol.<\/p>\n\n\n\n<p class=\"wp-block-paragraph\">Polonia es el pa\u00eds europeo que m\u00e1s debate ha generado en estos \u00faltimos meses. El hecho de que el Tribunal Constitucional del pa\u00eds prohibiera el aborto incluso en el caso de malformaci\u00f3n del feto provoc\u00f3 una gran indignaci\u00f3n e hizo que se retrasara la publicaci\u00f3n oficial hasta el 30 de enero. El pa\u00eds europeo ha vivido una oleada de movilizaciones, miles de activistas han desafiado la prohibici\u00f3n de manifestarse ante el retroceso impuesto desde la tradici\u00f3n y el peso de la religi\u00f3n cat\u00f3lica en el pa\u00eds, unido a las pr\u00e1cticas liberales de un Gobierno conservador que pone en riesgo el r\u00e9gimen de derechos y libertades.<\/p>\n\n\n\n<p class=\"wp-block-paragraph\">Durante el confinamiento y a lo largo de la pandemia, el acceso a los derechos sexuales reproductivos, incluyendo el acceso a los anticonceptivos y al derecho a la interrupci\u00f3n voluntaria del embarazo, se ha visto afectado. En Alemania las mujeres pod\u00edan recibir la sesi\u00f3n de asesoramiento obligatorio a trav\u00e9s de v\u00eddeo, chat o tel\u00e9fono. En Espa\u00f1a, ante la posibilidad de evitar un desplazamiento para el asesoramiento, que tambi\u00e9n es obligatorio, el gobierno ha dejado la decisi\u00f3n en manos de los gobiernos auton\u00f3micos, que pod\u00edan optar por realizar el asesoramiento de forma telem\u00e1tica si lo consideraban conveniente, pero solo lo han aplicado Galicia y Catalu\u00f1a.<\/p>\n\n\n\n<p class=\"wp-block-paragraph\">En Reino Unido se ha cambiado alguno de los protocolos como dar atenci\u00f3n m\u00e9dica de forma telem\u00e1tica y el acceso al aborto en casa con f\u00e1rmacos. Irlanda ha modificado la forma de atenci\u00f3n a los abortos de menos de nueve semanas, priorizando la atenci\u00f3n de forma telem\u00e1tica, siendo presencial solo cuando sea estrictamente necesaria. En Italia y Austria las instituciones han apostado por el aborto farmacol\u00f3gico en el domicilio.<\/p>\n\n\n\n<p class=\"wp-block-paragraph\">La International Planned Parenthood Federation &#8211; European Network (IPPF-EN), que agrupa a m\u00e1s de 40 organizaciones que trabajan por los derechos sexuales y reproductivos en todo el mundo, ha pedido unas medidas expresas para dar seguridad a las mujeres y ni\u00f1as, como que el acceso al aborto sea considerado esencial, tambi\u00e9n poner a disposici\u00f3n de las mujeres consultas de salud de forma telem\u00e1tica y facilitar a m\u00e9dicos y m\u00e9dicas que receten a distancia los medicamentos para abortar en casa.<\/p>\n\n\n\n<p class=\"wp-block-paragraph\">Durante la crisis sanitaria la red europea de IPPF ha informado de las reducciones en los servicios de acceso al aborto seguro y tambi\u00e9n ha mostrado su preocupaci\u00f3n por la situaci\u00f3n de las mujeres en aquellos cinco pa\u00edses europeos en los que el aborto sigue prohibido en su totalidad. Las mujeres que quieren abortar en Liechtenstein, Malta, M\u00f3naco, San Marino o Andorra, deben irse a algunos de los pa\u00edses vecinos, pero con el cierre de fronteras por la pandemia ha sido imposible, por lo que muchas se ven obligadas a recurrir a m\u00e9todos ilegales e inseguros, poniendo su vida en peligro, adem\u00e1s de los riesgos legales a los que se pueden ver enfrentadas.<\/p>\n\n\n\n<p class=\"wp-block-paragraph\">Si abortar ya era un proceso dif\u00edcil, con la pandemia los obst\u00e1culos para acceder a este derecho han aumentado. Las organizaciones defienden que el derecho a la salud reproductiva, el acceso de los anticonceptivos y el derecho a la interrupci\u00f3n voluntaria del embarazo sean considerados derechos esenciales para que no se vean restringidos ni en situaciones tan excepcionales como la pandemia del covid-19, que ha llevado a la mayor\u00eda de los Gobiernos europeos a aprobar medidas de confinamiento y a priorizar su tratamiento en los hospitales.<\/p>\n","protected":false},"excerpt":{"rendered":"<p>La pandemia ha supuesto una merma en la salud sexual de las mujeres y ni\u00f1as<\/p>\n","protected":false},"author":3,"featured_media":33330,"comment_status":"open","ping_status":"open","sticky":false,"template":"","format":"standard","meta":{"_monsterinsights_skip_tracking":false,"footnotes":""},"categories":[692,53],"tags":[],"class_list":["post-33329","post","type-post","status-publish","format-standard","has-post-thumbnail","category-692","category-internacional"],"_links":{"self":[{"href":"https:\/\/redsemlac.com\/semmexico\/wp-json\/wp\/v2\/posts\/33329","targetHints":{"allow":["GET"]}}],"collection":[{"href":"https:\/\/redsemlac.com\/semmexico\/wp-json\/wp\/v2\/posts"}],"about":[{"href":"https:\/\/redsemlac.com\/semmexico\/wp-json\/wp\/v2\/types\/post"}],"author":[{"embeddable":true,"href":"https:\/\/redsemlac.com\/semmexico\/wp-json\/wp\/v2\/users\/3"}],"replies":[{"embeddable":true,"href":"https:\/\/redsemlac.com\/semmexico\/wp-json\/wp\/v2\/comments?post=33329"}],"version-history":[{"count":0,"href":"https:\/\/redsemlac.com\/semmexico\/wp-json\/wp\/v2\/posts\/33329\/revisions"}],"wp:featuredmedia":[{"embeddable":true,"href":"https:\/\/redsemlac.com\/semmexico\/wp-json\/wp\/v2\/media\/33330"}],"wp:attachment":[{"href":"https:\/\/redsemlac.com\/semmexico\/wp-json\/wp\/v2\/media?parent=33329"}],"wp:term":[{"taxonomy":"category","embeddable":true,"href":"https:\/\/redsemlac.com\/semmexico\/wp-json\/wp\/v2\/categories?post=33329"},{"taxonomy":"post_tag","embeddable":true,"href":"https:\/\/redsemlac.com\/semmexico\/wp-json\/wp\/v2\/tags?post=33329"}],"curies":[{"name":"wp","href":"https:\/\/api.w.org\/{rel}","templated":true}]}}