{"id":33327,"date":"2021-03-17T18:43:53","date_gmt":"2021-03-17T18:43:53","guid":{"rendered":"https:\/\/redsemlac.com\/semmexico\/?p=33327"},"modified":"2023-07-21T16:53:03","modified_gmt":"2023-07-21T21:53:03","slug":"desarrollo-sostenible-en-america-latina-y-el-caribe-hacia-2030","status":"publish","type":"post","link":"https:\/\/redsemlac.com\/semmexico\/desarrollo-sostenible-en-america-latina-y-el-caribe-hacia-2030\/","title":{"rendered":"Desarrollo Sostenible en Am\u00e9rica Latina y el Caribe hacia 2030"},"content":{"rendered":"\n<h2 class=\"wp-block-heading\">Mirada Violeta&nbsp;<\/h2>\n\n\n\n<p class=\"wp-block-paragraph\"><strong>Guadalupe Ramos Ponce\u00a0<\/strong><\/p>\n\n\n\n<p class=\"wp-block-paragraph\">SemM\u00e9xico. 17 de marzo de 2021.- En mayo de 2016, en el trig\u00e9simo sexto per\u00edodo de sesiones de la Comisi\u00f3n Econ\u00f3mica para Am\u00e9rica Latina y el Caribe (Cepal),se cre\u00f3 el Foro de los Pa\u00edses de Am\u00e9rica Latina y el Caribe sobre el Desarrollo Sostenible como mecanismo regional para la implementaci\u00f3n y seguimiento de la Agenda 2030 de los Objetivos de Desarrollo Sostenible (ODS), sus metas y sus medios de implementaci\u00f3n, as\u00ed como para la Agenda de Acci\u00f3n de Addis Abeba sobre el financiamiento para el desarrollo. El Consejo Econ\u00f3mico y Social (Ecosoc) respald\u00f3 posteriormente el establecimiento del Foro en agosto del 2016.<\/p>\n\n\n\n<p class=\"wp-block-paragraph\">El Foro de los Pa\u00edses de Am\u00e9rica Latina y el Caribe sobre Desarrollo Sostenible se convoca anualmente bajo los auspicios de la Cepal, iniciando en 2017.<\/p>\n\n\n\n<p class=\"wp-block-paragraph\">Este Foro es dirigido por los Estados de Am\u00e9rica Latina y el Caribe y abierto a los representantes de la sociedad civil, el sector acad\u00e9mico y el sector privado. Involucra tambi\u00e9n a los \u00f3rganos subsidiarios de la Cepal, bancos de desarrollo, otros organismos de las Naciones Unidas y bloques de integraci\u00f3n regional.<\/p>\n\n\n\n<p class=\"wp-block-paragraph\">El Foro proporciona oportunidades de aprendizaje entre pares, el intercambio de buenas pr\u00e1cticas y la discusi\u00f3n de metas comunes, y busca incentivar la cooperaci\u00f3n con organizaciones regionales y subregionales para orientar un proceso regional inclusivo hacia el desarrollo sostenible en Am\u00e9rica Latina y el Caribe.<\/p>\n\n\n\n<p class=\"wp-block-paragraph\">Este lunes comenz\u00f3 de manera virtual el Foro de los Pa\u00edses de Am\u00e9rica Latina y el Caribe sobre el Desarrollo Sostenible 2021 del Mecanismo de la Sociedad Civil para la Agenda 2030; ser\u00e1n tres d\u00edas de an\u00e1lisis y discusiones. Hasta ahora, algunas de las conclusiones del Foro y que recoge mi compa\u00f1era de Cladem, Emma Noriega, son los siguientes:<\/p>\n\n\n\n<p class=\"wp-block-paragraph\">Garantizar el avance y monitoreo de los ODS, indicadores y estad\u00edsticas confiables.<\/p>\n\n\n\n<p class=\"wp-block-paragraph\">Presupuestos p\u00fablicos con la transversalizaci\u00f3n de la perspectiva de g\u00e9nero.<\/p>\n\n\n\n<p class=\"wp-block-paragraph\">Garant\u00edas para el acceso a la justicia y reparaci\u00f3n del da\u00f1o integral, en especial para v\u00edctimas de violencia de g\u00e9nero y v\u00edctimas de violencia en temas relacionados con el medio ambiente.<\/p>\n\n\n\n<p class=\"wp-block-paragraph\">Reestructuraci\u00f3n de las deudas p\u00fablicas y de los sistemas de recaudaci\u00f3n fiscal.<\/p>\n\n\n\n<p class=\"wp-block-paragraph\">Priorizar la inclusi\u00f3n en todos los programas o planes gubernamentales a las mujeres v\u00edctimas de violencia de g\u00e9nero o v\u00edctimas indirectas.<\/p>\n\n\n\n<p class=\"wp-block-paragraph\">Garantizar la participaci\u00f3n de las comunidades y\/o pueblos originarios para la cogesti\u00f3n del territorio, la tierra y el ambiente.<\/p>\n\n\n\n<p class=\"wp-block-paragraph\">Respuestas urgentes ante la crisis ambiental, cumplimiento del acuerdo de Par\u00eds; as\u00ed como los dem\u00e1s acuerdos y convenciones aplicables a la regi\u00f3n.<\/p>\n\n\n\n<p class=\"wp-block-paragraph\">Garantizar la m\u00e1xima protecci\u00f3n a las personas defensoras de Derechos Humanos.<\/p>\n\n\n\n<p class=\"wp-block-paragraph\">Ingreso mensual universal para personas en situaci\u00f3n vulnerable.<\/p>\n\n\n\n<p class=\"wp-block-paragraph\">Para el efectivo cumplimiento de los ODS es necesario el compromiso de los Estados en la ejecuci\u00f3n de cada uno de los acuerdos del Foro. Esperamos que as\u00ed ocurra.<\/p>\n\n\n\n<p class=\"wp-block-paragraph\">@dralupitaramosp<\/p>\n\n\n\n<p class=\"wp-block-paragraph\"><a href=\"mailto:lupitaramosponce@gmail.com\" target=\"_blank\" rel=\"noreferrer noopener\">lupitaramosponce@gmail.com<\/a>&nbsp;<\/p>\n","protected":false},"excerpt":{"rendered":"<p>El Foro de los Pa\u00edses de Am\u00e9rica Latina y el Caribe sobre Desarrollo Sostenible se convoca anualmente bajo los auspicios de la Cepal, iniciando en 2017.<\/p>\n","protected":false},"author":3,"featured_media":8967,"comment_status":"open","ping_status":"open","sticky":false,"template":"","format":"standard","meta":{"_monsterinsights_skip_tracking":false,"footnotes":""},"categories":[692,91,35],"tags":[],"class_list":["post-33327","post","type-post","status-publish","format-standard","has-post-thumbnail","category-692","category-lupita-ramos-ponce","category-opinion"],"_links":{"self":[{"href":"https:\/\/redsemlac.com\/semmexico\/wp-json\/wp\/v2\/posts\/33327","targetHints":{"allow":["GET"]}}],"collection":[{"href":"https:\/\/redsemlac.com\/semmexico\/wp-json\/wp\/v2\/posts"}],"about":[{"href":"https:\/\/redsemlac.com\/semmexico\/wp-json\/wp\/v2\/types\/post"}],"author":[{"embeddable":true,"href":"https:\/\/redsemlac.com\/semmexico\/wp-json\/wp\/v2\/users\/3"}],"replies":[{"embeddable":true,"href":"https:\/\/redsemlac.com\/semmexico\/wp-json\/wp\/v2\/comments?post=33327"}],"version-history":[{"count":0,"href":"https:\/\/redsemlac.com\/semmexico\/wp-json\/wp\/v2\/posts\/33327\/revisions"}],"wp:featuredmedia":[{"embeddable":true,"href":"https:\/\/redsemlac.com\/semmexico\/wp-json\/wp\/v2\/media\/8967"}],"wp:attachment":[{"href":"https:\/\/redsemlac.com\/semmexico\/wp-json\/wp\/v2\/media?parent=33327"}],"wp:term":[{"taxonomy":"category","embeddable":true,"href":"https:\/\/redsemlac.com\/semmexico\/wp-json\/wp\/v2\/categories?post=33327"},{"taxonomy":"post_tag","embeddable":true,"href":"https:\/\/redsemlac.com\/semmexico\/wp-json\/wp\/v2\/tags?post=33327"}],"curies":[{"name":"wp","href":"https:\/\/api.w.org\/{rel}","templated":true}]}}