{"id":33295,"date":"2021-03-16T17:00:15","date_gmt":"2021-03-16T17:00:15","guid":{"rendered":"https:\/\/redsemlac.com\/semmexico\/?p=33295"},"modified":"2023-07-21T16:53:04","modified_gmt":"2023-07-21T21:53:04","slug":"senado-aprueba-reforma-a-favor-de-lenguaje-incluyente","status":"publish","type":"post","link":"https:\/\/redsemlac.com\/semmexico\/senado-aprueba-reforma-a-favor-de-lenguaje-incluyente\/","title":{"rendered":"Senado aprueba reforma a favor de lenguaje incluyente"},"content":{"rendered":"\n<p class=\"wp-block-paragraph\"><strong>Elda Montiel<\/strong><\/p>\n\n\n\n<p class=\"wp-block-paragraph\">SemM\u00e9xico. Cd. de M\u00e9xico. 16 de marzo 2021.- El pleno de la C\u00e1mara de Senadores aprob\u00f3 por unanimidad con 87 votos a favor, dos en contra y una abstenci\u00f3n, la reforma constitucional que sustituye el lenguaje jur\u00eddico sexista por un lenguaje incluyente.<\/p>\n\n\n\n<p class=\"wp-block-paragraph\">Las modificaciones legislativas eliminan las palabras \u201cvar\u00f3n y mujer\u201d de los art\u00edculos 30 y 34 de la Constituci\u00f3n y las sustituyen por el concepto de \u201cpersonas\u201d. &nbsp;<\/p>\n\n\n\n<p class=\"wp-block-paragraph\">Estas reformas fomentan la igualdad de g\u00e9nero al eliminar las frases de la Constituci\u00f3n que discriminan, muy sutilmente a las mujeres, consideraron las y los legisladores.&nbsp;<\/p>\n\n\n\n<p class=\"wp-block-paragraph\">Con estos cambios, se dispone que son mexicanos por naturalizaci\u00f3n las personas extranjeras que contraigan matrimonio con personas mexicanas, que tengan o establezcan su domicilio dentro del territorio nacional y cumplan con los dem\u00e1s requisitos que al efecto se\u00f1ale la ley.&nbsp;<\/p>\n\n\n\n<p class=\"wp-block-paragraph\">Son ciudadanas y ciudadanos de la Rep\u00fablica las personas que, teniendo la calidad de mexicanas, re\u00fanan, adem\u00e1s, los requisitos correspondientes.&nbsp;<\/p>\n\n\n\n<p class=\"wp-block-paragraph\">La legisladora priista Claudia Ruiz Massieu Salinas consider\u00f3 necesario actualizar los conceptos, a partir de los cuales, se interpretan la nacionalidad y la ciudadan\u00eda de las y los mexicanos. \u201cTenemos la enorme responsabilidad de vigilar que el texto constitucional sea consistente con las realidades vigentes, propias de una sociedad en constante evoluci\u00f3n\u201d. &nbsp;<\/p>\n\n\n\n<p class=\"wp-block-paragraph\">Mientras que la senadora morenista, Bertha Alicia Caraveo Camarena, expres\u00f3 que utilizar t\u00e9rminos como \u201cvar\u00f3n\u201d, deben ser eliminados de la Constituci\u00f3n, si es que se aspira a consolidar un Estado de derecho m\u00e1s justo, incluyente y democr\u00e1tico.&nbsp;<\/p>\n\n\n\n<p class=\"wp-block-paragraph\">El presidente de la Comisi\u00f3n de Puntos Constitucionales, Mart\u00ed Batres Guadarrama, dijo que el lenguaje anacr\u00f3nico y sexista debe ser sustituido, por uno acorde con la igualdad sustantiva entre mujeres y hombres, reconocido en las convenciones internacionales en la materia.&nbsp;<\/p>\n\n\n\n<p class=\"wp-block-paragraph\">Para el senador Mart\u00ed Batres Guadarrama, presidente de la Comisi\u00f3n de Puntos Constitucionales se pronunci\u00f3 a favor de usar un lenguaje que est\u00e9 acorde con la igualdad sustantiva entre hombres y mujeres reconocido en las convenciones internacionales.<\/p>\n\n\n\n<p class=\"wp-block-paragraph\">Precis\u00f3 que la redacci\u00f3n en la que se habla de los derechos de mujeres y hombres que utilizan los t\u00e9rminos de var\u00f3n y mujer, expresan una forma sutil de discriminaci\u00f3n por la connotaci\u00f3n que se le da al termino var\u00f3n como un hombre respetado, de buena fama, valiente y esforzado.<\/p>\n\n\n\n<p class=\"wp-block-paragraph\">El legislador panista, Jos\u00e9 Alfredo Botello Montes, consider\u00f3 que el cambio de t\u00e9rminos propuesto en el dictamen, tambi\u00e9n es discriminatorio para las mujeres, ya que parece que se busca desaparecer la palabra mujer del texto constitucional.&nbsp;<\/p>\n","protected":false},"excerpt":{"rendered":"<p>Las modificaciones legislativas eliminan las palabras \u201cvar\u00f3n y mujer\u201d de los art\u00edculos 30 y 34 de la Constituci\u00f3n y las sustituyen por el concepto de \u201cpersonas\u201d. <\/p>\n","protected":false},"author":3,"featured_media":33296,"comment_status":"open","ping_status":"open","sticky":false,"template":"","format":"standard","meta":{"_monsterinsights_skip_tracking":false,"footnotes":""},"categories":[692,50],"tags":[],"class_list":["post-33295","post","type-post","status-publish","format-standard","has-post-thumbnail","category-692","category-congreso"],"_links":{"self":[{"href":"https:\/\/redsemlac.com\/semmexico\/wp-json\/wp\/v2\/posts\/33295","targetHints":{"allow":["GET"]}}],"collection":[{"href":"https:\/\/redsemlac.com\/semmexico\/wp-json\/wp\/v2\/posts"}],"about":[{"href":"https:\/\/redsemlac.com\/semmexico\/wp-json\/wp\/v2\/types\/post"}],"author":[{"embeddable":true,"href":"https:\/\/redsemlac.com\/semmexico\/wp-json\/wp\/v2\/users\/3"}],"replies":[{"embeddable":true,"href":"https:\/\/redsemlac.com\/semmexico\/wp-json\/wp\/v2\/comments?post=33295"}],"version-history":[{"count":0,"href":"https:\/\/redsemlac.com\/semmexico\/wp-json\/wp\/v2\/posts\/33295\/revisions"}],"wp:featuredmedia":[{"embeddable":true,"href":"https:\/\/redsemlac.com\/semmexico\/wp-json\/wp\/v2\/media\/33296"}],"wp:attachment":[{"href":"https:\/\/redsemlac.com\/semmexico\/wp-json\/wp\/v2\/media?parent=33295"}],"wp:term":[{"taxonomy":"category","embeddable":true,"href":"https:\/\/redsemlac.com\/semmexico\/wp-json\/wp\/v2\/categories?post=33295"},{"taxonomy":"post_tag","embeddable":true,"href":"https:\/\/redsemlac.com\/semmexico\/wp-json\/wp\/v2\/tags?post=33295"}],"curies":[{"name":"wp","href":"https:\/\/api.w.org\/{rel}","templated":true}]}}