{"id":33293,"date":"2021-03-16T16:42:57","date_gmt":"2021-03-16T16:42:57","guid":{"rendered":"https:\/\/redsemlac.com\/semmexico\/?p=33293"},"modified":"2023-07-21T16:53:04","modified_gmt":"2023-07-21T21:53:04","slug":"padre-del-sospechosismo","status":"publish","type":"post","link":"https:\/\/redsemlac.com\/semmexico\/padre-del-sospechosismo\/","title":{"rendered":"Padre del sospechosismo"},"content":{"rendered":"\n<h2 class=\"wp-block-heading\"><strong>Entresemana<\/strong><\/h2>\n\n\n\n<p class=\"wp-block-paragraph\"><strong>Mois\u00e9s S\u00e1nchez Lim\u00f3n<\/strong><\/p>\n\n\n\n<p class=\"wp-block-paragraph\">SemM\u00e9xico. Cd. de M\u00e9xico. 16 de marzo 2021.- \u00a1Ay, Andr\u00e9s Manuel!, c\u00f3mo no tocar este tema con el que tropezaste hace 16 a\u00f1os y fuiste motivo para que Santiago Creel Miranda te endosara la paternidad de la cultura del sospechosismo.<\/p>\n\n\n\n<p class=\"wp-block-paragraph\">Y es que la palabra no exist\u00eda cuando en aquel 8 de septiembre de 2004, el entonces secretario de Gobernaci\u00f3n en el gabinete de Vicente Fox te la endos\u00f3 porque sospechabas de todo. Y sigues sospechando, en gerundio como los fantasmas, tus fantasmas que te andan persiguiendo.<\/p>\n\n\n\n<p class=\"wp-block-paragraph\">En esos d\u00edas de vino y rosas, andabas, mim\u00e9tico como eres Andr\u00e9s Manuel, en el s\u00edmil de tu amigazo y tocayo Manuel Camacho Sol\u00eds cuando aspiraba a la candidatura del PRI a la Presidencia de la Rep\u00fablica y sospechaba y desconfiaba de todo aquello que le cuestionaba y atacaba.<\/p>\n\n\n\n<p class=\"wp-block-paragraph\">\u00bfDe parte de qui\u00e9n?, preguntaba el, en esos d\u00edas del sexenio salinista, poderoso jefe del Departamento del Distrito Federal,<\/p>\n\n\n\n<p class=\"wp-block-paragraph\">\u00bfRecuerdas ese d\u00eda de septiembre de 2004? Santiago Creel pidi\u00f3 acabar con la cultura del sospechosismo y todo el mundo festej\u00f3 el detalle, condimento en el folclor de la pol\u00edtica mexicana.<\/p>\n\n\n\n<p class=\"wp-block-paragraph\">Y el padre del sospechosismo eras y eres t\u00fa, hoy inquilino de Palacio que arrastra las pesadas cadenas de los pecados pol\u00edticos ocultos bajo la alfombra.<\/p>\n\n\n\n<p class=\"wp-block-paragraph\">\u00bfDe qui\u00e9n sospechas que te pone peros en el \u00e1mbito judicial para evitar que prosperen barbaridades de cu\u00f1o voluntarista y acatadas por tu mayor\u00eda oficialista en el Congreso de la Uni\u00f3n? Sospechas de todos y a todos, como en botica, los calificas corruptos y enemigos tuyos que abrevan en los dineros del capital malsano que, en eso tienes raz\u00f3n, no tiene llenadera.<\/p>\n\n\n\n<p class=\"wp-block-paragraph\">\u00a1Caray!, licenciado presidente. Hoy que tienes el poder, no sigas dilapid\u00e1ndolo en las ma\u00f1aneras porque el p\u00falpito no es eterno; la v\u00eda legal, el recurso de revisi\u00f3n de un acuerdo jurisdiccional te instalar\u00eda m\u00e1s en la dizque convicci\u00f3n que tienes de la divisi\u00f3n de Poderes del sistema de gobierno mexicano.<\/p>\n\n\n\n<p class=\"wp-block-paragraph\">\u00bfPor qu\u00e9 no el Jur\u00eddico de Presidencia de la Rep\u00fablica se inconform\u00f3 por la suspensi\u00f3n provisional de amparo dictada por el juez Juan Pablo G\u00f3mez Fierro contra la Reforma de la Ley de la Industria El\u00e9ctrica?, se preguntar\u00eda un estudiante del primer semestre de la carrera de Derecho.<\/p>\n\n\n\n<p class=\"wp-block-paragraph\">\u00a1Sencillo!, porque el sabelotodo y due\u00f1o de la verdad y de la descalificaci\u00f3n eres t\u00fa, porque nadie m\u00e1s que t\u00fa para golpear desde un espacio envidiable en vivo y a todo color.<\/p>\n\n\n\n<p class=\"wp-block-paragraph\">Nadie m\u00e1s que t\u00fa para ofender al sentido com\u00fan y provocar la respuesta del ministro presidente de la Suprema Corte de Justicia de la Naci\u00f3n y del Consejo de la Judicatura Federal, Arturo Zald\u00edvar Lelo de Larrea, a quien vox populi considera tu aliado pero te respondi\u00f3 como procede en esos niveles de la impartici\u00f3n de justicia, a tu dizque respetuosa carta le\u00edda en la ma\u00f1anera del inicio de semana.<\/p>\n\n\n\n<p class=\"wp-block-paragraph\">\u201cDe manera respetuosa y en observancia al principio de separaci\u00f3n de poderes, le solicito que el Consejo que usted preside determine e informe si a la autoridad judicial mencionada (Juan Pablo G\u00f3mez Fierro, juez Segundo de Distrito en Materia Administrativa Especializado en Competencia Econ\u00f3mica, Radiodifusi\u00f3n y Telecomunicaciones) le correspond\u00eda o no aplicar de manera oficiosa la suspensi\u00f3n (provisional de amparo) a quienes no lo solicitaron y si es de su competencia o no resolver este caso\u201d, cita el segundo p\u00e1rrafo de la carta que enviaste al ministro Zald\u00edvar.<\/p>\n\n\n\n<p class=\"wp-block-paragraph\">Vaya, vaya. Licenciado L\u00f3pez Obrador, \u00a1caray!, por eso debiste asesorarte con la Consejer\u00eda Jur\u00eddica de la Presidencia de la Rep\u00fablica, para evitar que ministros, magistrados, jueces, pasantes y estudiantes de Derecho sonrieran maliciosamente o de plano se carcajearan de tu airada carta cuyo fondo es un berrinche, encabronado berrinche porque la Corte declar\u00f3 recientemente la inconstitucionalidad de la llamada Ley Nahle, que versaba en fundamentos esgrimidos en t\u00fa iniciativa preferente para reformar a la Ley de la Industria El\u00e9ctrica.<\/p>\n\n\n\n<p class=\"wp-block-paragraph\">\u00a1Se\u00f1or presidente!, pues no que usted se las sabe de todas, todas. Lo persiguen sus fantasmas y aquel sospechosismo que, como anillo al dedo te ajust\u00f3 el licenciado Creel Miranda, el secretario de Gobernaci\u00f3n foxista \u00a1tooodo palacio!<\/p>\n\n\n\n<p class=\"wp-block-paragraph\">\u00bfY qu\u00e9 te respondi\u00f3 el ministro presidente de la Suprema Corte de Justicia de la Naci\u00f3n? Un p\u00e1rrafo ilustrativo para que no me acuses de sacar de contexto. Leamos:<\/p>\n\n\n\n<p class=\"wp-block-paragraph\">\u201cComo usted sabe, es presupuesto de la democracia y del Estado de Derecho que juezas y jueces puedan actuar en un marco de autonom\u00eda e independencia. Corresponde al Consejo de la Judicatura Federal, velar porque puedan hacerlo con libertad y del mismo modo, es facultad de dicho \u00f3rgano vigilar que las personas juzgadoras se conduzcan con apego a la ley, con honestidad y total imparcialidad. Seguiremos cumpliendo con esta encomienda\u201d, te respondi\u00f3 el ministro Zald\u00edvar Leo de Larrea.<\/p>\n\n\n\n<p class=\"wp-block-paragraph\">Puntual recordatorio de la autonom\u00eda e independencia con la que deben proceder los impartidores de justicia. \u00bfHay jueces corruptos? Por supuesto, licenciado presidente; ni blancas palomas ni hermanas de la caridad en el Poder Judicial de la Federaci\u00f3n y en tribunales estatales. Es como la casa del jabonero: el que no cae resbala.<\/p>\n\n\n\n<p class=\"wp-block-paragraph\">Pero, resulta que hoy eres juez y parte, Andr\u00e9s Manuel. Sancionas desde el p\u00falpito, amenazas e injurias, descalificas y pones bajo sospecha a todo aquel que osa cuestionar tus actos, que te cr\u00edtica con fundamento y no te calumnia pero simple y llanamente no comulga contigo ni la mal llamada 4T.<\/p>\n\n\n\n<p class=\"wp-block-paragraph\">En el octavo p\u00e1rrafo de tu \u201crespetuosa\u201d carta al ministro Lelo de Larrea, deslizas lo que bien sabes hacer: la amenaza. Transcribo:<\/p>\n\n\n\n<p class=\"wp-block-paragraph\">\u201cLe expreso, para finalizar, que as\u00ed como respeto y respetar\u00e9 siempre la aplicaci\u00f3n del derecho de amparo y la independencia del Poder Judicial, ejercer\u00e9 tambi\u00e9n a plenitud mis facultades como presidente de la Rep\u00fablica y mis libertades como ciudadano y no callar\u00e9 ante el pillaje y la injusticia\u201d.<\/p>\n\n\n\n<p class=\"wp-block-paragraph\">O sea: sin juicio legal de por medio, al margen de la aplicaci\u00f3n de la ley y contra el debido proceso, a quienes citas en tu carta son pillos e injustos. \u00a1Caray!<\/p>\n\n\n\n<p class=\"wp-block-paragraph\">Hoy, se\u00f1orpresidente, demuestras que tus fantasmas no te abandonan y desconf\u00edas de tu entorno, por eso no dejas crecer a nadie en tu equipo, en el gabinetazo.<\/p>\n\n\n\n<p class=\"wp-block-paragraph\">Y es que, cuesti\u00f3n de sacudir el archivo, en aquel 8 de septiembre de 2004, Santiago Creel demand\u00f3 acabar con la cultura del sospechosismo y te exigi\u00f3 como jefe del Gobierno del entonces Distrito Federal que eras, medir con la misma vara y revelar cu\u00e1ntas veces te hab\u00edas reunido con el ministro presidente de la Suprema Corte de Justicia de la Naci\u00f3n, Mariano Azuela y G\u00fcitron, y otros ministros del m\u00e1ximo tribunal del pa\u00eds.<\/p>\n\n\n\n<p class=\"wp-block-paragraph\">\u00bfRecuerdas, Andr\u00e9s Manuel?<\/p>\n\n\n\n<p class=\"wp-block-paragraph\">\u201cS\u00ed los ha habido \u00bfCu\u00e1ntos han sido?, \u00bfqu\u00e9 temas se han tratado? \u00bfSi ha habido otros encuentros con ministros o ministras de la Corte, en qu\u00e9 t\u00e9rminos se han dado? \u00bfSi se han abordado o no los asuntos que han suscitado controversia?\u201d, te pregunt\u00f3 Santiago Creel p\u00fablicamente.<\/p>\n\n\n\n<p class=\"wp-block-paragraph\">Y es que, licenciado L\u00f3pez Obrador, Santiago tom\u00f3 como referencia tus cuestionamientos acerca de una reuni\u00f3n que, en el mes de abril de ese a\u00f1o, hab\u00edan tenido \u00e9l y el entonces presidente Fox con el ministro presidente Mariano Azuela, y el procurador General de la Rep\u00fablica, el general Rafal Macedo de la Concha.<\/p>\n\n\n\n<p class=\"wp-block-paragraph\">Acusaste que hab\u00edan tratado el tema de tu desafuero que se cocinaba en la C\u00e1mara de Diputados. Y bueno, tu sospechosismo deriv\u00f3 en que, tu entonces partido, el PRD realizara movilizaciones para presionar a Vicente Fox y obligarlo a retirar la solicitud de desafuero hecha por el general Macedo de la Concha, es decir, la PGR en contra tuya.<\/p>\n\n\n\n<p class=\"wp-block-paragraph\">Padre del sospechosismo, Andr\u00e9s Manuel. No preguntas de parte de qui\u00e9n porque eres el due\u00f1o del poder y desde el poder acusas y juzgas, insultas y descalificas. Bueno, bueno, el ministro en situaci\u00f3n de retiro, Jos\u00e9 Ram\u00f3n Coss\u00edo, a quien acusaste de haber guardado silencio c\u00f3mplice ante corruptelas, te respondi\u00f3 sin estridencias y consider\u00f3 muy desafortunado que utilices la tribuna para denostar a un juez en funciones, porque \u00e9ste emiti\u00f3 la suspensi\u00f3n de amparo de la reforma a la Ley de la Industria El\u00e9ctrica, en forma correcta.<\/p>\n\n\n\n<p class=\"wp-block-paragraph\">No cabe duda, que los fantasmas te atormentan y buscas paliar temores con actos propios de un reyezuelo investido dictador. \u00bfPor eso quieres mantener la mayor\u00eda en la C\u00e1mara de Diputados? \u00a1Caray!, no tienes llenadera. Digo.<\/p>\n\n\n\n<p class=\"wp-block-paragraph\"><strong>COMO ME LO PLATICARON DE L\u00cdA LIM\u00d3N.<\/strong> La exdiputada federal y ex integrante de la entonces Asamblea Legislativa del Distrito Federal, es la apuesta de los dirigentes del bloque opositor para competir ante el candidato de Morena, el actual diputado local y exdelegado Eduardo Santill\u00e1n. Mire usted, el caso es que la decisi\u00f3n est\u00e1 tomada y s\u00f3lo falta que se vote la propuesta en la Comisi\u00f3n Permanente del PAN porque do\u00f1a L\u00eda ir\u00e1 nominada por el albiazul en la candidatura com\u00fan. Va con el respaldo de todos. El tema se devel\u00f3 en redes sociales, cuando la propia L\u00eda agradeci\u00f3 a un tuit en el que la felicitan porque apoyar\u00e1 a \u00c1lvaro Obreg\u00f3n y desde la cuenta del presidente del PAN capitalino, Andr\u00e9s Atayde, le dieron \u201cMe gusta\u201d. Conste.<\/p>\n\n\n\n<p class=\"wp-block-paragraph\"><a href=\"mailto:sanchezlimon@gmail.com\">sanchezlimon@gmail.com<\/a><\/p>\n\n\n\n<p class=\"wp-block-paragraph\"><a href=\"http:\/\/www.entresemana.mx\">www.entresemana.mx<\/a><\/p>\n\n\n\n<p class=\"wp-block-paragraph\"><strong>@msanchezlimon @msanchezlimon1<\/strong><\/p>\n","protected":false},"excerpt":{"rendered":"<p>\u00a1Ay, Andr\u00e9s Manuel!, c\u00f3mo no tocar este tema con el que tropezaste hace 16 a\u00f1os y fuiste motivo para que Santiago Creel Miranda te endosara la paternidad de la cultura del sospechosismo.<\/p>\n","protected":false},"author":3,"featured_media":15805,"comment_status":"open","ping_status":"open","sticky":false,"template":"","format":"standard","meta":{"_monsterinsights_skip_tracking":false,"footnotes":""},"categories":[692,105,83,35],"tags":[],"class_list":["post-33293","post","type-post","status-publish","format-standard","has-post-thumbnail","category-692","category-entresemana","category-moises-sanchez-limon","category-opinion"],"_links":{"self":[{"href":"https:\/\/redsemlac.com\/semmexico\/wp-json\/wp\/v2\/posts\/33293","targetHints":{"allow":["GET"]}}],"collection":[{"href":"https:\/\/redsemlac.com\/semmexico\/wp-json\/wp\/v2\/posts"}],"about":[{"href":"https:\/\/redsemlac.com\/semmexico\/wp-json\/wp\/v2\/types\/post"}],"author":[{"embeddable":true,"href":"https:\/\/redsemlac.com\/semmexico\/wp-json\/wp\/v2\/users\/3"}],"replies":[{"embeddable":true,"href":"https:\/\/redsemlac.com\/semmexico\/wp-json\/wp\/v2\/comments?post=33293"}],"version-history":[{"count":0,"href":"https:\/\/redsemlac.com\/semmexico\/wp-json\/wp\/v2\/posts\/33293\/revisions"}],"wp:featuredmedia":[{"embeddable":true,"href":"https:\/\/redsemlac.com\/semmexico\/wp-json\/wp\/v2\/media\/15805"}],"wp:attachment":[{"href":"https:\/\/redsemlac.com\/semmexico\/wp-json\/wp\/v2\/media?parent=33293"}],"wp:term":[{"taxonomy":"category","embeddable":true,"href":"https:\/\/redsemlac.com\/semmexico\/wp-json\/wp\/v2\/categories?post=33293"},{"taxonomy":"post_tag","embeddable":true,"href":"https:\/\/redsemlac.com\/semmexico\/wp-json\/wp\/v2\/tags?post=33293"}],"curies":[{"name":"wp","href":"https:\/\/api.w.org\/{rel}","templated":true}]}}