{"id":33288,"date":"2021-03-16T16:37:46","date_gmt":"2021-03-16T16:37:46","guid":{"rendered":"https:\/\/redsemlac.com\/semmexico\/?p=33288"},"modified":"2023-07-21T16:53:04","modified_gmt":"2023-07-21T21:53:04","slug":"ruth-zavaleta-candidata-de-mc-visita-zona-sur-urbana-de-acapulco","status":"publish","type":"post","link":"https:\/\/redsemlac.com\/semmexico\/ruth-zavaleta-candidata-de-mc-visita-zona-sur-urbana-de-acapulco\/","title":{"rendered":"Ruth Zavaleta candidata de MC visita zona sur urbana de Acapulco"},"content":{"rendered":"\n<p class=\"wp-block-paragraph\"><strong>Por Agencia CEPROVYSA.COM<\/strong><\/p>\n\n\n\n<p class=\"wp-block-paragraph\">SemM\u00e9xico\/Ceprovysa. Chilpancingo, Guerrero. 16 de marzo 2021.- La candidata del Partido Movimiento Ciudadano, Ruth Zavaleta Salgado, realiz\u00f3 campa\u00f1a en la zona Sub Urbana y Rural de Acapulco.<\/p>\n\n\n\n<p class=\"wp-block-paragraph\">En su visita a La Postal y Tres Palos, Ruth Zavaleta dijo que buscar\u00e1 reactivar la econom\u00eda del Estado, generar\u00e1 fuentes de empleo y sacar de la pobreza y la desigualdad que vive el Estado \u201cdesde hace a\u00f1os\u201d, dijo.<\/p>\n\n\n\n<p class=\"wp-block-paragraph\">En su llamado a las mujeres, la candidata a la gubernatura de Guerrero, se comprometi\u00f3 impulsar leyes que protejan sus derechos.<\/p>\n\n\n\n<p class=\"wp-block-paragraph\">En su recorrido acompa\u00f1\u00f3 el registro ante el Consejo Distrital Electoral a Miriam Barrera y a Alejandro God\u00ednez, como Aspirantes a las Diputaciones Locales 06 y 05, respectivamente.<\/p>\n","protected":false},"excerpt":{"rendered":"<p>La candidata del Partido Movimiento Ciudadano, Ruth Zavaleta Salgado, realiz\u00f3 campa\u00f1a en la zona Sub Urbana y Rural de Acapulco.<\/p>\n","protected":false},"author":3,"featured_media":33289,"comment_status":"open","ping_status":"open","sticky":false,"template":"","format":"standard","meta":{"_monsterinsights_skip_tracking":false,"footnotes":""},"categories":[692,141],"tags":[],"class_list":["post-33288","post","type-post","status-publish","format-standard","has-post-thumbnail","category-692","category-elecciones-2020-2021"],"_links":{"self":[{"href":"https:\/\/redsemlac.com\/semmexico\/wp-json\/wp\/v2\/posts\/33288","targetHints":{"allow":["GET"]}}],"collection":[{"href":"https:\/\/redsemlac.com\/semmexico\/wp-json\/wp\/v2\/posts"}],"about":[{"href":"https:\/\/redsemlac.com\/semmexico\/wp-json\/wp\/v2\/types\/post"}],"author":[{"embeddable":true,"href":"https:\/\/redsemlac.com\/semmexico\/wp-json\/wp\/v2\/users\/3"}],"replies":[{"embeddable":true,"href":"https:\/\/redsemlac.com\/semmexico\/wp-json\/wp\/v2\/comments?post=33288"}],"version-history":[{"count":0,"href":"https:\/\/redsemlac.com\/semmexico\/wp-json\/wp\/v2\/posts\/33288\/revisions"}],"wp:featuredmedia":[{"embeddable":true,"href":"https:\/\/redsemlac.com\/semmexico\/wp-json\/wp\/v2\/media\/33289"}],"wp:attachment":[{"href":"https:\/\/redsemlac.com\/semmexico\/wp-json\/wp\/v2\/media?parent=33288"}],"wp:term":[{"taxonomy":"category","embeddable":true,"href":"https:\/\/redsemlac.com\/semmexico\/wp-json\/wp\/v2\/categories?post=33288"},{"taxonomy":"post_tag","embeddable":true,"href":"https:\/\/redsemlac.com\/semmexico\/wp-json\/wp\/v2\/tags?post=33288"}],"curies":[{"name":"wp","href":"https:\/\/api.w.org\/{rel}","templated":true}]}}