{"id":33242,"date":"2021-03-15T16:54:09","date_gmt":"2021-03-15T16:54:09","guid":{"rendered":"https:\/\/redsemlac.com\/semmexico\/?p=33242"},"modified":"2023-07-21T16:53:05","modified_gmt":"2023-07-21T21:53:05","slug":"seis-modelos-de-periodismo-en-mexico-cual-etica-quiere-el-presidente","status":"publish","type":"post","link":"https:\/\/redsemlac.com\/semmexico\/seis-modelos-de-periodismo-en-mexico-cual-etica-quiere-el-presidente\/","title":{"rendered":"Seis modelos de periodismo en M\u00e9xico \u00bfCu\u00e1l \u00e9tica quiere el presidente?"},"content":{"rendered":"\n<h2 class=\"wp-block-heading\"><strong>Miradas de reportero<\/strong><\/h2>\n\n\n\n<p class=\"wp-block-paragraph\"><strong>Por Rogelio Hern\u00e1ndez L\u00f3pez<\/strong><\/p>\n\n\n\n<p class=\"wp-block-paragraph\">SemM\u00e9xico. Cd. de M\u00e9xico. 15 de marzo 2021.- Muy, pero muy recomendable para que los lean con atenci\u00f3n periodistas, empresarios de los medios, estudiosos de la prensa y m\u00e1s especialmente el equipo de comunicaci\u00f3n social de la presidencia de la Rep\u00fablica esos seis ensayos que, sobre <em>Democracia, prensa y poder en M\u00e9xico<\/em> difunde el Centro de Investigaci\u00f3n y Docencia Econ\u00f3micas (CIDE).<\/p>\n\n\n\n<p class=\"wp-block-paragraph\">El presidente Andr\u00e9s Manuel L\u00f3pez Obrador etiqueta negativamente&#8211;un d\u00eda s\u00ed y otro tambi\u00e9n&#8211; a medios y periodistas que critican la gesti\u00f3n de su gobierno. En lo general tiene raz\u00f3n cuando acusa como faltos de \u00e9tica a los titulares imprecisos o dolosos, a los comentarios mentirosos o informaciones incompletas o sesgadas deliberadamente.<\/p>\n\n\n\n<p class=\"wp-block-paragraph\">Lo que no puede probarse es que todos los medios y periodistas que critican su administraci\u00f3n est\u00e9n coludidos con los opositores o sean conservadores porque no hay un solo modelo de periodismo en M\u00e9xico ni de \u00e9tica profesional. Coexisten por los menos cinco modelos del ejercicio, aseguran investigadores de cuatro universidades ese documento del CIDE.<\/p>\n\n\n\n<p class=\"wp-block-paragraph\"><strong>Dominaba el \u201cautoritario\u201d<\/strong><\/p>\n\n\n\n<p class=\"wp-block-paragraph\">Los seis ensayos son de tres profesores e investigadores del CIDE Mar\u00eda Grisel Salazar Rebolledo, Carlos Bravo Regidor (coordinador del \u00e1rea de Periodismo) y Andrew Paxman (Divisi\u00f3n de Historia en Aguascalientes); Maira Vaca de la Universidad Iberoamericana; Adri\u00e1n L\u00f3pez, director del diario Noroeste y profesor en el Tec de Monterrey (Instituto Tecnol\u00f3gico y de Estudios Superiores); tambi\u00e9n de Sallie Hughe, profesora-investigadora de la Escuela de Comunicaci\u00f3n de la Universidad de Miami. Sus textos fueron aceptados para su publicaci\u00f3n en un sola entrega el 10 de abril de 2019.<\/p>\n\n\n\n<p class=\"wp-block-paragraph\">La investigadora de la Universidad Iberoamericana Maira Vaca ubica que desde los a\u00f1os 90 \u201c<em>el proceso de democratizaci\u00f3n s\u00ed transform\u00f3 aceleradamente las salas de redacci\u00f3n\u201d<\/em> m\u00e1s la incorporaci\u00f3n de nuevos periodistas aportaron \u201c<em>valores\u201d<\/em> (determinaci\u00f3n compromiso, responsabilidad) <em>\u201cnuevas rutinas\u201d<\/em> (sustento, investigaci\u00f3n, diversidad, pluralidad) y se afincaron \u201c<em>otros modelos no autoritarios que se distanciaron del poder pol\u00edtico<\/em>\u201d.<\/p>\n\n\n\n<p class=\"wp-block-paragraph\">En los seis ensayos se coincide con la caracterizaci\u00f3n de tres modelos de periodismo muy claros y dos h\u00edbridos que coexisten en la transici\u00f3n democr\u00e1tica de M\u00e9xico. Los cinco modelos, este reportero los resume as\u00ed:<\/p>\n\n\n\n<p class=\"wp-block-paragraph\"><strong>El autoritario<\/strong>, de la conveniencia mutua de la mayor\u00eda de los medios con los reg\u00edmenes del PRI, que fue dominante hasta los a\u00f1os 90 y que a\u00fan persiste en algunos diarios como <em>El Universal<\/em> y en la mayor\u00eda de los estados de la Rep\u00fablica.<\/p>\n\n\n\n<p class=\"wp-block-paragraph\"><strong>El de Mercado<\/strong>. En el cu\u00e1l colocan a Televisa, TV Azteca, otras y algunos impresos.<\/p>\n\n\n\n<p class=\"wp-block-paragraph\"><strong>El c\u00edvico a la mexicana<\/strong>. A este le dedican amplias reflexiones y lo tipifican as\u00ed porque refleja la diversidad pol\u00edtica, la diversidad de voces y fuentes, con m\u00e1s autonom\u00eda editorial y formas de trabajo menos anquilosadas. El ejemplo mayor que ponen de este modelo es el diario <em>La Jornada.<\/em><\/p>\n\n\n\n<p class=\"wp-block-paragraph\">El investigador Adri\u00e1n L\u00f3pez asegura que en este modelo c\u00edvico es el m\u00e1s viable para el futuro del periodismo mexicano y por eso est\u00e1n all\u00ed medios digitales nativos como <em>Animal Pol\u00edtico, Sin Embargo, Aristegui Noticias<\/em>\u2026<\/p>\n\n\n\n<p class=\"wp-block-paragraph\">Por su parte Sallie Hughes, asegura que esa viabilidad la facilita la movilizaci\u00f3n ciudadana por asuntos pol\u00edticos. Pero tambi\u00e9n advierte que las nuevas pr\u00e1cticas de reportaje social, las cr\u00f3nicas y las historias de larga duraci\u00f3n en libros implican mayores riesgos para la seguridad de los autores.<\/p>\n\n\n\n<p class=\"wp-block-paragraph\"><strong>El c\u00edvico y de mercado<\/strong> (hibrido) donde identifican al grupo de <em>El Norte-Reforma<\/em>.<\/p>\n\n\n\n<p class=\"wp-block-paragraph\">Adri\u00e1n L\u00f3pez, el investigador que tambi\u00e9n rechaza que se hable de una sola prensa de provincia, ubica que en este modelo c\u00edvico y de mercado hay casos <em>\u201cadaptativos frente a la disrupci\u00f3n tecnol\u00f3gica, sobre todo medios tradicionales que han buscado en la diversificaci\u00f3n de sus modelos de negocio una alternativa para sortear la crisis sin dejar de hacer periodismo local: medios estatales y regionales que buscan adaptarse a la nueva realidad econ\u00f3mica y tecnol\u00f3gica como Vanguardia de Coahuila, El Imparcial de Sonora, Semanario Zeta en Baja California, El Diario de Yucat\u00e1n y Noroeste en Sinaloa\u201d.<\/em><\/p>\n\n\n\n<p class=\"wp-block-paragraph\"><strong>El autoritario-plural <\/strong>(hibrido). En donde a\u00fan no se define claramente su identidad por actuar con m\u00e9todos anteriores, pero aparenta pluralidad en sus opiniones como \u201cen una borrachera de columnismo\u201d. All\u00ed ubican a <em>Exc\u00e9lsior <\/em>y <em>El Heraldo<\/em>.<\/p>\n\n\n\n<p class=\"wp-block-paragraph\">Los ensayos pueden leerse en <a href=\"http:\/\/www.scielo.org.mx\/scielo.php?script=sci_abstract&amp;pid=S1665-20372019000200261&amp;lng=es&amp;nrm=iso\">http:\/\/www.scielo.org.mx\/scielo.php?script=sci_abstract&amp;pid=S1665-20372019000200261&amp;lng=es&amp;nrm=iso<\/a><\/p>\n\n\n\n<p class=\"wp-block-paragraph\">A esos modelos de comportamiento en el periodismo quiz\u00e1 pueda sumarse un sexto tipo de conducta frente a la informaci\u00f3n de inter\u00e9s social:<\/p>\n\n\n\n<p class=\"wp-block-paragraph\"><strong>El hervidero de comentaristas<\/strong> llamados blogueros, youtuberos y facebookeros que, una abstracta definici\u00f3n jur\u00eddica considera periodistas, aunque una gran parte trabaja sin m\u00e9todos de an\u00e1lisis, con escaso rigor para verificar la informaci\u00f3n, que utiliza contenidos ajenos sin permiso, que desprecia los principales criterios period\u00edsticos para excitar lo sensacional con lenguaje saturado de calificativos. En este segmento falta m\u00e1s \u00e9tica que en los modelos profesionales.<\/p>\n\n\n\n<p class=\"wp-block-paragraph\"><strong>Los d\u00e9ficit de \u00e9tica.<\/strong><\/p>\n\n\n\n<p class=\"wp-block-paragraph\">Maira Vaca tambi\u00e9n asegura que en las transiciones pol\u00edticas se registran d\u00e9ficit democr\u00e1ticos y de \u00e9tica tambi\u00e9n en los medios. Es que los necesarios valores deontol\u00f3gicos aun no terminan de instalarse y persisten muchas pautas y malas pr\u00e1cticas.<\/p>\n\n\n\n<p class=\"wp-block-paragraph\">En ese marco tiene raz\u00f3n el presidente L\u00f3pez Obrador al reclamar falta de \u00e9tica muy frecuentemente. Veamos:<\/p>\n\n\n\n<p class=\"wp-block-paragraph\">En julio de 2019, contrast\u00e9 comportamientos actuales en medios mexicanos con las malas pr\u00e1cticas que estudiaron expertos de la Asociaci\u00f3n de la Prensa Uruguaya (APU), el Centro de Archivos y Acceso a la Informaci\u00f3n P\u00fablica (CAinfo) y el Grupo Medios y Sociedad (GMS). Ellos identificaron los problemas \u00e9ticos en medios de prensa de 13 pa\u00edses de Am\u00e9rica.<\/p>\n\n\n\n<p class=\"wp-block-paragraph\">&nbsp;<strong><em>\u201cLa manipulaci\u00f3n que existe en la sala de redacci\u00f3n<\/em><\/strong><em> de los medios, en donde las noticias son \u00b4hechas a medida\u00b4 de ciertos anunciantes, gobernantes, pol\u00edticos, empresarios o a los intereses del due\u00f1o o director de ese medio de prensa.<\/em><\/p>\n\n\n\n<p class=\"wp-block-paragraph\"><strong><em>\u201cLa corrupci\u00f3n en la sala de redacci\u00f3n.<\/em><\/strong><em> Pagos ilegales a los periodistas o regalos que comprometen su labor, conflictos de intereses o uso indebido de influencia.<\/em><\/p>\n\n\n\n<p class=\"wp-block-paragraph\"><strong><em>&nbsp;\u201cComportamiento anti\u00e9tico<\/em><\/strong><em> en la investigaci\u00f3n, preparaci\u00f3n y redacci\u00f3n de las noticias. Atropello de la privacidad, mal manejo de las fuentes, plagio, uso de subterfugios y enga\u00f1os, edici\u00f3n distorsionada y manipulaci\u00f3n de fotos.<\/em><\/p>\n\n\n\n<p class=\"wp-block-paragraph\"><strong><em>Deficiencias ostensibles en la formaci\u00f3n profesional<\/em><\/strong><em>. Desconocimiento del lenguaje y de la ortograf\u00eda o desprecio de sus normas. Esto \u00faltimo es ostensible en los medios digitales no profesionales.<\/em><\/p>\n\n\n\n<p class=\"wp-block-paragraph\">Adem\u00e1s,<em> la <strong>editorializaci\u00f3n extrema sin sustento informativo<\/strong> <\/em>que detectaron en Am\u00e9rica Latina, se extendi\u00f3 como plaga en estos medios digitales de M\u00e9xico, que tambi\u00e9n comparten varios medios de prensa convencionales.<\/p>\n\n\n\n<p class=\"wp-block-paragraph\">Y el d\u00e9ficit era peor en los medios de estados de la Rep\u00fablica. \u00bfO es?<\/p>\n\n\n\n<p class=\"wp-block-paragraph\">Mar\u00eda Grisel Salazar Rebolledo, investigadora del Centro de Investigaci\u00f3n y Docencia Econ\u00f3mica (CIDE) hab\u00eda estudiado antes los <em>Mercados, audiencias y contenidos en la prensa estatal mexicana.<\/em><\/p>\n\n\n\n<p class=\"wp-block-paragraph\">Ella deriv\u00f3 que, con poqu\u00edsimas excepciones, en la mayor\u00eda de los impresos (incluidos sus sitios web) persist\u00eda un \u201c<em>patr\u00f3n de conducta militante y clientelar con el poder pol\u00edtico\u201d<\/em> incluidos los editados por corporativos que representan casi el 30 por ciento de los registrados.<\/p>\n\n\n\n<p class=\"wp-block-paragraph\">Dice ella:<\/p>\n\n\n\n<p class=\"wp-block-paragraph\"><em>\u201cEn general, pocos diarios estatales en M\u00e9xico ejercen las funciones de contrapeso\u2026 de un universo de 1217 titulares estudiados, (solo) 95 denuncian alg\u00fan mal funcionamiento del gobierno estatal, y s\u00f3lo nueve realizan alg\u00fan tipo de cr\u00edtica contra el gobernador.<\/em><\/p>\n\n\n\n<p class=\"wp-block-paragraph\"><em>\u201cEsto no levantar\u00eda suspicacias si los gobiernos estatales no estuvieran marcados por abusos de poder, endeudamientos sin control, pr\u00e1cticas de corrupci\u00f3n y opacidad financiera y hasta colusi\u00f3n con grupos delictivos, pero los contenidos de la prensa estatal no lo reflejan as\u00ed.<\/em><\/p>\n\n\n\n<p class=\"wp-block-paragraph\"><em>\u201cPero la cr\u00edtica como hecho excepcional tambi\u00e9n habla sobre las relaciones entre prensa y medios: ejercicios de autocensura, lograda a base de amenazas e intimidaciones, o simplemente de negociaciones convenientes o v\u00ednculos hist\u00f3ricos mantenidas durante a\u00f1os.\u201d<\/em><\/p>\n\n\n\n<p class=\"wp-block-paragraph\">No hay una sola prensa. No hay una sola \u00e9tica. Este medio ambiente tambi\u00e9n est\u00e1 en transici\u00f3n. S\u00ed hay muchos d\u00e9ficit y en demasiadas redes sociales los faltantes son oquedades.<\/p>\n\n\n\n<p class=\"wp-block-paragraph\">Entonces \u00bfQu\u00e9 propone el gobierno federal para impulsar la \u00e9tica en la prensa sin estigmatizar m\u00e1s y poner en riesgo integridades ni disminuir la libertad ganada ante los poderes pol\u00edticos, econ\u00f3micos y factuales?<\/p>\n\n\n\n<p class=\"wp-block-paragraph\">Frente a todo esto se insiste en que se requiere un nuevo pacto para alcanzar nuevas normas en el medio ambiente medi\u00e1tico para mejorar el r\u00e9gimen democr\u00e1tico que beneficie a la mayor\u00eda de la poblaci\u00f3n.<\/p>\n\n\n\n<p class=\"wp-block-paragraph\">Quiz\u00e1 el camino sea hacia una nueva ley de comunicaci\u00f3n social de car\u00e1cter general, radicalmente distinta a la actual que le d\u00e9 la rector\u00eda al Estado para regular el mercado, que instaure un sistema de medios p\u00fablicos con suficientes recursos y posibilidades de generar ingresos propios, una nueva ley que regule y transparente la publicidad oficial y que condicione esa subvenci\u00f3n para que todos los medios que la soliciten (incluidos los digitales), primero se autorregulen con c\u00f3digos de \u00e9tica y defensores de la informaci\u00f3n.<\/p>\n","protected":false},"excerpt":{"rendered":"<p>El presidente Andr\u00e9s Manuel L\u00f3pez Obrador etiqueta negativamente&#8211;un d\u00eda s\u00ed y otro tambi\u00e9n&#8211; a medios y periodistas que critican la gesti\u00f3n de su gobierno.<\/p>\n","protected":false},"author":3,"featured_media":8473,"comment_status":"open","ping_status":"open","sticky":false,"template":"","format":"standard","meta":{"_monsterinsights_skip_tracking":false,"footnotes":""},"categories":[692,106,35,85],"tags":[],"class_list":["post-33242","post","type-post","status-publish","format-standard","has-post-thumbnail","category-692","category-mirada-de-reportero","category-opinion","category-rogelio-hernandez-lopez"],"_links":{"self":[{"href":"https:\/\/redsemlac.com\/semmexico\/wp-json\/wp\/v2\/posts\/33242","targetHints":{"allow":["GET"]}}],"collection":[{"href":"https:\/\/redsemlac.com\/semmexico\/wp-json\/wp\/v2\/posts"}],"about":[{"href":"https:\/\/redsemlac.com\/semmexico\/wp-json\/wp\/v2\/types\/post"}],"author":[{"embeddable":true,"href":"https:\/\/redsemlac.com\/semmexico\/wp-json\/wp\/v2\/users\/3"}],"replies":[{"embeddable":true,"href":"https:\/\/redsemlac.com\/semmexico\/wp-json\/wp\/v2\/comments?post=33242"}],"version-history":[{"count":0,"href":"https:\/\/redsemlac.com\/semmexico\/wp-json\/wp\/v2\/posts\/33242\/revisions"}],"wp:featuredmedia":[{"embeddable":true,"href":"https:\/\/redsemlac.com\/semmexico\/wp-json\/wp\/v2\/media\/8473"}],"wp:attachment":[{"href":"https:\/\/redsemlac.com\/semmexico\/wp-json\/wp\/v2\/media?parent=33242"}],"wp:term":[{"taxonomy":"category","embeddable":true,"href":"https:\/\/redsemlac.com\/semmexico\/wp-json\/wp\/v2\/categories?post=33242"},{"taxonomy":"post_tag","embeddable":true,"href":"https:\/\/redsemlac.com\/semmexico\/wp-json\/wp\/v2\/tags?post=33242"}],"curies":[{"name":"wp","href":"https:\/\/api.w.org\/{rel}","templated":true}]}}