{"id":33233,"date":"2021-03-14T16:48:45","date_gmt":"2021-03-14T16:48:45","guid":{"rendered":"https:\/\/redsemlac.com\/semmexico\/?p=33233"},"modified":"2023-07-21T16:53:05","modified_gmt":"2023-07-21T21:53:05","slug":"las-mujeres-y-el-presidente-que-sigue","status":"publish","type":"post","link":"https:\/\/redsemlac.com\/semmexico\/las-mujeres-y-el-presidente-que-sigue\/","title":{"rendered":"Las mujeres y el Presidente, \u00bfqu\u00e9 sigue?"},"content":{"rendered":"\n<p class=\"wp-block-paragraph\"><strong>Por: Jorge Zepeda Patterson<\/strong><\/p>\n\n\n\n<p class=\"wp-block-paragraph\">SemM\u00e9xico\/Milenio. Cd. De M\u00e9xico 14 de marzo 2021.- Cuesta trabajo creer que alguien con el instinto pol\u00edtico que caracteriza al presidente Andr\u00e9s Manuel L\u00f3pez Obrador haya terminado envuelto en un encontronazo con el movimiento feminista en el que nada tiene que ganar y bastante que perder. Inexplicable digo, porque en realidad se meti\u00f3 al embrollo por su propia iniciativa. Y peor a\u00fan, todo indica que entre m\u00e1s esfuerzos hace para salir de \u00e9l, m\u00e1s descontento genera entre las muchas mujeres agraviadas.<\/p>\n\n\n\n<p class=\"wp-block-paragraph\">Este desencuentro era evitable en el papel, porque ni AMLO ni sus banderas son expl\u00edcitamente antifeministas. Y sin embargo, por alguna raz\u00f3n L\u00f3pez Obrador termin\u00f3 pagando la factura pol\u00edtica de la rabia de tantas mujeres que se sintieron desairadas. \u201c\u00bfPor qu\u00e9 al Z\u00f3calo? \u00bfPor qu\u00e9 no protestan frente a la Estela de Luz?\u201d, se pregunt\u00f3 perplejo el Presidente este mi\u00e9rcoles, sin entender que fueron sus declaraciones desde\u00f1osas desde hace un a\u00f1o sobre la convocatoria a \u201cUn d\u00eda sin mujeres\u201d; su \u00e9nfasis en aludir a provocadores y violentos al referirse al movimiento, y su insistencia en apoyar la candidatura de F\u00e9lix Salgado Macedonio al gobierno de Guerrero, un pol\u00edtico acusado de abusos y violaciones, lo que desencaden\u00f3 una irritaci\u00f3n que termin\u00f3 convirti\u00e9ndolo en destinatario de sus agravios.<\/p>\n\n\n\n<p class=\"wp-block-paragraph\">\u00bfEra evitable? En teor\u00eda s\u00ed, insisto, pero bien mirado parecer\u00eda una consecuencia l\u00f3gica de una concepci\u00f3n que lo conduce a esta confrontaci\u00f3n, por una parte, y por otra de la indiscriminada exposici\u00f3n por parte de AMLO de todo lo que se le atraviesa por la cabeza durante las ma\u00f1aneras (\u201cmi pecho no es bodega\u201d). Este mi\u00e9rcoles, L\u00f3pez Obrador ofreci\u00f3 una clave para comprender las razones del desencuentro, un atisbo a los pilares del mundo interior en el que \u00e9l habita y produce tales confrontaciones.<\/p>\n\n\n\n<p class=\"wp-block-paragraph\">En respuesta a una pregunta sobre la marcha de las mujeres, el Presidente dijo: \u201cdurante el periodo neoliberal, para que no se centrara la atenci\u00f3n en el saqueo, en la corrupci\u00f3n, en la desigualdad econ\u00f3mica y social, los potentados, los due\u00f1os del mundo permitieron y ve\u00edan hasta con buenos ojos, alentaban movimientos justos pero no centrales; o sea, puedes hablar del cambio clim\u00e1tico, puedes hablar de la defensa de los derechos humanos, pero no quieras cambiar al r\u00e9gimen\u201d.<\/p>\n\n\n\n<p class=\"wp-block-paragraph\">Abreviando, en el \u00e1nimo del mandatario las otras agendas (igualdad de las mujeres, derechos humanos, cambio clim\u00e1tico) pueden ser leg\u00edtimas, pero no son centrales. La \u00fanica batalla que verdaderamente importa es el cambio de r\u00e9gimen, es decir, una sociedad donde no haya pobreza ni corrupci\u00f3n.<\/p>\n\n\n\n<p class=\"wp-block-paragraph\">Por si hubiera alguna duda, a\u00f1adi\u00f3: \u201cSi se transforma una sociedad, si hay una transformaci\u00f3n pol\u00edtica, tiene que dejar de haber injusticias, para eso es la transformaci\u00f3n. Entonces, con una transformaci\u00f3n hay igualdad, hay libertad, hay justicia. Entonces, no buscaban la transformaci\u00f3n porque eso no les conven\u00eda, si acaso era un an\u00e1lisis nada m\u00e1s de la realidad, pero no transformar la realidad\u201d. Es decir, en palabras de AMLO, reivindicar la igualdad de la mujer es un aspecto de la realidad, pero en el fondo eso no la transforma. All\u00ed reside, en mi opini\u00f3n, la raz\u00f3n de fondo que lo lleva a mantener reservas sobre otras agendas que no sean la lucha contra la desigualdad econ\u00f3mica y social, y a la larga provoca desencuentros con las comunidades que bregan por banderas como los derechos humanos, el cambio clim\u00e1tico o la igualdad de g\u00e9nero.&nbsp;<\/p>\n\n\n\n<p class=\"wp-block-paragraph\">Puedo entender el profundo compromiso social del Presidente y su cruzada para hacer una diferencia frente al lacerante problema de la miseria. Muchos mexicanos, y no solo \u00e9l, tenemos un imperativo para mejorar la situaci\u00f3n de personas dejadas atr\u00e1s. Pero hay evidencias hist\u00f3ricas de que la sola b\u00fasqueda de la igualdad econ\u00f3mica, desprovista de otras aspiraciones igualmente centrales, no han dado resultado. La Uni\u00f3n Sovi\u00e9tica o Cuba, en otras circunstancias, experimentaron un cambio de r\u00e9gimen buscando una sociedad menos desigual, pero nunca resolvieron aspiraciones fundamentales como los derechos humanos, las libertades c\u00edvicas, la igualdad de g\u00e9nero, por no hablar del absoluto desinter\u00e9s con respecto al da\u00f1o al medio ambiente. No solo desairaron estas reivindicaciones, sino incluso las sacrificaron cuando consideraron que estorbaban o distra\u00edan recursos o tiempo del mandato prioritario.<\/p>\n\n\n\n<p class=\"wp-block-paragraph\">En temas como el Tren Maya y las cr\u00edticas ambientalistas, el movimiento de los desaparecidos o la agenda de las mujeres, me parece que L\u00f3pez Obrador acusa una impaciencia similar. No es tanto una falta de empat\u00eda o de sensibilidad frente a los derechos humanos o el cambio clim\u00e1tico, sino la sensaci\u00f3n de que, por importantes que sean, son distracciones ante la tarea impostergable de mejorar la vida de los pobres.<\/p>\n\n\n\n<p class=\"wp-block-paragraph\">Habr\u00eda que insistirle al Presidente que la lucha en favor de las v\u00edctimas de injusticia sea de g\u00e9nero, de raza o condici\u00f3n social es en el fondo la misma, obedecen por igual a un sistema descompuesto. Pero a diferencia de lo que \u00e9l cree, la desaparici\u00f3n de una de las causas no elimina a las otras. Sin respeto a los derechos humanos, sin equilibrio con la naturaleza o igualdad de g\u00e9nero, un mejor reparto econ\u00f3mico no elimina las otras miserias como el abuso a los d\u00e9biles, los desastres clim\u00e1ticos, la victimizaci\u00f3n cotidiana de la mujer.<\/p>\n\n\n\n<p class=\"wp-block-paragraph\">La confrontaci\u00f3n con el movimiento feminista probablemente baje de tono en la escena p\u00fablica, en la medida que otros temas de la agenda ocupen el espacio medi\u00e1tico. A reserva, claro, del esc\u00e1ndalo que representar\u00eda la confirmaci\u00f3n de la candidatura del repudiado Salgado Macedonio. Pero desgraciadamente queda una herida que no habr\u00e1 de cicatrizar el resto del sexenio, entre otras cosas, porque cada a\u00f1o, puntualmente el 8 de marzo, volver\u00e1 a abrirse.<\/p>\n\n\n\n<p class=\"wp-block-paragraph\">@jorgezepedap<\/p>\n","protected":false},"excerpt":{"rendered":"<p>Cuesta trabajo creer que alguien con el instinto pol\u00edtico que caracteriza al presidente Andr\u00e9s Manuel L\u00f3pez Obrador haya terminado envuelto en un encontronazo con el movimiento feminista<\/p>\n","protected":false},"author":3,"featured_media":33234,"comment_status":"open","ping_status":"open","sticky":false,"template":"","format":"standard","meta":{"_monsterinsights_skip_tracking":false,"footnotes":""},"categories":[692,110,35],"tags":[],"class_list":["post-33233","post","type-post","status-publish","format-standard","has-post-thumbnail","category-692","category-la-opinion-columnas","category-opinion"],"_links":{"self":[{"href":"https:\/\/redsemlac.com\/semmexico\/wp-json\/wp\/v2\/posts\/33233","targetHints":{"allow":["GET"]}}],"collection":[{"href":"https:\/\/redsemlac.com\/semmexico\/wp-json\/wp\/v2\/posts"}],"about":[{"href":"https:\/\/redsemlac.com\/semmexico\/wp-json\/wp\/v2\/types\/post"}],"author":[{"embeddable":true,"href":"https:\/\/redsemlac.com\/semmexico\/wp-json\/wp\/v2\/users\/3"}],"replies":[{"embeddable":true,"href":"https:\/\/redsemlac.com\/semmexico\/wp-json\/wp\/v2\/comments?post=33233"}],"version-history":[{"count":0,"href":"https:\/\/redsemlac.com\/semmexico\/wp-json\/wp\/v2\/posts\/33233\/revisions"}],"wp:featuredmedia":[{"embeddable":true,"href":"https:\/\/redsemlac.com\/semmexico\/wp-json\/wp\/v2\/media\/33234"}],"wp:attachment":[{"href":"https:\/\/redsemlac.com\/semmexico\/wp-json\/wp\/v2\/media?parent=33233"}],"wp:term":[{"taxonomy":"category","embeddable":true,"href":"https:\/\/redsemlac.com\/semmexico\/wp-json\/wp\/v2\/categories?post=33233"},{"taxonomy":"post_tag","embeddable":true,"href":"https:\/\/redsemlac.com\/semmexico\/wp-json\/wp\/v2\/tags?post=33233"}],"curies":[{"name":"wp","href":"https:\/\/api.w.org\/{rel}","templated":true}]}}