{"id":33230,"date":"2021-03-13T21:00:24","date_gmt":"2021-03-13T21:00:24","guid":{"rendered":"https:\/\/redsemlac.com\/semmexico\/?p=33230"},"modified":"2023-07-21T16:53:05","modified_gmt":"2023-07-21T21:53:05","slug":"teeo-se-dice-incompetente-en-denuncia-contra-diputado","status":"publish","type":"post","link":"https:\/\/redsemlac.com\/semmexico\/teeo-se-dice-incompetente-en-denuncia-contra-diputado\/","title":{"rendered":"TEEO se dice incompetente en denuncia contra diputado"},"content":{"rendered":"\n<p class=\"wp-block-paragraph\">\u2022<strong> Har\u00e9 p\u00fablicas las deficiencias y errores, dice v\u00edctima<br>\u2022 Acredit\u00f3 violencia pol\u00edtica en raz\u00f3n de g\u00e9nero ejercida por mun\u00edcipe de Taniche<\/strong><\/p>\n\n\n\n<p class=\"wp-block-paragraph\"><strong>Redacci\u00f3n<\/strong><br>SemM\u00e9xico, Oaxaca, 13 de marzo, 2021.- El Tribunal Electoral del Estado de Oaxaca (TEEO) se declar\u00f3 incompetente para resolver la denuncia sobre violencia pol\u00edtica en raz\u00f3n de g\u00e9nero, dejando subsistentes las medidas cautelares emitidas por el Instituto Estatal Electoral y de Participaci\u00f3n Ciudadana de Oaxaca (IEEPCO), inform\u00f3 Reyna Miguel Santill\u00e1n, integrante del Comit\u00e9 de Participaci\u00f3n Ciudadana de Oaxaca, quien denunci\u00f3 a un diputado local del PT y otras personas por \u201cacciones intimidatorias\u201d.<\/p>\n\n\n\n<p class=\"wp-block-paragraph\">Explic\u00f3 que desde el 22 de febrero fue turnada al \u00f3rgano electoral la denuncia por violencia pol\u00edtica en raz\u00f3n de g\u00e9nero y discriminaci\u00f3n como mujer ind\u00edgena zapoteca en el desempe\u00f1o de mis funciones como integrante del Comit\u00e9 de Participaci\u00f3n Ciudadana del Sistema Estatal de Combate a la Corrupci\u00f3n (CPC-Oaxaca).<\/p>\n\n\n\n<p class=\"wp-block-paragraph\">Esto luego de acreditar los elementos que configuran y demuestran la existencia de violencia pol\u00edtica en raz\u00f3n de g\u00e9nero en la que se\u00f1al\u00e9 como responsables: al Diputado local Enrique C\u00e9sar Morales Ni\u00f1o; al Presidente del CPC-Oaxaca, Francisco Pablo Mungu\u00eda Gayt\u00e1n y al Secretario T\u00e9cnico del Sistema Estatal de Combate a la Corrupci\u00f3n, Eugenio Alberto Garc\u00eda Hern\u00e1ndez.<\/p>\n\n\n\n<p class=\"wp-block-paragraph\">\u201cLos denunci\u00e9 por realizar acciones intimidatorias y omisiones para que me separara de mi cargo ciudadano, emprender una campa\u00f1a medi\u00e1tica en mi contra, as\u00ed como obstaculizar e invisibilizar mis funciones en el organismo, la retenci\u00f3n de pagos, entre otros agravios que se detallaron y fueron probados en la queja\u201d.<\/p>\n\n\n\n<p class=\"wp-block-paragraph\">De acuerdo a la Ley de Instituciones y Procedimientos Electorales del Estado de Oaxaca (LIPEEO), el tribunal local ten\u00eda 72 horas para emitir la resoluci\u00f3n que se dio 14 d\u00edas despu\u00e9s del t\u00e9rmino, se esperaba que por la dilaci\u00f3n hubiera hecho un estudio a fondo de mi planteamiento, no una simple declaraci\u00f3n de incompetencia que bien lo debi\u00f3 haber realizado dentro de los tres d\u00edas que marca la ley, vulnerando mi derecho de acceso a la justicia pronta y expedita.<\/p>\n\n\n\n<p class=\"wp-block-paragraph\">En pr\u00f3ximos d\u00edas presentar\u00e9 mi Juicio para la Protecci\u00f3n de los Derechos pol\u00edtico-electorales del Ciudadano (JDC) solicitando que la Sala Superior del Tribunal Electoral del Poder Judicial de la Federaci\u00f3n (TEPJF), acepte la jurisdicci\u00f3n para conocer de mi caso, dada su trascendencia para proteger el derecho de todas las mujeres que integran los sistemas anticorrupci\u00f3n, se\u00f1al\u00f3 Miguel Santill\u00e1n en un comunidado.<\/p>\n\n\n\n<p class=\"wp-block-paragraph\">\u201cHar\u00e9 p\u00fablicas las deficiencias, los errores y los desaciertos de la resoluci\u00f3n del TEEO, porque denunci\u00e9 violaciones a mi derecho pol\u00edtico en el ejercicio de un cargo p\u00fablico por designaci\u00f3n mediante selecci\u00f3n en concurso abierto, y no por el ejercicio de un cargo de elecci\u00f3n popular; en mis escritos de queja y alegatos establec\u00ed cap\u00edtulos en donde argument\u00e9 la naturaleza del derecho pol\u00edtico de participaci\u00f3n directa en las funciones del estado, cuesti\u00f3n que no contest\u00f3 el tribunal, pues se limit\u00f3 a realizar un estudio de legalidad cuando la naturaleza del \u00f3rgano es de constitucionalidad en el estado en materia electoral\u201d.<\/p>\n\n\n\n<h2 class=\"wp-block-heading\">Violencia pol\u00edtica en raz\u00f3n de g\u00e9nero<\/h2>\n\n\n\n<p class=\"wp-block-paragraph\">En sesi\u00f3n de resoluci\u00f3n presencial, realizada a puerta cerrada, el Pleno del TEEO acredit\u00f3 la violencia pol\u00edtica en raz\u00f3n de g\u00e9nero ejercida por el Presidente Municipal de Taniche, Ariel Osbaldo Ramos Gonz\u00e1lez, en contra de la Regidora de Hacienda de ese Ayuntamiento, Alejandra Jaqueline Barrag\u00e1n Corres.<\/p>\n\n\n\n<p class=\"wp-block-paragraph\">En la sentencia del Procedimiento Especial Sancionador con clave PES\/29\/2021, la Magistrada y Magistrados acordaron dar vista al Congreso del Estado, para que inicie contra el denunciado el procedimiento de revocaci\u00f3n de mandato; y, una vez que esta resoluci\u00f3n quede firme, se remita copia certificada al Consejo General del Instituto Estatal Electoral y de Participaci\u00f3n Ciudadana de Oaxaca (IEEPCO) y al Instituto Nacional Electoral (INE), para su incorporaci\u00f3n en el Registro Nacional de Personas Sancionadas en Materia de Violencia Pol\u00edtica contra las Mujeres en Raz\u00f3n de G\u00e9nero.<\/p>\n\n\n\n<p class=\"wp-block-paragraph\">La Regidora de Hacienda denunci\u00f3 que fue v\u00edctima del menosprecio, malos tratos, insultos, agresiones verbales con palabras denigrantes; por parte del Presidente Municipal; adem\u00e1s, no fue convocada a sesiones de Cabildo, a las de la Comisi\u00f3n de Hacienda, y le suspendieron el pago dietas.<\/p>\n\n\n\n<p class=\"wp-block-paragraph\">SEM\/sj<\/p>\n","protected":false},"excerpt":{"rendered":"<p>Acredit\u00f3 violencia pol\u00edtica en raz\u00f3n de g\u00e9nero ejercida por mun\u00edcipe de Taniche<\/p>\n","protected":false},"author":3,"featured_media":33231,"comment_status":"open","ping_status":"open","sticky":false,"template":"","format":"standard","meta":{"_monsterinsights_skip_tracking":false,"footnotes":""},"categories":[692,141],"tags":[],"class_list":["post-33230","post","type-post","status-publish","format-standard","has-post-thumbnail","category-692","category-elecciones-2020-2021"],"_links":{"self":[{"href":"https:\/\/redsemlac.com\/semmexico\/wp-json\/wp\/v2\/posts\/33230","targetHints":{"allow":["GET"]}}],"collection":[{"href":"https:\/\/redsemlac.com\/semmexico\/wp-json\/wp\/v2\/posts"}],"about":[{"href":"https:\/\/redsemlac.com\/semmexico\/wp-json\/wp\/v2\/types\/post"}],"author":[{"embeddable":true,"href":"https:\/\/redsemlac.com\/semmexico\/wp-json\/wp\/v2\/users\/3"}],"replies":[{"embeddable":true,"href":"https:\/\/redsemlac.com\/semmexico\/wp-json\/wp\/v2\/comments?post=33230"}],"version-history":[{"count":0,"href":"https:\/\/redsemlac.com\/semmexico\/wp-json\/wp\/v2\/posts\/33230\/revisions"}],"wp:featuredmedia":[{"embeddable":true,"href":"https:\/\/redsemlac.com\/semmexico\/wp-json\/wp\/v2\/media\/33231"}],"wp:attachment":[{"href":"https:\/\/redsemlac.com\/semmexico\/wp-json\/wp\/v2\/media?parent=33230"}],"wp:term":[{"taxonomy":"category","embeddable":true,"href":"https:\/\/redsemlac.com\/semmexico\/wp-json\/wp\/v2\/categories?post=33230"},{"taxonomy":"post_tag","embeddable":true,"href":"https:\/\/redsemlac.com\/semmexico\/wp-json\/wp\/v2\/tags?post=33230"}],"curies":[{"name":"wp","href":"https:\/\/api.w.org\/{rel}","templated":true}]}}